{"id":202,"date":"2021-02-08T12:12:16","date_gmt":"2021-02-08T15:12:16","guid":{"rendered":"https:\/\/patriaproductiva.net\/blog\/?p=202"},"modified":"2021-02-08T12:12:21","modified_gmt":"2021-02-08T15:12:21","slug":"las-dicotomias-que-no-sirven-y-la-construccion-politica-que-necesitamos","status":"publish","type":"post","link":"https:\/\/patriaproductiva.net\/blog\/las-dicotomias-que-no-sirven-y-la-construccion-politica-que-necesitamos\/","title":{"rendered":"Las dicotom\u00edas que no sirven y la construcci\u00f3n pol\u00edtica que necesitamos"},"content":{"rendered":"\n<p class=\"wp-block-paragraph\">Por Jos\u00e9 Mar\u00eda Fumagalli<\/p>\n\n\n\n<div class=\"wp-block-image\"><figure class=\"aligncenter size-large is-resized\"><img fetchpriority=\"high\" decoding=\"async\" src=\"https:\/\/patriaproductiva.net\/blog\/wp-content\/uploads\/2021\/02\/Crazy-House-Capers-Creative-Commons-557x371-1.jpg\" alt=\"\" class=\"wp-image-207\" width=\"389\" height=\"257\"\/><figcaption>Imagen tomada del portal centlat.org<\/figcaption><\/figure><\/div>\n\n\n\n<p class=\"wp-block-paragraph\">A un a\u00f1o y dos meses de iniciado nuestro gobierno y a casi un a\u00f1o del primer caso de COVID-19 detectado en nuestro pa\u00eds arrecian las cr\u00edticas opositoras y los debates internos en el Frente de Todos.<\/p>\n\n\n\n<p class=\"wp-block-paragraph\">No me voy a detener en el an\u00e1lisis de las cr\u00edticas opositoras. Algunas pocas leg\u00edtimas de su rol, como los reclamos ante idas y vueltas en algunas decisiones gubernamentales y los errores no forzados de comunicaci\u00f3n. La gran mayor\u00eda ileg\u00edtimas, dirigidas exclusivamente a socavar e intentar poner fin a un gobierno elegido democr\u00e1ticamente, inclusive mediante operaciones al borde de la legalidad en tanto atentan contra la salud p\u00fablica<a href=\"#_ftn1\"><strong>[2]<\/strong><\/a>, sembrando dudas sobre la efectividad de las medidas sanitarias adoptadas sobre bases cient\u00edficas y sobre la efectividad de las vacunas y los planes de vacunaci\u00f3n que encara nuestro gobierno.<\/p>\n\n\n\n<p class=\"wp-block-paragraph\">Por el contrario quiero detenerme a reflexionar y a propiciar un intercambio constructivo sobre algunas dicotom\u00edas que parecen impregnar los conflictos que vienen creciendo al interior del Frente de Todos y los debates que estos suscitan.<br><strong><br>Lo constructivo y lo destructivo<\/strong><br>Parto de la base de que nuestro gobierno est\u00e1 constituido a partir del triunfo electoral de un frente en el que confluyen diferentes fuerzas pol\u00edticas, cada una con su visi\u00f3n, sus matices ideol\u00f3gicos y sus prioridades, donde adem\u00e1s el PJ pricipal partido integrante del FdT es a su vez parte del movimiento peronista en que tambi\u00e9n confluyen las ramas sindical, de la juventud y la femenina.&nbsp; Tambi\u00e9n parto de la certeza sobre la necesidad imprescindible de mantener la unidad de acci\u00f3n del FdT \u00fanica forma de asegurar el \u00e9xito de nuestro gobierno y de los que deseamos que lo sucedan.<\/p>\n\n\n\n<p class=\"wp-block-paragraph\">Entiendo tambi\u00e9n que entre compa\u00f1eros no hay intensiones de atacar o desgastar a nuestro gobierno, sino cr\u00edticas ante algunas debilidades y medidas que esos compa\u00f1eros, muchos de ellos con un comprobado ejercicio de la militancia, no creen convenientes o acertadas.<\/p>\n\n\n\n<p class=\"wp-block-paragraph\">En ese marco es natural que existan conflictos pero no que existan antagonismos<a href=\"#_ftn2\"><strong>[3]<\/strong><\/a>, que s\u00f3lo servir\u00edan para debilitar e incluso para dividir al FdT, haciendo el juego a nuestros adversarios. El antagonismo es lo destructivo y el l\u00edmite que no debemos traspasar en nuestros debates.<\/p>\n\n\n\n<p class=\"wp-block-paragraph\">Lo constructivo es encontrar formas de debate cuyas conclusiones puedan ser consensuadas y que sirvan de base para construir acuerdos para una acci\u00f3n pol\u00edtica en com\u00fan que favorezca el cumplimiento de los objetivos centrales de nuestro gobierno: reactivar la econom\u00eda, generar empleo, redistribuir los ingresos y reducir la pobreza.<\/p>\n\n\n\n<p class=\"wp-block-paragraph\">Siguiendo a Jorge Alem\u00e1n, los conflictos y las cr\u00edticas que estos generan deber\u00edan tener un espacio, una metodolog\u00eda y un momento propicio para construir las mediaciones imprescindibles para establecer los acuerdos que mencion\u00e9 m\u00e1s arriba. Con esa misma finalidad las cr\u00edticas no deben limitarse a la mera enunciaci\u00f3n de posturas personales, sectoriales o partidarias, sino que tambi\u00e9n requieren del acompa\u00f1amiento de propuestas destinadas a superar las limitaciones que se se\u00f1alan; propuestas que deber\u00edan ser analizadas con la cabeza fr\u00eda en funci\u00f3n de su viabilidad y del balance del poder que requiere su implementaci\u00f3n. Por \u00faltimo el manejo de las cr\u00edticas debe incluir a todos los niveles de la militancia persiguiendo la construcci\u00f3n de un mayor compromiso colectivo ante los desaf\u00edos que enfrenta nuestro gobierno. Que no son pocos.<\/p>\n\n\n\n<p class=\"wp-block-paragraph\"><strong>Lo deseable vs lo posible<\/strong><br>El deseo es lo que nos mueve y lo posible lo que nos limita.<\/p>\n\n\n\n<p class=\"wp-block-paragraph\">Como militantes pol\u00edticos deber\u00edamos ser capaces de equilibrar esas dos tensiones, sin renunciar a la audacia que requiere imaginar nuestras mejores utop\u00edas ni al realismo que nos permite avanzar en modo efectivo hacia la concreci\u00f3n de nuestros objetivos.<\/p>\n\n\n\n<p class=\"wp-block-paragraph\">Alcanzar esos equilibrios no es f\u00e1cil. Buena parte de las cr\u00edticas y los debates que estamos viviendo al interior del FdT giran sobre cu\u00e1l es el punto de equilibrio entre esas dos tensiones.<\/p>\n\n\n\n<p class=\"wp-block-paragraph\">Lo vemos en los conflictos entre las posiciones generadas a partir del proyecto de las granjas de cerdos chinas: 35 mega granjas de 10.000 madres versus 3.500 granjas de 100 madres. Una enorme y completamente falsa dicotom\u00eda, toda vez que necesitamos de los grandes inversores para concretar la primera opci\u00f3n para poder aliviar nuestra recurrente escasez de divisas, a la vez que es pol\u00edticamente deseable y nada nos impide dise\u00f1ar en simult\u00e1neo pol\u00edticas de apoyo a peque\u00f1os y medianos productores para que lleven adelante la segunda opci\u00f3n.<\/p>\n\n\n\n<p class=\"wp-block-paragraph\">Tambi\u00e9n lo vemos en los debates sobre la agricultura familiar y las producciones artesanales versus la agricultura intensiva y la industrializaci\u00f3n de escala internacionalmente competitiva<a href=\"#_ftn3\"><strong>[4]<\/strong><\/a>. Las primeras pol\u00edticamente muy deseables, las segundas m\u00e1s que necesarias, imprescindibles. Nuevamente una falsa dicotom\u00eda, nada impide propiciar el desarrollo de la agricultura familiar y las producciones artesanales, mientras en simult\u00e1neo se negocian condiciones para el desarrollo de las segundas en un modo acorde con los intereses y las necesidades nacionales. &nbsp;&nbsp;&nbsp;&nbsp;<\/p>\n\n\n\n<p class=\"wp-block-paragraph\">Algo parecido parece estar ocurriendo con otros conflictos, como los que se vienen planteando entre la salida al mar mediante la construcci\u00f3n del nuevo canal Magdalena y la mejora del existente canal Emilio Mitre.<br><strong><br>Desarrollismo vs Ambientalismo<\/strong><br>La del t\u00edtulo es otra falsa antinomia que se viene observando en muchas de las posturas y los intercambios que se verifican en los conflictos que nos ocupan.<\/p>\n\n\n\n<p class=\"wp-block-paragraph\">Aplican especialmente a los temas que hacen al tema del desarrollo productivo y a los proyectos de inversi\u00f3n que se vienen considerando con esa finalidad. Desde las granjas chinas; las represas N\u00e9stor Kirchner (antes C\u00f3ndor Cliff) y Jorge Cepernik (antes Barrancosa) sobre el r\u00edo Santa Cruz; la megaminer\u00eda; la producci\u00f3n de hidrocarburos, en especial mediante el fracking; la explotaci\u00f3n pesquera; la producci\u00f3n agropecuaria y forestal y cualquier otro tema relativo a la producci\u00f3n.<\/p>\n\n\n\n<p class=\"wp-block-paragraph\">Se trata de no utilizar estas contradicciones para fundamentar posturas en favor o en contra de distintas alternativas o proyectos de inversi\u00f3n. Por el contrario se trata de encontrar el necesario equilibrio entre el menor impacto ambiental que sea posible en las distintas actividades y proyectos productivos, que todos tienen en mayor o menor grado, y el impacto ambiental oculto, pero de gran e insospechada dimensi\u00f3n, que genera el subdesarrollo y que multiplican la pobreza y la indigencia.<br><strong><br>La construcci\u00f3n pol\u00edtica que necesitamos<\/strong><br>En primer termino esa construcci\u00f3n requiere de la predisposici\u00f3n y varios compromisos as\u00ed como de instancias y reglas adoptadas de com\u00fan acuerdo entre todos los que participamos y los que quieran unirse.<\/p>\n\n\n\n<p class=\"wp-block-paragraph\">Esos compromisos, adem\u00e1s de la disposici\u00f3n necesaria para participar de la construcci\u00f3n pol\u00edtica, incluyen la comprensi\u00f3n y la aceptaci\u00f3n de que nadie es propietario de la verdad absoluta, si es que esta existe, sino que la verdad es una construcci\u00f3n pol\u00edtica compuesta desde diversos puntos de vista, ideales, percepciones de la realidad y de lo deseable.<\/p>\n\n\n\n<p class=\"wp-block-paragraph\">A partir de esa aceptaci\u00f3n, necesitamos, y me incluyo, de un firme compromiso y disponibilidad efectiva para escuchar a todas las voces y para contribuir a partir de esa escucha a sintetizar las distintas posiciones y construir los necesarios consensos.<\/p>\n\n\n\n<p class=\"wp-block-paragraph\">Quedar\u00edamos as\u00ed en condiciones de pasar a la etapa de elaboraci\u00f3n de las propuestas de acci\u00f3n pol\u00edtica propiamente dichas. Esto escrito parece f\u00e1cil, pero en la realidad efectiva requiere de una gran voluntad y un esfuerzo personal de todas y todos los participantes.<\/p>\n\n\n\n<p class=\"wp-block-paragraph\">La disponibilidad de instancias es otro de los requisitos que creo indispensables; pueden ser reuniones presenciales o virtuales de todos los participantes o de distintos grupos que posteriormente unifiquen sus posiciones; lo importante es que esas instancias habiliten la mayor y m\u00e1s amplia participaci\u00f3n y que contemplen la posibilidad de agregar las opiniones y posiciones de los que no pudieron participar en forma directa. Cuanto mayor participaci\u00f3n logremos, mayor ser\u00e1 el sustento, la representatividad y la fortaleza de nuestra construcci\u00f3n.<\/p>\n\n\n\n<p class=\"wp-block-paragraph\">Queda la cuesti\u00f3n de las reglas o modalidades que se adopten para trabajar. Lo primero es lograr una clara definici\u00f3n del tema que se tratar\u00e1; lo m\u00e1s efectivo ser\u00eda partir de una presentaci\u00f3n sobre el tema elegido que sea luego debatida y permita construir un consenso de todos los participantes respecto del tema en tratamiento. Entre las cuestiones que deber\u00edan ser regladas figura la duraci\u00f3n de cada sesi\u00f3n, qui\u00e9n actuar\u00e1 como moderador del debate, qui\u00e9n tomar\u00e1 las notas que dar\u00e1n lugar a una minuta que resuma las posiciones y los acuerdos que se alcancen.<\/p>\n\n\n\n<p class=\"wp-block-paragraph\">En lo posible es conveniente designar un relator a quien se encargar\u00e1 hacer una presentaci\u00f3n inicial del tema que se tratar\u00e1 y de los objetivos que se perseguir\u00e1n en cada sesi\u00f3n; esta \u00faltima designaci\u00f3n debe realizarse en modo previo a cada encuentro, en modo que el relator disponga el tiempo necesario como para estudiar los antecedentes y estructurar la presentaci\u00f3n que de el puntapi\u00e9 inicial al proceso. &nbsp;<\/p>\n\n\n\n<p class=\"wp-block-paragraph\">Antes de finalizar, creo conveniente tomar en cuenta algunas reflexiones generales sobre las finalidades y los destinatarios de nuestras construcciones pol\u00edticas, tal como las publicadas por Ernesto Villanueva<a href=\"#_ftn4\"><strong>[5]<\/strong><\/a>, un destacado militante adem\u00e1s de rector de la Universidad Nacional Arturo Jauretche.<\/p>\n\n\n\n<p class=\"wp-block-paragraph\">En su trabajo Ernesto plantea la inconveniencia de atacar a la oposici\u00f3n por temas triviales, tales como las disquisiciones de Carri\u00f3 o la reposera de Macri, en tanto ese ataque rebaja nuestro discurso al nivel de infantilizaci\u00f3n de la opini\u00f3n p\u00fablica que pretenden el macrismo y sus aliados de los medios concentrados. En contrapartida parece m\u00e1s constructivo concentrar nuestras propuestas en refuerzo y el impulso de los grandes ejes de pol\u00edticas que lleva adelante nuestro gobierno, tales como la necesidad establecer de un nuevo acuerdo nacional como base del desarrollo pol\u00edtico y social de largo plazo; solucionar las restricciones externas; reactivar la econom\u00eda, generar empleo, redistribuir la riqueza; mejorar la administraci\u00f3n de la justicia y los sistemas de salud; entre otros.<\/p>\n\n\n\n<p class=\"wp-block-paragraph\">Mucho agradecer\u00e9 cualquier comentario que env\u00eden a mi correo (<a href=\"mailto:josemafumagalli@gmail.com\">josemafumagalli@gmail.com<\/a>) para mejorar estas reflexiones que elabor\u00e9 con el fin de contribuir al mejor intercambio ideas y la m\u00e1s productiva construcci\u00f3n pol\u00edtica que necesitamos para llevar adelante nuestras propuestas y alcanzar nuestros m\u00e1s ambiciosos ideales. &nbsp;&nbsp;&nbsp;<\/p>\n\n\n\n<p class=\"wp-block-paragraph\" style=\"font-size:14px\"><a href=\"#_ftnref1\">[1]<\/a> Las reflexiones que siguen fueron escritas originalmente como presentaci\u00f3n inicial de la primera reuni\u00f3n 2021 de la UB virtual Redes y Paredes de la Comisi\u00f3n de Desarrollo Productivo del Instituto Patria. Pueden ser difundidas y utilizadas por todas y todos que las consideren de utilidad para sus propios encuentros.<\/p>\n\n\n\n<p class=\"wp-block-paragraph\" style=\"font-size:14px\"><a href=\"#_ftnref1\">[2]<\/a> Ver los consejos de Mauricio Macri a Alberto Fern\u00e1ndez para que \u201cdeje morir a todos los que tienen que morir\u201d; consejos que si bien fueron formalmente desmentidos, se confirman mediante las posturas de Cambiemos, que cuentan con la complicidad de los medios de comunicaci\u00f3n concentrados.<\/p>\n\n\n\n<p class=\"wp-block-paragraph\" style=\"font-size:14px\"><a href=\"#_ftnref2\">[3]<\/a> Jorge Alem\u00e1n: <a href=\"https:\/\/www.pagina12.com.ar\/321028-las-criticas-al-frente-de-todos\">https:\/\/www.pagina12.com.ar\/321028-las-criticas-al-frente-de-todos<\/a><\/p>\n\n\n\n<p class=\"wp-block-paragraph\" style=\"font-size:14px\"><a href=\"#_ftnref3\">[4]<\/a> Entrevista a Gabriel Delgado: <a href=\"https:\/\/revistacrisis.com.ar\/notas\/un-peronista-en-vaca-viva\">https:\/\/revistacrisis.com.ar\/notas\/un-peronista-en-vaca-viva<\/a><\/p>\n\n\n\n<p class=\"wp-block-paragraph\" style=\"font-size:14px\"><a href=\"#_ftnref4\">[5]<\/a> Ernesto Villanueva: <a href=\"http:\/\/www.revistamovimiento.com\/opinion\/debates-necesarios-en-nuestra-argentina\/\">http:\/\/www.revistamovimiento.com\/opinion\/debates-necesarios-en-nuestra-argentina\/<\/a>&nbsp;<\/p>\n","protected":false},"excerpt":{"rendered":"<p>Por Jos\u00e9 Mar\u00eda Fumagalli A un a\u00f1o y dos meses de iniciado nuestro gobierno y a casi un a\u00f1o del&#46;&#46;&#46;<\/p>\n","protected":false},"author":1,"featured_media":211,"comment_status":"open","ping_status":"open","sticky":false,"template":"","format":"standard","meta":{"footnotes":""},"categories":[38],"tags":[60,53,54,59,52,55,57,58,56,62,61],"class_list":["post-202","post","type-post","status-publish","format-standard","has-post-thumbnail","hentry","category-sociedad-y-politica","tag-compromiso","tag-construccion-politica","tag-covid-19","tag-desarrollismo","tag-dicotomias","tag-frente-de-todos","tag-gobierno","tag-militancia","tag-movimiento-peronista","tag-reflexiones","tag-representatividad"],"_links":{"self":[{"href":"https:\/\/patriaproductiva.net\/blog\/wp-json\/wp\/v2\/posts\/202","targetHints":{"allow":["GET"]}}],"collection":[{"href":"https:\/\/patriaproductiva.net\/blog\/wp-json\/wp\/v2\/posts"}],"about":[{"href":"https:\/\/patriaproductiva.net\/blog\/wp-json\/wp\/v2\/types\/post"}],"author":[{"embeddable":true,"href":"https:\/\/patriaproductiva.net\/blog\/wp-json\/wp\/v2\/users\/1"}],"replies":[{"embeddable":true,"href":"https:\/\/patriaproductiva.net\/blog\/wp-json\/wp\/v2\/comments?post=202"}],"version-history":[{"count":7,"href":"https:\/\/patriaproductiva.net\/blog\/wp-json\/wp\/v2\/posts\/202\/revisions"}],"predecessor-version":[{"id":210,"href":"https:\/\/patriaproductiva.net\/blog\/wp-json\/wp\/v2\/posts\/202\/revisions\/210"}],"wp:featuredmedia":[{"embeddable":true,"href":"https:\/\/patriaproductiva.net\/blog\/wp-json\/wp\/v2\/media\/211"}],"wp:attachment":[{"href":"https:\/\/patriaproductiva.net\/blog\/wp-json\/wp\/v2\/media?parent=202"}],"wp:term":[{"taxonomy":"category","embeddable":true,"href":"https:\/\/patriaproductiva.net\/blog\/wp-json\/wp\/v2\/categories?post=202"},{"taxonomy":"post_tag","embeddable":true,"href":"https:\/\/patriaproductiva.net\/blog\/wp-json\/wp\/v2\/tags?post=202"}],"curies":[{"name":"wp","href":"https:\/\/api.w.org\/{rel}","templated":true}]}}