{"id":215,"date":"2021-02-11T12:20:51","date_gmt":"2021-02-11T15:20:51","guid":{"rendered":"https:\/\/patriaproductiva.net\/blog\/?p=215"},"modified":"2021-02-11T12:20:53","modified_gmt":"2021-02-11T15:20:53","slug":"efemerides-febrero","status":"publish","type":"post","link":"https:\/\/patriaproductiva.net\/blog\/efemerides-febrero\/","title":{"rendered":"Efem\u00e9rides Febrero"},"content":{"rendered":"\n<div class=\"wp-block-image\"><figure class=\"aligncenter size-large\"><img fetchpriority=\"high\" decoding=\"async\" width=\"890\" height=\"692\" src=\"https:\/\/patriaproductiva.net\/blog\/wp-content\/uploads\/2021\/02\/foto-efemerides.png\" alt=\"\" class=\"wp-image-216\" srcset=\"https:\/\/patriaproductiva.net\/blog\/wp-content\/uploads\/2021\/02\/foto-efemerides.png 890w, https:\/\/patriaproductiva.net\/blog\/wp-content\/uploads\/2021\/02\/foto-efemerides-600x467.png 600w, https:\/\/patriaproductiva.net\/blog\/wp-content\/uploads\/2021\/02\/foto-efemerides-300x233.png 300w, https:\/\/patriaproductiva.net\/blog\/wp-content\/uploads\/2021\/02\/foto-efemerides-768x597.png 768w\" sizes=\"(max-width: 890px) 100vw, 890px\" \/><\/figure><\/div>\n\n\n\n<p class=\"wp-block-paragraph\">Tambi\u00e9n febrero es de San Mart\u00edn\u2026<br>Por San Lorenzo, por Chacabuco\u2026<br>\u00a1Dos golazos de la Patria!<br>Que lograran mil Cabrales\u2026<br>Y otro tanto de rebote en el \u00e1rea:<br>La Asamblea del A\u00f1o XIII: libertad de vientres morenos.<br>\u00bfGol en contra, o a favor? Nace Sarmiento\u2026<br>Ya estaba en danza don Mart\u00edn G\u00fcemes, \u2018Coraz\u00f3n de guayac\u00e1n\u2019<br>El de \u201cla tierra en armas\u201d; \u201cLa guerra gaucha\u201d cant\u00f3 Lugones.<br>Pero tambi\u00e9n fue Caseros: fiesta nacional del cipayo.<br>All\u00ed Claudio Mamerto Cuenca el m\u00e9dico poeta, muerto a sablazos por defender nuestros heridos. \u201cUna furia infernal que me alimenta \u00a1con l\u00e1grimas y sangre!\u2026 La venganza\u201d. Escribi\u00f3.<br>\u00bfQu\u00e9 m\u00e1s tenemos aqu\u00ed?<br>\u00a1Qu\u00e9 naci\u00f3 Carlos Morel! Gauchos, indios, pulper\u00edas<br>Surgen por primera vez con su renacentista nueva luz del d\u00eda.<br>Otra buena: viene Mar\u00eda Elena en cuatrimotor \u201cCon la vacunaluna lunal\u00fa\u201d<br>La D\u00e9cada Infame de estafa y negociado fusila a Severino y a Paulino. \u00a1Anarcos de mi flor!<br>Nace Gabino Ezeiza. El divino payador.<br>Yaser Arafat es nombrado jefe de la Organizaci\u00f3n para la Liberaci\u00f3n de Palestina (OLP) \u00a1Ese \u201cturco\u201d compa\u00f1ero!<br>Los gringos reci\u00e9n llegados labran en Baradero la primera colonia agr\u00edcola del pa\u00eds.<br>Otrora, otrora, otrora estalla una revoluci\u00f3n de \u00a1\u00a1\u00a1\u00a1\u00a1\u00a1\u00a1\u00a1\u00a1\u00a1 La UCR !!!!!!!!!<br>Nace Carlos Alonso, compa\u00f1ero y padre, a ilustrar La Divina Comedia, el Quijote y Mart\u00edn Fierro.<br>En Yalta los grandes turros se repartieron la torta.<br>Se crea el CONICET , que tanta falta nos hace\u2026<br>( La fusiladora hab\u00eda cerrado el Consejo Nacional de Investigaciones T\u00e9cnicas y Cient\u00edficas (CONITYC), creado en mayo de 1951)<br>Se mata Violeta Parra por amar m\u00e1s de la cuenta.<br>Y muere Rub\u00e9n Dar\u00edo, el revolucionario que se anticip\u00f3 a Sandino.<br>Adi\u00f3s al \u201cFlaco\u201d Spinetta, el creador que se adelantaba a su propia obra.<br>Muere Pedro de \u00c1ngelis, el tano intelectual de don Juan Manuel\u2026<br>\u201cQuiera el pueblo votar\u201d Ley S\u00e1enz Pe\u00f1a.<br>Muere Macedonio Fern\u00e1ndez\u2026 Admirado por Jorge Luis Borges.<br>Glorioso d\u00eda el 24 que cambio la historia al pueblo subiendo al General Per\u00f3n como presidente<br>Muere Ren\u00e9 Descartes, el de \u201cCogito ergo sum\u201d<br>Bajo la estrella de Evita, nacen Nestor y Cristina<br>\u00a1\u00a1\u00a1Libertad para Mandela!!! Mandela en libertad\u2026<br>Carlos Ameghino haya en Chubut el primer f\u00f3sil de dinosaurio.<br>F\u00f3siles, o todav\u00eda coleando, abundan en nuestro pa\u00eds.<br>Muere Cort\u00e1zar, el gran Cronopio\u2026<br>San Valent\u00edn, el santo de los mamertos\u2026<br>Nace Scalabrini\u2026 Quien, algo m\u00e1s acompa\u00f1ado, a\u00fan espera\u2026<br>Cae en combate Camilo Torres: \u201cD\u00f3nde cay\u00f3 Camilo naci\u00f3 una flor<\/p>\n","protected":false},"excerpt":{"rendered":"<p>Tambi\u00e9n febrero es de San Mart\u00edn\u2026Por San Lorenzo, por Chacabuco\u2026\u00a1Dos golazos de la Patria!Que lograran mil Cabrales\u2026Y otro tanto de&#46;&#46;&#46;<\/p>\n","protected":false},"author":1,"featured_media":216,"comment_status":"open","ping_status":"open","sticky":false,"template":"","format":"standard","meta":{"footnotes":""},"categories":[38],"tags":[],"class_list":["post-215","post","type-post","status-publish","format-standard","has-post-thumbnail","hentry","category-sociedad-y-politica"],"_links":{"self":[{"href":"https:\/\/patriaproductiva.net\/blog\/wp-json\/wp\/v2\/posts\/215","targetHints":{"allow":["GET"]}}],"collection":[{"href":"https:\/\/patriaproductiva.net\/blog\/wp-json\/wp\/v2\/posts"}],"about":[{"href":"https:\/\/patriaproductiva.net\/blog\/wp-json\/wp\/v2\/types\/post"}],"author":[{"embeddable":true,"href":"https:\/\/patriaproductiva.net\/blog\/wp-json\/wp\/v2\/users\/1"}],"replies":[{"embeddable":true,"href":"https:\/\/patriaproductiva.net\/blog\/wp-json\/wp\/v2\/comments?post=215"}],"version-history":[{"count":1,"href":"https:\/\/patriaproductiva.net\/blog\/wp-json\/wp\/v2\/posts\/215\/revisions"}],"predecessor-version":[{"id":217,"href":"https:\/\/patriaproductiva.net\/blog\/wp-json\/wp\/v2\/posts\/215\/revisions\/217"}],"wp:featuredmedia":[{"embeddable":true,"href":"https:\/\/patriaproductiva.net\/blog\/wp-json\/wp\/v2\/media\/216"}],"wp:attachment":[{"href":"https:\/\/patriaproductiva.net\/blog\/wp-json\/wp\/v2\/media?parent=215"}],"wp:term":[{"taxonomy":"category","embeddable":true,"href":"https:\/\/patriaproductiva.net\/blog\/wp-json\/wp\/v2\/categories?post=215"},{"taxonomy":"post_tag","embeddable":true,"href":"https:\/\/patriaproductiva.net\/blog\/wp-json\/wp\/v2\/tags?post=215"}],"curies":[{"name":"wp","href":"https:\/\/api.w.org\/{rel}","templated":true}]}}