{"id":227,"date":"2021-02-22T17:51:17","date_gmt":"2021-02-22T20:51:17","guid":{"rendered":"https:\/\/patriaproductiva.net\/blog\/?p=227"},"modified":"2021-02-22T17:51:19","modified_gmt":"2021-02-22T20:51:19","slug":"en-la-democracia-del-neoliberalismo-las-buenas-criticas","status":"publish","type":"post","link":"https:\/\/patriaproductiva.net\/blog\/en-la-democracia-del-neoliberalismo-las-buenas-criticas\/","title":{"rendered":"En la democracia del Neoliberalismo: las buenas cr\u00edticas"},"content":{"rendered":"\n<p class=\"wp-block-paragraph\">Por Jorge Alem\u00e1n<\/p>\n\n\n\n<figure class=\"wp-block-image size-large\"><img fetchpriority=\"high\" decoding=\"async\" width=\"796\" height=\"530\" src=\"https:\/\/patriaproductiva.net\/blog\/wp-content\/uploads\/2021\/02\/alber.png\" alt=\"\" class=\"wp-image-228\" srcset=\"https:\/\/patriaproductiva.net\/blog\/wp-content\/uploads\/2021\/02\/alber.png 796w, https:\/\/patriaproductiva.net\/blog\/wp-content\/uploads\/2021\/02\/alber-600x399.png 600w, https:\/\/patriaproductiva.net\/blog\/wp-content\/uploads\/2021\/02\/alber-300x200.png 300w, https:\/\/patriaproductiva.net\/blog\/wp-content\/uploads\/2021\/02\/alber-768x511.png 768w\" sizes=\"(max-width: 796px) 100vw, 796px\" \/><figcaption>Imagen: P\u00e1gina 12<\/figcaption><\/figure>\n\n\n\n<p class=\"wp-block-paragraph\">Hay un c\u00edrculo vicioso que se repite en distintos escenarios. Durante a\u00f1os un gobierno neoliberal realiza una apropiaci\u00f3n y destrucci\u00f3n del aparato productivo, del tejido social, de los legados hist\u00f3ricos, capturando a trav\u00e9s de distintos dispositivos el sentido com\u00fan y generando subjetividades sin br\u00fajula pol\u00edtica. Para lograr esto el gobierno neoliberal no necesita ni pol\u00edticos importantes ni grandes estrategias. Existe una &#8220;astucia de la raz\u00f3n&#8221; propia del capitalismo, su demoledora capacidad de reproducci\u00f3n sin que nada lo l\u00edmite.<\/p>\n\n\n\n<p class=\"wp-block-paragraph\">Por ello&nbsp;<strong>las derechas gobiernan supervisadas por las corporaciones financieras, medi\u00e1ticas y judiciales, dando lugar a una custodia efectiva del proyecto neoliberal<\/strong>. Y con ello les basta. Son un Poder no una Hegemon\u00eda, la que siempre es una construcci\u00f3n pol\u00edtica.&nbsp;<strong>Pero nunca se adormece del todo la memoria popular, el saber en reserva de los grandes proyectos transformadores finalmente vuelve a irrumpir<\/strong>&nbsp;y por tanto tarde o temprano se preparan las condiciones para que emerja un proyecto democr\u00e1tico con vocaci\u00f3n popular e igualitaria.&nbsp;<\/p>\n\n\n\n<p class=\"wp-block-paragraph\">Pero en el siglo XXI de una manera mucho m\u00e1s acentuada,<strong>&nbsp;el neoliberalismo contin\u00faa m\u00e1s all\u00e1 de los eventuales gobiernos que lo representan<\/strong>. Hay que tomarse en serio que la realidad misma en todos sus aspectos es neoliberal y por ello el gobierno democr\u00e1tico y popular padece de inmediato los efectos de una impotencia no buscada.&nbsp;<strong>La derecha, gracias a su control de la realidad, apenas paga las consecuencias del desastre que ha generado, un desorden criminal a partir del desencadenamiento de la Pandemia<\/strong>. De este modo&nbsp;<strong>el gobierno democr\u00e1tico-popular en poco tiempo se mueve en un espacio ultracondicionado<\/strong>.&nbsp;<\/p>\n\n\n\n<p class=\"wp-block-paragraph\">Por la derecha se radicaliza su posici\u00f3n, hay un devenir ultraderechista irremediable en las derechas ya que ahora solo encuentran su punto de apoyo en un ejercicio de imputaci\u00f3n neofascista a cualquier intervenci\u00f3n del Estado en su dimensi\u00f3n social y comunitaria. Esto le resulta muy f\u00e1cil a la derecha, puede haber perdido el Gobierno pero conserva intacto su Poder.<strong>&nbsp;Mientras tanto el gobierno democr\u00e1tico popular se ve en poco tiempo asediado por situaciones estructurales muy graves, que aunque intente paliarlas, siempre lo hace de un modo insuficiente<\/strong>, las demandas insatisfechas, el acoso judicial, el dolor popular del hambre bajo la pandemia, el endeudamiento de la naci\u00f3n, ti\u00f1en de insuficiencia a todos sus esfuerzos.&nbsp;<\/p>\n\n\n\n<p class=\"wp-block-paragraph\">Por ello&nbsp;<strong>en un tiempo muy breve, surgen las corrientes cr\u00edticas en el interior del propio espacio social del gobierno<\/strong>. El que ahora debe mantenerse frente a la ofensiva sostenida e insistente de la derecha, su antagonismo principal, y los conflictos crecientes situados a su izquierda que ven en este nuevo gobierno, como no pod\u00eda ser de otro modo, impotencia, una moderaci\u00f3n y tibieza que no fue votada, en definitiva una debilidad que decepciona y genera un clima de arrepentimiento, incluso de cuestionamiento de la autoridad gubernamental.&nbsp;<\/p>\n\n\n\n<p class=\"wp-block-paragraph\">Las cr\u00edticas procedentes del propio espacio no pueden esperar a que lleguen los buenos d\u00edas, los que nunca est\u00e9n garantizados que lleguen. De este modo no hay d\u00eda en que alg\u00fan intelectual no le env\u00ede una carta cr\u00edtica al Presidente o distintos actores encuentren buenas razones para no callar su decepci\u00f3n o disgusto.<strong>&nbsp;No considero a esto ni &#8220;fuego amigo&#8221; ni que las cr\u00edticas sean funcionales a la derecha. Intento situar un problema estructural que tensiona el espacio del gobierno democr\u00e1tico popular<\/strong>. Por ello este espacio cr\u00edtico tiene delante suyo un gran desaf\u00edo pol\u00edtico: demostrar que estas cr\u00edticas no contribuyen a un malestar imaginario y binario que se expande y que la derecha espera alojar.&nbsp;<\/p>\n\n\n\n<p class=\"wp-block-paragraph\"><strong>Las cr\u00edticas ya existen y tienen sus voces, lo que debe ser pensado rigurosamente es c\u00f3mo deben formalizarse, encontrar puentes simb\u00f3licos que no alimenten un imaginario pasivo de decepci\u00f3n y arrepentimiento<\/strong>. Al desarrollarse todo esto bajo pandemia, las cr\u00edticas no se articulan a los movimientos sociales ni a las estructuras pol\u00edticas y org\u00e1nicas, especialmente aquellas organizaciones que al compartir con el gobierno responsabilidades institucionales podr\u00edan ser el mejor veh\u00edculo para que dichas cr\u00edticas alcancen su cometido.&nbsp;<\/p>\n\n\n\n<p class=\"wp-block-paragraph\">Se a\u00f1ade otra cuesti\u00f3n, cu\u00e1l es el l\u00edmite de estas cr\u00edticas si las mismas no quieren implosionar el Gobierno \u00bfValen todas las cr\u00edticas ? \u00bfIncluso aquellas que ya no diferencian al gobierno neoliberal del gobierno democr\u00e1tico popular? \u00bfQu\u00e9 se espera de estas cr\u00edticas ? Rectificar al gobierno o esperar que lo suceda otro m\u00e1s coherente con la expectativas hist\u00f3ricas de las corrientes transformadoras. Es dif\u00edcil no pensar que esto \u00faltimo no sea un espejismo peligroso. Este es un punto problem\u00e1tico ya que los cr\u00edticos saben muy bien que en el gobierno criticado, como se\u00f1al\u00e9 antes, hay grandes exponentes de la historia anterior a la llegada del gobierno neoliberal.<\/p>\n\n\n\n<p class=\"wp-block-paragraph\">Si el deseo es que este c\u00edrculo vicioso del neoliberalismo no arrastre a lo logrado por poco que sea a un colapso, las cr\u00edticas deben encontrar diversas mesas de di\u00e1logo con el gobierno, salvo que quieran engolosinarse con la famosa enfermedad infantil del izquierdismo, que suele no distinguir el antagonismo principal del conflicto secundario. Es hora de hacer un debate de fondo sobre qu\u00e9 reformas estructurales importantes se pueden realizar bajo el dominio neoliberal cuando no se ha ganado primero la batalla en la sociedad, en la comunidad y en el coraz\u00f3n de las subjetividades.<\/p>\n","protected":false},"excerpt":{"rendered":"<p>Por Jorge Alem\u00e1n Hay un c\u00edrculo vicioso que se repite en distintos escenarios. Durante a\u00f1os un gobierno neoliberal realiza una&#46;&#46;&#46;<\/p>\n","protected":false},"author":1,"featured_media":228,"comment_status":"open","ping_status":"open","sticky":false,"template":"","format":"standard","meta":{"footnotes":""},"categories":[38],"tags":[],"class_list":["post-227","post","type-post","status-publish","format-standard","has-post-thumbnail","hentry","category-sociedad-y-politica"],"_links":{"self":[{"href":"https:\/\/patriaproductiva.net\/blog\/wp-json\/wp\/v2\/posts\/227","targetHints":{"allow":["GET"]}}],"collection":[{"href":"https:\/\/patriaproductiva.net\/blog\/wp-json\/wp\/v2\/posts"}],"about":[{"href":"https:\/\/patriaproductiva.net\/blog\/wp-json\/wp\/v2\/types\/post"}],"author":[{"embeddable":true,"href":"https:\/\/patriaproductiva.net\/blog\/wp-json\/wp\/v2\/users\/1"}],"replies":[{"embeddable":true,"href":"https:\/\/patriaproductiva.net\/blog\/wp-json\/wp\/v2\/comments?post=227"}],"version-history":[{"count":1,"href":"https:\/\/patriaproductiva.net\/blog\/wp-json\/wp\/v2\/posts\/227\/revisions"}],"predecessor-version":[{"id":229,"href":"https:\/\/patriaproductiva.net\/blog\/wp-json\/wp\/v2\/posts\/227\/revisions\/229"}],"wp:featuredmedia":[{"embeddable":true,"href":"https:\/\/patriaproductiva.net\/blog\/wp-json\/wp\/v2\/media\/228"}],"wp:attachment":[{"href":"https:\/\/patriaproductiva.net\/blog\/wp-json\/wp\/v2\/media?parent=227"}],"wp:term":[{"taxonomy":"category","embeddable":true,"href":"https:\/\/patriaproductiva.net\/blog\/wp-json\/wp\/v2\/categories?post=227"},{"taxonomy":"post_tag","embeddable":true,"href":"https:\/\/patriaproductiva.net\/blog\/wp-json\/wp\/v2\/tags?post=227"}],"curies":[{"name":"wp","href":"https:\/\/api.w.org\/{rel}","templated":true}]}}