{"id":231,"date":"2021-02-23T18:38:59","date_gmt":"2021-02-23T21:38:59","guid":{"rendered":"https:\/\/patriaproductiva.net\/blog\/?p=231"},"modified":"2021-02-23T18:39:03","modified_gmt":"2021-02-23T21:39:03","slug":"el-impacto-economico-del-covid-19-en-las-mujeres-de-america-latina-y-el-caribe","status":"publish","type":"post","link":"https:\/\/patriaproductiva.net\/blog\/el-impacto-economico-del-covid-19-en-las-mujeres-de-america-latina-y-el-caribe\/","title":{"rendered":"El Impacto econ\u00f3mico del COVID-19 en las mujeres de Am\u00e9rica Latina y el Caribe"},"content":{"rendered":"\n<div class=\"wp-block-image\"><figure class=\"aligncenter size-large\"><img fetchpriority=\"high\" decoding=\"async\" width=\"960\" height=\"640\" src=\"https:\/\/patriaproductiva.net\/blog\/wp-content\/uploads\/2021\/02\/mujeres-trabajando_arielsilva_chiapas-15.jpg\" alt=\"\" class=\"wp-image-232\" srcset=\"https:\/\/patriaproductiva.net\/blog\/wp-content\/uploads\/2021\/02\/mujeres-trabajando_arielsilva_chiapas-15.jpg 960w, https:\/\/patriaproductiva.net\/blog\/wp-content\/uploads\/2021\/02\/mujeres-trabajando_arielsilva_chiapas-15-600x400.jpg 600w, https:\/\/patriaproductiva.net\/blog\/wp-content\/uploads\/2021\/02\/mujeres-trabajando_arielsilva_chiapas-15-300x200.jpg 300w, https:\/\/patriaproductiva.net\/blog\/wp-content\/uploads\/2021\/02\/mujeres-trabajando_arielsilva_chiapas-15-768x512.jpg 768w\" sizes=\"(max-width: 960px) 100vw, 960px\" \/><figcaption>Foto: ONU Mujeres\/Ariel Silva<\/figcaption><\/figure><\/div>\n\n\n\n<p class=\"wp-block-paragraph\">La crisis provocada por la pandemia del COVID-19 ha demostrado los grandes desaf\u00edos que tenemos como sociedades, haciendo m\u00e1s evidentes las desigualdades de g\u00e9nero: las mujeres son las m\u00e1s afectadas por el aumento de desempleo, la pobreza y la sobrecarga de cuidados no remunerados.&nbsp;<\/p>\n\n\n\n<p class=\"wp-block-paragraph\"><strong>\u00bfA qui\u00e9nes afecta m\u00e1s la crisis causada por COVID-19?&nbsp;<\/strong><\/p>\n\n\n\n<p class=\"wp-block-paragraph\">Se calcula que pandemia dejar\u00e1 en la regi\u00f3n a 118 millones mujeres y ni\u00f1as en la pobreza. La reducci\u00f3n de la actividad econ\u00f3mica afecta en primera instancia a las trabajadoras informales que pierden su sustento de vida de forma casi inmediata, sin ninguna red o posibilidad de sustituir el ingreso diario en general.La situaci\u00f3n de precariedad en las trabajadoras del hogar en Am\u00e9rica Latina y el Caribe se acent\u00faa<\/p>\n\n\n\n<p class=\"wp-block-paragraph\">M\u00e1s de la mitad de las mujeres trabaja en sectores de alto riesgo de ser afectados por la contracci\u00f3n econ\u00f3mica: comercio, trabajo dom\u00e9stico, manufacturas, turismo, servicios administrativos, actividad inmobiliaria y el sector salud; donde las mujeres se encuentran sobrerrepresentadas en la primera l\u00ednea de respuesta, pero con una participaci\u00f3n minoritaria en la toma de decisiones frente a la pandemia.<\/p>\n\n\n\n<p class=\"wp-block-paragraph\">Las mujeres est\u00e1n perdiendo sus empleos a un ritmo mucho mayor que los hombres. La tasa de desocupaci\u00f3n de las mujeres en la regi\u00f3n ser\u00e1 de 15.2% \u2013 casi 6 puntos porcentuales que en 2019 (CEPAL\/OIT, 2020 y proyecciones de desocupaci\u00f3n).<\/p>\n\n\n\n<p class=\"wp-block-paragraph\"><strong>La situaci\u00f3n de precariedad en las trabajadoras del hogar en Am\u00e9rica Latina y el Caribe se acent\u00fa<\/strong>a<\/p>\n\n\n\n<p class=\"has-text-align-center wp-block-paragraph\"><img decoding=\"async\" alt=\"The precarious situation of domestic workers in Latin America and the Caribbean is accentuated \" src=\"https:\/\/www2.unwomen.org\/-\/media\/field%20office%20americas\/imagenes\/noticias\/2020\/11\/impacto%20economico\/trabajadora%20del%20hogar_unwomenandyrichter.jpg?h=641&amp;w=960&amp;la=es&amp;vs=3208&amp;hash=E4422428B76909D5D94534126AA98F550A8161EB\">Foto: ONU Mujeres\/Andy Ritcher&nbsp;<\/p>\n\n\n\n<p class=\"wp-block-paragraph\">El trabajo dom\u00e9stico supone entre el 14,3% y el 10,5% del empleo de las mujeres en la regi\u00f3n y m\u00e1s del 77,5% operan en la informalidad. Esto significa que una parte importante de ellas trabaja en condiciones precarias y sin acceso a la protecci\u00f3n social.<br><br>Durante la crisis, las mujeres trabajadoras remuneradas del hogar ocupan un lugar crucial dentro de la respuesta por el papel central que desempe\u00f1an en el cuidado de ni\u00f1as y ni\u00f1os, personas enfermas y dependientes y el mantenimiento de los hogares. Sin embargo, y a pesar de la enorme contribuci\u00f3n que su trabajo significa en la vida de muchas personas, tambi\u00e9n son las m\u00e1s afectadas por la crisis. Seg\u00fan estimaciones de la OIT,<a href=\"https:\/\/lac.unwomen.org\/es\/digiteca\/publicaciones\/2020\/06\/trabajadoras-del-hogar-frente-a-la-crisis-por-covid-19\">&nbsp;el 70,4% de las trabajadoras dom\u00e9sticas est\u00e1n afectadas por las medidas de la cuarentena<\/a>, por disminuci\u00f3n de la actividad econ\u00f3mica, desempleo, reducci\u00f3n de las horas o p\u00e9rdidas de salarios.<br><br>Esto se debe, entre otras razones, a la situaci\u00f3n de precariedad en el empleo que presenta este sector, caracterizado por bajos salarios y falta de prestaciones sociales para su supervivencia y el sostenimiento de sus familias ante situaciones de despidos o frente a la reducci\u00f3n de sus ingresos.<\/p>\n\n\n\n<h5 class=\"wp-block-heading\">El impacto de la crisis por COVID-19 es diferente para las mujeres rurales, mujeres ind\u00edgenas y mujeres afrodescendientes en Am\u00e9rica Latina y el Caribe<\/h5>\n\n\n\n<p class=\"has-text-align-center wp-block-paragraph\"><img decoding=\"async\" alt=\"rural, indigenous and Afro-descendent women face obstacles in accessing productive resources such as water, land, agricultural inputs, financing, insurance, training, among others;\" src=\"https:\/\/www2.unwomen.org\/-\/media\/field%20office%20americas\/imagenes\/noticias\/2020\/11\/impacto%20economico\/historia%20covid-19%20programa%20melyt%204%20(1).jpeg?h=540&amp;w=960&amp;la=es&amp;vs=3604&amp;hash=6D6B6597DBF29ADC938BF030089DB197D7E38240\">Photo: MELYT<\/p>\n\n\n\n<p class=\"wp-block-paragraph\">Adem\u00e1s de realizar sus actividades productivas enfrentando desigualdades que las hacen trabajar de manera informal y una sobrecarga de tareas dom\u00e9sticas no pagadas en sus hogares, las mujeres rurales, ind\u00edgenas y afrodescendientes se enfrentan a&nbsp;<a href=\"https:\/\/lac.unwomen.org\/es\/noticias-y-eventos\/articulos\/2020\/07\/la-voz-de-las-mujeres-frente-covid-19\">obst\u00e1culos para acceder a recursos productivos como el agua<\/a>, la tierra, insumos agr\u00edcolas, financiamiento, seguros, capacitaci\u00f3n, entre otros; a esto se suman<a href=\"https:\/\/lac.unwomen.org\/es\/noticias-y-eventos\/articulos\/2020\/06\/feature-women-farmers-find-paths-to-market-amidst-covid-19\">&nbsp;diversas barreras que les dificultan comercializar sus productos en los mercados<\/a>.<\/p>\n\n\n\n<p class=\"wp-block-paragraph\">La situaci\u00f3n se ha vuelto todav\u00eda m\u00e1s adversa con la pandemia del COVID-19. Seg\u00fan las proyecciones,&nbsp;<a href=\"https:\/\/lac.unwomen.org\/es\/noticias-y-eventos\/articulos\/2020\/10\/mensaje-directora-regional-dia-internacional-de-las-mujeres-rurales#:~:text=La%20situaci%C3%B3n%20se%20ha%20vuelto,sobrecarga%20de%20trabajo%20no%20remunerado.\">6 millones de mujeres rurales de la regi\u00f3n corren el riesgo de caer en la pobreza extrema.<\/a><\/p>\n\n\n\n<figure class=\"wp-block-image\"><img decoding=\"async\" src=\"https:\/\/www2.unwomen.org\/-\/media\/field%20office%20americas\/imagenes\/noticias\/2020\/11\/impacto%20economico\/mujeres-de-dominica.jpg?la=es&amp;vs=2905\" alt=\"Las mujeres agricultoras empaquetan y etiquetan las verduras para la venta en la casa de un miembro, ya que la construcci\u00f3n de su f\u00e1brica se detuvo debido a las restricciones de COVID-19 sobre el movimiento y el trabajo. Foto: ONU Mujeres \/ Dawn Francis\"\/><\/figure>\n\n\n\n<p class=\"wp-block-paragraph\"><strong><a href=\"https:\/\/lac.unwomen.org\/es\/noticias-y-eventos\/articulos\/2020\/06\/feature-women-farmers-find-paths-to-market-amidst-covid-19\">Cultivando el cambio: Las mujeres agricultoras de Dominica encuentran nuevos caminos hacia el mercado en medio de los cierres de COVID-19<\/a><\/strong><br>Con la llegada de la pandemia, muchos negocios de personas ind\u00edgenas y emprendimientos de mujeres se han visto afectadas. \u201cUn alto porcentaje de empresas peque\u00f1as y grandes est\u00e1 desapareciendo y con ellas ha ca\u00eddo la posibilidad de generar ingresos para muchos y muchas&nbsp;<a href=\"https:\/\/lac.unwomen.org\/es\/noticias-y-eventos\/articulos\/2020\/01\/red-de-emprendedoras-y-empresarias-indigenas-de-las-americas\">emprendedoras ind\u00edgenas<\/a>, afectando las producciones comunitarias de las que dependen centenares de familias\u201d, explica&nbsp;<a href=\"https:\/\/lac.unwomen.org\/es\/noticias-y-eventos\/articulos\/2020\/06\/guatemala-empoderamiento-economico-mujeres-indigenas-post-covid-19\">Mar\u00eda Tuyuc<\/a>, presidenta de la Red Global de Empresarios Ind\u00edgenas para Am\u00e9rica Latina.<\/p>\n\n\n\n<figure class=\"wp-block-image\"><a href=\"https:\/\/lac.unwomen.org\/en\/noticias-y-eventos\/articulos\/2020\/06\/guatemala-empoderamiento-economico-mujeres-indigenas-post-covid-19\"><img decoding=\"async\" src=\"https:\/\/www2.unwomen.org\/-\/media\/field%20office%20americas\/imagenes\/noticias\/2020\/11\/impacto%20economico\/reimiguel%20curruchiche%209%201.jpeg?la=es&amp;vs=3400\" alt=\"Indigenous women from Guatemala  REI\/Miguel Curruchiche \"\/><\/a><\/figure>\n\n\n\n<p class=\"wp-block-paragraph\"><strong><a href=\"https:\/\/lac.unwomen.org\/es\/noticias-y-eventos\/articulos\/2020\/06\/guatemala-empoderamiento-economico-mujeres-indigenas-post-covid-19\">En Guatemala, invertir en el empoderamiento econ\u00f3mico de las mujeres ind\u00edgenas es clave para \u201creconstruir mejor\u201d post-Covid-19&nbsp;<\/a><\/strong><\/p>\n\n\n\n<h5 class=\"wp-block-heading\"><strong>La sobrecarga de trabajo no remunerado es un obst\u00e1culo en el empoderamiento econ\u00f3mico de las mujeres y su autonom\u00eda<\/strong><\/h5>\n\n\n\n<div class=\"wp-block-image\"><figure class=\"aligncenter size-large\"><img decoding=\"async\" width=\"960\" height=\"682\" src=\"https:\/\/patriaproductiva.net\/blog\/wp-content\/uploads\/2021\/02\/ariel_silvalibro-de-cuidados_web_2mayo_final-3-1.jpg\" alt=\"\" class=\"wp-image-235\" srcset=\"https:\/\/patriaproductiva.net\/blog\/wp-content\/uploads\/2021\/02\/ariel_silvalibro-de-cuidados_web_2mayo_final-3-1.jpg 960w, https:\/\/patriaproductiva.net\/blog\/wp-content\/uploads\/2021\/02\/ariel_silvalibro-de-cuidados_web_2mayo_final-3-1-600x426.jpg 600w, https:\/\/patriaproductiva.net\/blog\/wp-content\/uploads\/2021\/02\/ariel_silvalibro-de-cuidados_web_2mayo_final-3-1-300x213.jpg 300w, https:\/\/patriaproductiva.net\/blog\/wp-content\/uploads\/2021\/02\/ariel_silvalibro-de-cuidados_web_2mayo_final-3-1-768x546.jpg 768w\" sizes=\"(max-width: 960px) 100vw, 960px\" \/><figcaption>Photo: Ariel Silva<\/figcaption><\/figure><\/div>\n\n\n\n<p class=\"wp-block-paragraph\">A causa del cierre de escuelas, centros educativos y guarder\u00edas, las mujeres han asumido gran parte del trabajo no remunerado adicional en el hogar. Antes de la pandemia, las mujeres de la regi\u00f3n dedicaban m\u00e1s del triple de tiempo al trabajo no pago que los hombres.<\/p>\n\n\n\n<p class=\"wp-block-paragraph\">Esto pone en evidencia la necesidad de mejorar el reparto de las tareas de cuidado y dom\u00e9sticas, seguido del establecimiento de un nuevo contrato social: el cambio cultural m\u00e1s importante que se requiere para avanzar en igualdad de oportunidades. La sobrecarga de trabajo no remunerado afecta principalmente a las mujeres en los hogares m\u00e1s pobres \u2013 hasta 39% m\u00e1s del tiempo.<\/p>\n\n\n\n<figure class=\"wp-block-image size-large\"><a href=\"https:\/\/www.instagram.com\/p\/CG0JLV8AfVw\/embed\/?cr=1&amp;v=13&amp;wp=540&amp;rd=https%3A%2F%2Flac.unwomen.org&amp;rp=%2Fes%2Fnoticias-y-eventos%2Farticulos%2F2020%2F11%2Fimpacto-economico-covid-19-mujeres-america-latina-y-el-caribe%3Fgclid%3DCj0KCQiAvbiBBhD-ARIsAGM48bzq6gCfHdlOnPnuKG6RWhO9EAoKzqLfXlFvy8NoGJg-aC4BMaIIXhMaAtHSEALw_wc#%7B%22ci%22%3A0%2C%22os%22%3A4032.854999997653%2C%22ls%22%3A3720.759999996517%2C%22le%22%3A3724.515000008978%7D\"><img decoding=\"async\" width=\"572\" height=\"610\" src=\"https:\/\/patriaproductiva.net\/blog\/wp-content\/uploads\/2021\/02\/Sin-titulo-1.png\" alt=\"\" class=\"wp-image-239\" srcset=\"https:\/\/patriaproductiva.net\/blog\/wp-content\/uploads\/2021\/02\/Sin-titulo-1.png 572w, https:\/\/patriaproductiva.net\/blog\/wp-content\/uploads\/2021\/02\/Sin-titulo-1-281x300.png 281w\" sizes=\"(max-width: 572px) 100vw, 572px\" \/><\/a><\/figure>\n\n\n\n<p class=\"wp-block-paragraph\"><\/p>\n\n\n\n<p class=\"wp-block-paragraph\"><strong>La crisis por COVID-19 ha reafirmado la importancia del trabajo de cuidados pero tambi\u00e9n la injusta e insostenible distribuci\u00f3n de las responsabilidades a la interna de los hogares.<\/strong><\/p>\n\n\n\n<div class=\"wp-block-image\"><figure class=\"aligncenter\"><a href=\"https:\/\/lac.unwomen.org\/en\/digiteca\/publicaciones\/2020\/08\/cuidados-en-america-latina-y-el-caribe-en-tiempos-de-covid-19\"><img decoding=\"async\" src=\"https:\/\/www2.unwomen.org\/-\/media\/field%20office%20americas\/imagenes\/publicaciones\/2020\/08\/cover_cuidados-covid-ingles-1.jpg?h=231&amp;w=180&amp;la=es&amp;vs=0&amp;hash=67F9B86C3B8690B79F4FC05405D04A9BDC2A8EFA\" alt=\"\"\/><\/a><\/figure><\/div>\n\n\n\n<p class=\"wp-block-paragraph\">Conoce m\u00e1s en el policy brief de ONU Mujeres y Cepal:&nbsp;<a href=\"https:\/\/lac.unwomen.org\/es\/digiteca\/publicaciones\/2020\/08\/cuidados-en-america-latina-y-el-caribe-en-tiempos-de-covid-19\">Cuidados en Am\u00e9rica Latina y el Caribe en tiempos de COVID-19: Hacia sistemas integrales para fortalecer la respuesta y la recuperaci\u00f3n<\/a><\/p>\n\n\n\n<h2 class=\"wp-block-heading\">Los esfuerzos de recuperaci\u00f3n deben poner a las mujeres en el centro<\/h2>\n\n\n\n<p class=\"wp-block-paragraph\"><img loading=\"lazy\" decoding=\"async\" height=\"640\" alt=\"promote the strengthening of women entrepreneurs, access to innovative financing mechanisms and promote policy measures to recognize, reduce and redistribute care work as key strategies to Respond and Rebuild Better with Equality  \" width=\"960\" src=\"https:\/\/www2.unwomen.org\/-\/media\/field%20office%20americas\/imagenes\/noticias\/2020\/11\/impacto%20economico\/ahorro%20en%20tiempos%20de%20lluvia%20guatemala_ryanbrown.jpg?la=es&amp;vs=2902\">Foto: ONU Mujeres\/Ryan Brown<\/p>\n\n\n\n<p class=\"wp-block-paragraph\">En ONU Mujeres trabajamos en alianzas para atender las necesidades inmediatas de las mujeres, asegurar sus medios de vida, el trabajo decente y la generaci\u00f3n de empleos y oportunidades econ\u00f3micas, especialmente para los grupos de mujeres m\u00e1s afectadas por la crisis. Impulsamos el fortalecimiento de las mujeres empresarias, el acceso a mecanismos de financiamiento innovador y promovemos medidas de pol\u00edtica para reconocer, reducir y redistribuir el trabajo de cuidados como estrategias clave para Responder y Reconstruir Mejor con Igualdad.<br><\/p>\n\n\n\n<h5 class=\"wp-block-heading\">Los sistemas de cuidados como motor para la recuperaci\u00f3n econ\u00f3mica de Am\u00e9rica Latina y el Caribe&nbsp;<\/h5>\n\n\n\n<p class=\"wp-block-paragraph\">Hacia una reactivaci\u00f3n inclusiva que garantice los derechos de las mujeres y promueva la igualdad de g\u00e9nero para una recuperaci\u00f3n sostenible, la regi\u00f3n requiere:<\/p>\n\n\n\n<ol class=\"wp-block-list\"><li>Avanzar hacia un pacto fiscal y de g\u00e9nero que tome en cuenta las necesidades de las mujeres para mitigar la emergencia e impulsar una reactivaci\u00f3n sostenible y justa.<\/li><li>Reforzar el financiamiento de pol\u00edticas con foco en las mujeres durante y despu\u00e9s de la pandemia: servicios integrales de atenci\u00f3n en violencia de g\u00e9nero, salud sexual y reproductiva y cuidados y garantizar un ingreso b\u00e1sico de emergencia a mujeres en situaci\u00f3n de pobreza.<\/li><li>Invertir en la econom\u00eda del cuidado como dinamizador para una reactivaci\u00f3n econ\u00f3mica con igualdad incluyendo la formalizaci\u00f3n, remuneraci\u00f3n y seguridad social de trabajadora\/es.<\/li><li>Redistribuir las responsabilidades del cuidado, avanzar en la transformaci\u00f3n de los&nbsp; mercados laborales y lograr mayor corresponsabilidad entre el Estado, los hogares, el&nbsp;mercado y las comunidades.<\/li><li>Expandir cobertura de programas de empleo y protecci\u00f3n social para garantizar los derechos de las mujeres migrantes, afrodescendientes, ind\u00edgenas, rurales, de comunidades de base y mujeres con discapacidad.<\/li><\/ol>\n","protected":false},"excerpt":{"rendered":"<p>La crisis provocada por la pandemia del COVID-19 ha demostrado los grandes desaf\u00edos que tenemos como sociedades, haciendo m\u00e1s evidentes&#46;&#46;&#46;<\/p>\n","protected":false},"author":1,"featured_media":232,"comment_status":"open","ping_status":"open","sticky":false,"template":"","format":"standard","meta":{"footnotes":""},"categories":[1,38],"tags":[],"class_list":["post-231","post","type-post","status-publish","format-standard","has-post-thumbnail","hentry","category-sin-categoria","category-sociedad-y-politica"],"_links":{"self":[{"href":"https:\/\/patriaproductiva.net\/blog\/wp-json\/wp\/v2\/posts\/231","targetHints":{"allow":["GET"]}}],"collection":[{"href":"https:\/\/patriaproductiva.net\/blog\/wp-json\/wp\/v2\/posts"}],"about":[{"href":"https:\/\/patriaproductiva.net\/blog\/wp-json\/wp\/v2\/types\/post"}],"author":[{"embeddable":true,"href":"https:\/\/patriaproductiva.net\/blog\/wp-json\/wp\/v2\/users\/1"}],"replies":[{"embeddable":true,"href":"https:\/\/patriaproductiva.net\/blog\/wp-json\/wp\/v2\/comments?post=231"}],"version-history":[{"count":4,"href":"https:\/\/patriaproductiva.net\/blog\/wp-json\/wp\/v2\/posts\/231\/revisions"}],"predecessor-version":[{"id":240,"href":"https:\/\/patriaproductiva.net\/blog\/wp-json\/wp\/v2\/posts\/231\/revisions\/240"}],"wp:featuredmedia":[{"embeddable":true,"href":"https:\/\/patriaproductiva.net\/blog\/wp-json\/wp\/v2\/media\/232"}],"wp:attachment":[{"href":"https:\/\/patriaproductiva.net\/blog\/wp-json\/wp\/v2\/media?parent=231"}],"wp:term":[{"taxonomy":"category","embeddable":true,"href":"https:\/\/patriaproductiva.net\/blog\/wp-json\/wp\/v2\/categories?post=231"},{"taxonomy":"post_tag","embeddable":true,"href":"https:\/\/patriaproductiva.net\/blog\/wp-json\/wp\/v2\/tags?post=231"}],"curies":[{"name":"wp","href":"https:\/\/api.w.org\/{rel}","templated":true}]}}