{"id":244,"date":"2021-03-13T10:44:48","date_gmt":"2021-03-13T13:44:48","guid":{"rendered":"https:\/\/patriaproductiva.net\/blog\/?p=244"},"modified":"2021-03-13T14:57:25","modified_gmt":"2021-03-13T17:57:25","slug":"libro-las-50-sombras-del-agro","status":"publish","type":"post","link":"https:\/\/patriaproductiva.net\/blog\/libro-las-50-sombras-del-agro\/","title":{"rendered":"Libro: &#8220;Las 50 sombras del Agro&#8221;"},"content":{"rendered":"\n<figure class=\"wp-block-image size-large\"><img fetchpriority=\"high\" decoding=\"async\" width=\"662\" height=\"314\" src=\"https:\/\/patriaproductiva.net\/blog\/wp-content\/uploads\/2021\/03\/libro.png\" alt=\"\" class=\"wp-image-245\" srcset=\"https:\/\/patriaproductiva.net\/blog\/wp-content\/uploads\/2021\/03\/libro.png 662w, https:\/\/patriaproductiva.net\/blog\/wp-content\/uploads\/2021\/03\/libro-600x285.png 600w, https:\/\/patriaproductiva.net\/blog\/wp-content\/uploads\/2021\/03\/libro-300x142.png 300w\" sizes=\"(max-width: 662px) 100vw, 662px\" \/><\/figure>\n\n\n\n<p class=\"wp-block-paragraph\">El d\u00eda de ayer, <strong>viernes 12\/03 a las 18:00 h<\/strong>,&nbsp;se realiz\u00f3 la presentaci\u00f3n del libro&nbsp;<em><strong>\u00abLas 50 sombras del Agro\u00bb<\/strong><\/em>, un recorrido por los hechos del sombr\u00edo gobierno de la Alianza Cambiemos, desde la mirada del sector productivo, elaborado por el Centro de Estudios Agrarios. La obra, prologada por Diana Guill\u00e9n y Juan Grabois fue escrita por Mar\u00eda Rizzo y Mat\u00edas Strasorier.<\/p>\n\n\n\n<p class=\"wp-block-paragraph\">El evento se llev\u00f3 a cabo  de forma virtual por el &nbsp;<a rel=\"noreferrer noopener\" href=\"https:\/\/www.facebook.com\/InstitutoPATRIAar\" target=\"_blank\">Facebook<\/a> del Instituto Patria.<\/p>\n\n\n\n<p class=\"wp-block-paragraph\">Para ver la presentaci\u00f3n completa d\u00e9 clic en el siguiente link: <a href=\"https:\/\/www.youtube.com\/watch?v=ciBS9B8Q_aI\" target=\"_blank\" rel=\"noreferrer noopener\">https:\/\/www.youtube.com\/watch?v=ciBS9B8Q_aI<\/a><\/p>\n","protected":false},"excerpt":{"rendered":"<p>El d\u00eda de ayer, viernes 12\/03 a las 18:00 h,&nbsp;se realiz\u00f3 la presentaci\u00f3n del libro&nbsp;\u00abLas 50 sombras del Agro\u00bb, un&#46;&#46;&#46;<\/p>\n","protected":false},"author":1,"featured_media":245,"comment_status":"open","ping_status":"open","sticky":false,"template":"","format":"standard","meta":{"footnotes":""},"categories":[8,21],"tags":[],"class_list":["post-244","post","type-post","status-publish","format-standard","has-post-thumbnail","hentry","category-agroindustria","category-literatura"],"_links":{"self":[{"href":"https:\/\/patriaproductiva.net\/blog\/wp-json\/wp\/v2\/posts\/244","targetHints":{"allow":["GET"]}}],"collection":[{"href":"https:\/\/patriaproductiva.net\/blog\/wp-json\/wp\/v2\/posts"}],"about":[{"href":"https:\/\/patriaproductiva.net\/blog\/wp-json\/wp\/v2\/types\/post"}],"author":[{"embeddable":true,"href":"https:\/\/patriaproductiva.net\/blog\/wp-json\/wp\/v2\/users\/1"}],"replies":[{"embeddable":true,"href":"https:\/\/patriaproductiva.net\/blog\/wp-json\/wp\/v2\/comments?post=244"}],"version-history":[{"count":5,"href":"https:\/\/patriaproductiva.net\/blog\/wp-json\/wp\/v2\/posts\/244\/revisions"}],"predecessor-version":[{"id":250,"href":"https:\/\/patriaproductiva.net\/blog\/wp-json\/wp\/v2\/posts\/244\/revisions\/250"}],"wp:featuredmedia":[{"embeddable":true,"href":"https:\/\/patriaproductiva.net\/blog\/wp-json\/wp\/v2\/media\/245"}],"wp:attachment":[{"href":"https:\/\/patriaproductiva.net\/blog\/wp-json\/wp\/v2\/media?parent=244"}],"wp:term":[{"taxonomy":"category","embeddable":true,"href":"https:\/\/patriaproductiva.net\/blog\/wp-json\/wp\/v2\/categories?post=244"},{"taxonomy":"post_tag","embeddable":true,"href":"https:\/\/patriaproductiva.net\/blog\/wp-json\/wp\/v2\/tags?post=244"}],"curies":[{"name":"wp","href":"https:\/\/api.w.org\/{rel}","templated":true}]}}