{"id":252,"date":"2021-03-17T21:11:29","date_gmt":"2021-03-18T00:11:29","guid":{"rendered":"https:\/\/patriaproductiva.net\/blog\/?p=252"},"modified":"2021-03-17T21:11:31","modified_gmt":"2021-03-18T00:11:31","slug":"desafios-para-consolidar-el-desarrollo","status":"publish","type":"post","link":"https:\/\/patriaproductiva.net\/blog\/desafios-para-consolidar-el-desarrollo\/","title":{"rendered":"Desaf\u00edos para consolidar el desarrollo"},"content":{"rendered":"\n<p class=\"wp-block-paragraph\">Inversi\u00f3n social para atender a los vulnerables, recuperaci\u00f3n del poder de compra del salario, un pujante programa de infraestructura p\u00fablica productiva y social, mas equidad y trabajo<\/p>\n\n\n\n<p class=\"wp-block-paragraph\">Por D\u00e9bora Giorgi*<\/p>\n\n\n\n<div class=\"wp-block-image\"><figure class=\"aligncenter size-large\"><img fetchpriority=\"high\" decoding=\"async\" width=\"1024\" height=\"576\" src=\"https:\/\/patriaproductiva.net\/blog\/wp-content\/uploads\/2021\/03\/deb-1024x576.jpg\" alt=\"\" class=\"wp-image-253\" srcset=\"https:\/\/patriaproductiva.net\/blog\/wp-content\/uploads\/2021\/03\/deb-1024x576.jpg 1024w, https:\/\/patriaproductiva.net\/blog\/wp-content\/uploads\/2021\/03\/deb-600x338.jpg 600w, https:\/\/patriaproductiva.net\/blog\/wp-content\/uploads\/2021\/03\/deb-300x169.jpg 300w, https:\/\/patriaproductiva.net\/blog\/wp-content\/uploads\/2021\/03\/deb-768x432.jpg 768w, https:\/\/patriaproductiva.net\/blog\/wp-content\/uploads\/2021\/03\/deb.jpg 1200w\" sizes=\"(max-width: 1024px) 100vw, 1024px\" \/><\/figure><\/div>\n\n\n\n<p class=\"wp-block-paragraph\"><strong>El contexto Internacional: un cambio en march<\/strong>a<br>La pandemia del coronavirus desnud\u00f3 definitivamente el fracaso de la hiperglobalizaci\u00f3n. La creciente desigualdad en el mundo desarrollado y m\u00e1s a\u00fan en los pa\u00edses de la periferia excluyendo a millones de los derechos m\u00ednimos para el desarrollo humano, el creciente deterioro del medio ambiente, los flujos migratorios en aumento en b\u00fasqueda de supervivencia y las desigualdades de g\u00e9nero persistentes. Ese ha sido, el resultado de la liberalizaci\u00f3n financiera y la expansi\u00f3n de las leyes de mercado sin controles adecuados que permitieran equilibrar la puja entre el inter\u00e9s privado y p\u00fablico y\/o el poder del capital y el trabajo.<\/p>\n\n\n\n<p class=\"wp-block-paragraph\">La desregulaci\u00f3n de capitales articulada con \u201cpara\u00edsos fiscales\u201d y su contracara en conformaci\u00f3n de cadenas de valor de producci\u00f3n globales cada vez m\u00e1s concentradas en pocos pa\u00edses y actores que operan maximizando ganancias globales sostenidas en bajos salarios y\/o incentivos fiscales, aprovechando la no libre movilidad de los trabajadores, que fortalece su poder de negociaci\u00f3n con los empleados, han sido veh\u00edculos de rentas may\u00fasculas para la especulaci\u00f3n, la evasi\u00f3n, el desempleo y la p\u00e9rdida de poder adquisitivo del salario, deteriorando las m\u00ednimas condiciones necesarias para las pol\u00edticas de desarrollo de los pa\u00edses perf\u00e9ricos, pero tambi\u00e9n llevando pobreza y desigualdad a los pa\u00edses desarrollados.<\/p>\n\n\n\n<p class=\"wp-block-paragraph\">Lo descrito termin\u00f3 afectando negativamente la demanda agregada y comprometiendo el crecimiento de la econom\u00eda mundial. La eficiencia proclamada por quienes impulsaron el neoliberalismo nunca lleg\u00f3 y en su lugar dej\u00f3 tasas de crecimiento fluctuantes y cada vez m\u00e1s bajas.<\/p>\n\n\n\n<p class=\"wp-block-paragraph\">La pandemia mostr\u00f3 lo m\u00e1s crudo de esta realidad y aceler\u00f3 los tiempos de toma de decisiones. Los paquetes de ayuda en los pa\u00edses desarrollados han sido cuantiosos, el cambio hacia cadenas de producci\u00f3n globales m\u00e1s cortas que aseguren abastecimiento y empleo en las potencias mundiales, y la revalorizaci\u00f3n en sus agendas del combate al cambio clim\u00e1tico y los importantes incentivos al desarrollo de las nuevas tecnolog\u00edas basadas en la econom\u00eda del conocimiento se han multiplicado en EEUU, UE, China, y otros pa\u00edses l\u00edderes.<\/p>\n\n\n\n<p class=\"wp-block-paragraph\">Esto se conjuga con un cambio de la demanda a nivel mundial que prioriza el cuidado del medio ambiente en sus decisiones de compra (uso de nuevas motorizaciones no contaminantes, hogares \u201cinteligentes\u201d, plataformas on line de compras), desconcentraci\u00f3n de centros urbanos hacia periferias con las consecuente demandas de conectividad y transporte p\u00fablico. Todo acelera los tiempos de cambios productivos globales e implicar\u00e1 fuertes inversiones de gobiernos y corporaciones en procesos de la llamada quinta revoluci\u00f3n industrial, intensiva en econom\u00eda del conocimiento.<\/p>\n\n\n\n<p class=\"wp-block-paragraph\">El cambio hacia relaciones internacionales en un \u00e1mbito multipolar, donde se fortalecen y articulan alianzas, evidencian una nueva etapa y la necesidad global de preservar el trabajo y mejorar la calidad de vida de sus habitantes buscando interrumpir la imp\u00fadica concentraci\u00f3n de la riqueza pero dejando claro que la \u201cbatalla\u201d estar\u00e1 en el campo de las nuevas tecnolog\u00edas.<\/p>\n\n\n\n<p class=\"wp-block-paragraph\">\u00bfImplicar\u00e1 todo esto cambios m\u00e1s profundos que la pol\u00edtica monetaria expansiva a nivel global? Hay indicios en ese sentido, m\u00e1s a\u00fan porque los resultados desde el 2008 hasta ahora, solo profundizaron desigualdades y acrecentaron el descontento social.&nbsp;<\/p>\n\n\n\n<p class=\"wp-block-paragraph\">La marcada fragilidad de los pa\u00edses perif\u00e9ricos, demanda fortalecer sus bloques regionales con pol\u00edticas de integraci\u00f3n que incluyan el comercio de bienes y servicios, integraci\u00f3n de infraestructura, energ\u00eda y generaci\u00f3n de conocimiento aplicado conjunto que se traduzcan en patentes y modelos industriales nacionales y regionales, y desprimarizaci\u00f3n de los aparatos productivos.<\/p>\n\n\n\n<p class=\"wp-block-paragraph\"><strong>Nuestro pa\u00eds: \u00bfDe d\u00f3nde venimos?<\/strong><br>Como era de esperar el Gobierno del ex presidente Macri despleg\u00f3 pol\u00edticas de seguimiento a ultranza de los mandatos de la hiperglobalizaci\u00f3n. La inversi\u00f3n prometida no lleg\u00f3, porque nadie invierte sin un mercado interno pujante ni un bloque regional consolidado. Nadie invierte en el sector productivo cuando se propician ganancias financieras especulativas. Un proceso dise\u00f1ado para la fuga de capitales, y luego los especuladores financieros globales se retiraron al evaluar, que los vencimientos asumidos por el pa\u00eds con el mercado financiero internacional privado a claras luces eran impagables.<\/p>\n\n\n\n<p class=\"wp-block-paragraph\">El \u201cmanotazo de ahogado\u201d fue recurrir al FMI, con acuerdos sucesivos, fuera de todo an\u00e1lisis econ\u00f3mico financiero en cuanto a la capacidad de pago del pa\u00eds, que determin\u00f3 desembolsos por U$ 44.000 millones de los cuales se fugaron U$ 40.000 millones, incumpli\u00e9ndose las normas b\u00e1sicas de dicho organismo respecto al destino y sustententabilidad de dichos pr\u00e9stamos y las responsabilidades de quienes los asumieron.<\/p>\n\n\n\n<p class=\"wp-block-paragraph\"><strong>Desaf\u00edos y futuro<\/strong><br>En ese contexto asumi\u00f3 el presidente Alberto Fern\u00e1ndez y en poco tiempo tuvo que enfrentar la pandemia del coronavirus. Prioriz\u00f3 lo urgente y actu\u00f3 con decisi\u00f3n para tomar las medidas que eran necesarias.<\/p>\n\n\n\n<p class=\"wp-block-paragraph\">Los resultados muestran una recuperaci\u00f3n econ\u00f3mica heterog\u00e9nea, que tiende a superar los niveles pre pandemia, y se concentra en sectores con buena demanda de mano de obra como la industria, la construcci\u00f3n y el comercio.<\/p>\n\n\n\n<p class=\"wp-block-paragraph\">Los desaf\u00edos contin\u00faan siendo muchos y dif\u00edciles, sin embargo estamos en el rumbo correcto y los esfuerzos para alcanzar los objetivos son claros, inversi\u00f3n social para atender a los vulnerables, recuperaci\u00f3n del poder de compra del salario, un pujante programa de infraestructura p\u00fablica productiva y social que genere aumento de competitividad, mas equidad y trabajo, incentivos y pol\u00edticas \u00e1giles y adecuadas sectorial y federalmente para la transferencia tecnol\u00f3gica a las m\u00e1s de 400.000 pymes del pa\u00eds que proporcionan el 60% del empleo a fin de que puedan abastecer el mercado interno con precios y calidad adecuadas y exportar.<\/p>\n\n\n\n<p class=\"wp-block-paragraph\">Al mismo tiempo se deben neutralizar las ganancias provenientes de posiciones dominantes, la historia nos muestra que en cada crisis econ\u00f3mica -y la del Gobierno de Macri lo fue -, la oferta se concentra cada vez m\u00e1s en menos actores. Otorgar disponibilidad efectiva de cr\u00e9dito blando en condiciones apropiadas para la inversi\u00f3n de las pymes en su diversidad, fortalecer el bloque regional latinoamericano para consolidar una integraci\u00f3n productiva con agregado de valor y tecnolog\u00eda, y a partir de ello llevar adelante las negociaciones internacionales equilibradas y gananciosas.<\/p>\n\n\n\n<p class=\"wp-block-paragraph\">Las subas de precios en los commodities agr\u00edcolas valorizar\u00edan en U$ 31.000 millones la pr\u00f3xima cosecha y el aporte extraordinario a las grandes fortunas generar\u00e1 ingresos fiscales por $300.000 millones, sin duda dos pilares que encauzar\u00e1n los desequilibrios macroecon\u00f3micos.<\/p>\n\n\n\n<p class=\"wp-block-paragraph\">La inversi\u00f3n requiere incentivos y de un mercado local pujante, un mercado regional integrado y pol\u00edticas que alienten y financien el imprescindible salto tecnol\u00f3gico que debe llegar al territorio respetando la heterogeneidad productiva del mismo.<\/p>\n\n\n\n<p class=\"wp-block-paragraph\">Y el Mercosur, el Mercosur ampliado, la CELAG, son foros que deben ser priorizados para consolidar desde ah\u00ed una integraci\u00f3n al mundo, que deber\u00e1 tener como premisa los tratamientos diferenciados seg\u00fan las etapas de desarrollo de los pa\u00edses\/ bloques que realicen los acuerdos.<\/p>\n\n\n\n<p class=\"wp-block-paragraph\"><br><em>*Ex Ministra de Industria de la Naci\u00f3n, ex Ministra de Producci\u00f3n de la PBA, Secretar\u00eda de Producci\u00f3n de La Matanza. Twitter: @giorgi_debora En co-autor\u00eda con \u00a0Javier Rando, ex Secretario de Industria de la Naci\u00f3n, Subsecretario General de Producci\u00f3n de La Matanza<\/em><\/p>\n","protected":false},"excerpt":{"rendered":"<p>Inversi\u00f3n social para atender a los vulnerables, recuperaci\u00f3n del poder de compra del salario, un pujante programa de infraestructura p\u00fablica&#46;&#46;&#46;<\/p>\n","protected":false},"author":1,"featured_media":253,"comment_status":"open","ping_status":"open","sticky":false,"template":"","format":"standard","meta":{"footnotes":""},"categories":[44],"tags":[],"class_list":["post-252","post","type-post","status-publish","format-standard","has-post-thumbnail","hentry","category-produccion"],"_links":{"self":[{"href":"https:\/\/patriaproductiva.net\/blog\/wp-json\/wp\/v2\/posts\/252","targetHints":{"allow":["GET"]}}],"collection":[{"href":"https:\/\/patriaproductiva.net\/blog\/wp-json\/wp\/v2\/posts"}],"about":[{"href":"https:\/\/patriaproductiva.net\/blog\/wp-json\/wp\/v2\/types\/post"}],"author":[{"embeddable":true,"href":"https:\/\/patriaproductiva.net\/blog\/wp-json\/wp\/v2\/users\/1"}],"replies":[{"embeddable":true,"href":"https:\/\/patriaproductiva.net\/blog\/wp-json\/wp\/v2\/comments?post=252"}],"version-history":[{"count":1,"href":"https:\/\/patriaproductiva.net\/blog\/wp-json\/wp\/v2\/posts\/252\/revisions"}],"predecessor-version":[{"id":254,"href":"https:\/\/patriaproductiva.net\/blog\/wp-json\/wp\/v2\/posts\/252\/revisions\/254"}],"wp:featuredmedia":[{"embeddable":true,"href":"https:\/\/patriaproductiva.net\/blog\/wp-json\/wp\/v2\/media\/253"}],"wp:attachment":[{"href":"https:\/\/patriaproductiva.net\/blog\/wp-json\/wp\/v2\/media?parent=252"}],"wp:term":[{"taxonomy":"category","embeddable":true,"href":"https:\/\/patriaproductiva.net\/blog\/wp-json\/wp\/v2\/categories?post=252"},{"taxonomy":"post_tag","embeddable":true,"href":"https:\/\/patriaproductiva.net\/blog\/wp-json\/wp\/v2\/tags?post=252"}],"curies":[{"name":"wp","href":"https:\/\/api.w.org\/{rel}","templated":true}]}}