{"id":261,"date":"2021-03-17T21:55:35","date_gmt":"2021-03-18T00:55:35","guid":{"rendered":"https:\/\/patriaproductiva.net\/blog\/?p=261"},"modified":"2021-03-17T21:55:37","modified_gmt":"2021-03-18T00:55:37","slug":"el-sujeto-historico-del-peronismo","status":"publish","type":"post","link":"https:\/\/patriaproductiva.net\/blog\/el-sujeto-historico-del-peronismo\/","title":{"rendered":"El sujeto hist\u00f3rico del peronismo"},"content":{"rendered":"\n<p class=\"has-text-align-right wp-block-paragraph\"><em>Donde hay una necesidad nace un derecho<\/em><br><em>Eva Per\u00f3n<\/em><\/p>\n\n\n\n<p class=\"has-text-align-right wp-block-paragraph\"><em>Ladran Sancho\u2026 se\u00f1al que cabalgamos<\/em><br><em> Miguel Cervantes, en el Quijote de la Mancha<\/em><\/p>\n\n\n\n<div class=\"wp-block-image\"><figure class=\"aligncenter size-large\"><img fetchpriority=\"high\" decoding=\"async\" width=\"700\" height=\"352\" src=\"https:\/\/patriaproductiva.net\/blog\/wp-content\/uploads\/2021\/03\/PERON.jpg\" alt=\"\" class=\"wp-image-266\" srcset=\"https:\/\/patriaproductiva.net\/blog\/wp-content\/uploads\/2021\/03\/PERON.jpg 700w, https:\/\/patriaproductiva.net\/blog\/wp-content\/uploads\/2021\/03\/PERON-600x302.jpg 600w, https:\/\/patriaproductiva.net\/blog\/wp-content\/uploads\/2021\/03\/PERON-300x151.jpg 300w\" sizes=\"(max-width: 700px) 100vw, 700px\" \/><\/figure><\/div>\n\n\n\n<p class=\"wp-block-paragraph\">El sujeto hist\u00f3rico del peronismo, en tanto sector de la sociedad que tiene la enorme capacidad de transformar su propia realidad y la del conjunto de nuestro pa\u00eds sobre la base del objetivo com\u00fan de construir una Patria Justa, libre y soberana, con memoria, verdad y justicia, ha cumplido ya 75 a\u00f1os de existencia.<\/p>\n\n\n\n<p class=\"wp-block-paragraph\">En ese tiempo, tanto la capacidad transformadora del peronismo como la composici\u00f3n social de su sujeto hist\u00f3rico han sufrido cambios notorios.<\/p>\n\n\n\n<p class=\"wp-block-paragraph\">Resultan evidentes los cambios de nuestra capacidad transformadora a lo largo del tiempo.&nbsp;<\/p>\n\n\n\n<p class=\"wp-block-paragraph\">Conviene recordar brevemente algunas etapas: potente y generadora de cambios sustantivos en el conjunto de nuestra sociedad durante los dos primeros gobiernos de Per\u00f3n (1945 a 1955); perdi\u00f3 esa potencia pero no pudo ser avasallado y pudo superar con \u00e9xito el per\u00edodo de la Resistencia Peronista (1955 a 1973); revivi\u00f3 brevemente con el regreso de Per\u00f3n (1973 a 1976); con el enorme costo de los 30.000 desaparecidos retrocedi\u00f3 hasta el l\u00edmite de su supervivencia con la dictadura c\u00edvico militar (1976 a 1983); recuper\u00f3 presencia pol\u00edtica con el regreso de la democracia (1983 a 1989); sufri\u00f3 el embate del neoliberalismo, enquistado primero en su propios seno y luego con el fracasado ensayo de De la R\u00faa (1989 a 2001); fue recuperando su potencia transformadora con el gobierno de transici\u00f3n de Duhalde, que se despleg\u00f3 en toda su magnitud con los tres gobiernos sucesivos de N\u00e9stor y de Cristina (2001 a 2015); sufri\u00f3 el impacto del nuevo intento neoliberal de Macri (2016 a 2019) y nos encuentra hoy, de la mano de Alberto Fern\u00e1ndez y de Cristina Fern\u00e1ndez de Kirchner, en un nuevo intento de avanzar y consolidar nuestros objetivos.&nbsp;<\/p>\n\n\n\n<p class=\"wp-block-paragraph\">A la vista de las pr\u00f3ximas elecciones legislativas y teniendo en cuenta tanto que necesitamos un triunfo que nos permita lograr la mayor\u00eda en ambas c\u00e1maras del HCN , como que nos fueron esquivas en las \u00faltimos 16 a\u00f1os, se hace necesario repasar los cambios en la composici\u00f3n de nuestro sujeto hist\u00f3rico cuyos intereses representamos y que constituyen la base de nuestra capacidad transformadora.&nbsp;&nbsp;&nbsp;&nbsp;&nbsp;&nbsp;&nbsp;&nbsp;&nbsp;&nbsp;<\/p>\n\n\n\n<h1 class=\"wp-block-heading\">Nuestro sujeto hist\u00f3rico<\/h1>\n\n\n\n<p class=\"wp-block-paragraph\">El trabajador, columna vertebral de nuestro movimiento, que tambi\u00e9n integran las ramas pol\u00edtca, de la juventud y la femenina, ha sido considerado como el sujeto hist\u00f3rico del peronismo y ha venido experimentando importantes transformaciones en las \u00faltimas 7 d\u00e9cadas.&nbsp;<\/p>\n\n\n\n<p class=\"wp-block-paragraph\">Las m\u00e1s evidentes quedan expuestas al considerar la evoluci\u00f3n relativa de la composici\u00f3n del empleo en nuestro pa\u00eds entre 1951 y la actualidad.&nbsp;<\/p>\n\n\n\n<p class=\"wp-block-paragraph\">El cambio m\u00e1s significativo se produce en el empleo en la actividad manufacturera, que descendi\u00f3 desde el 35,1% del total de los trabajadores en 1951 hasta el m\u00ednimo hist\u00f3rico del 11,1% en el \u00faltimo trimestre de 2019, con una leve recuperaci\u00f3n hasta el 12,4% en el segundo trimestre de 2020. Esos porcentajes indican que en los \u00faltimos 70 a\u00f1os la cantidad de trabajadores en la actividad industrial se derrumb\u00f3 en m\u00e1s de dos terceras partes de su nivel inicial.<\/p>\n\n\n\n<p class=\"wp-block-paragraph\">Otras actividades mostraron cambios de menor magnitud, como el transporte, almacenaje y comunicaciones con una ca\u00edda entre 1951 y 2019 de 1,9 puntos porcentuales, o la construcci\u00f3n con un incremento en igual per\u00edodo de 1,2 puntos porcentuales.<\/p>\n\n\n\n<p class=\"wp-block-paragraph\">Las actividades de servicios financieros y empresariales, alquileres y la actividad inmobiliaria mostr\u00f3 un aumento relativo del empleo de 8,9 puntos porcentuales entre 1951 y 2019, mientras que el comercio, la hoteler\u00eda y restaurantes mostraron incrementos de 9,1 puntos porcentuales en el mismo per\u00edodo. A su vez los dem\u00e1s servicios, incluyendo los de ense\u00f1anza, sociales y de salud, trabajo dom\u00e9stico y los dem\u00e1s servicios comunitarios, sociales y personales, incrementaron su participaci\u00f3n en\u00a0\u00a0 la composici\u00f3n del empleo en 6,5 puntos porcentuales en los \u00faltimos 70 a\u00f1os. Los cambios se pueden apreciar en el siguiente gr\u00e1fico:<\/p>\n\n\n\n<div class=\"wp-block-image\"><figure class=\"aligncenter size-large\"><img decoding=\"async\" width=\"548\" height=\"292\" src=\"https:\/\/patriaproductiva.net\/blog\/wp-content\/uploads\/2021\/03\/GRAF1.png\" alt=\"\" class=\"wp-image-262\" srcset=\"https:\/\/patriaproductiva.net\/blog\/wp-content\/uploads\/2021\/03\/GRAF1.png 548w, https:\/\/patriaproductiva.net\/blog\/wp-content\/uploads\/2021\/03\/GRAF1-300x160.png 300w\" sizes=\"(max-width: 548px) 100vw, 548px\" \/><\/figure><\/div>\n\n\n\n<p class=\"wp-block-paragraph\">A partir del tercer trimestre del 2003 la Encuesta Permanente de Hogares recopil\u00f3 datos sobre sexo, edad, formaci\u00f3n y tama\u00f1o de las empresas en que se desempe\u00f1an los trabajadores.<\/p>\n\n\n\n<p class=\"wp-block-paragraph\">Las variaciones de las participaciones en el empleo seg\u00fan el sexo y el tama\u00f1o de empresa en que se desempe\u00f1an los trabajadores no resultan significativas. Los par\u00e1metros que muestran cambios importantes son los correspondientes a las participaciones en el empleo seg\u00fan la franja etaria y el nivel de formaci\u00f3n. Esos cambios se sintetizan el siguiente gr\u00e1fico:&nbsp;<\/p>\n\n\n\n<div class=\"wp-block-image\"><figure class=\"aligncenter size-large\"><img decoding=\"async\" width=\"648\" height=\"324\" src=\"https:\/\/patriaproductiva.net\/blog\/wp-content\/uploads\/2021\/03\/GRAF2.png\" alt=\"\" class=\"wp-image-263\" srcset=\"https:\/\/patriaproductiva.net\/blog\/wp-content\/uploads\/2021\/03\/GRAF2.png 648w, https:\/\/patriaproductiva.net\/blog\/wp-content\/uploads\/2021\/03\/GRAF2-600x300.png 600w, https:\/\/patriaproductiva.net\/blog\/wp-content\/uploads\/2021\/03\/GRAF2-300x150.png 300w\" sizes=\"(max-width: 648px) 100vw, 648px\" \/><\/figure><\/div>\n\n\n\n<p class=\"wp-block-paragraph\">En relaci\u00f3n con la edad se puede apreciar un relativo envejecimiento de los trabajadores con ca\u00eddas importantes de los trabajadores m\u00e1s j\u00f3venes y aumentos en la participaci\u00f3n en el empleo de los de mayor edad, especialmente en la franja de 35 a 49 a\u00f1os.<\/p>\n\n\n\n<p class=\"wp-block-paragraph\">Tambi\u00e9n se registran cambios de importancia en los niveles de formaci\u00f3n de los trabajadores, destac\u00e1ndose importantes ca\u00eddas en las formaciones de hasta primario incompleto, las que se van morigerando para las sucesivas formaciones de primario completo y de secundario incompleto. En contrapartida las formaciones de secundario completo, terciarios o universitarios incompletos y completos demuestran importantes incrementos.&nbsp;<\/p>\n\n\n\n<p class=\"wp-block-paragraph\">Por \u00faltimo el otro dato registrado que es imprescindible tomar en consideraci\u00f3n para la caracterizaci\u00f3n de nuestro sujeto hist\u00f3rico es el que corresponde a los niveles de empleo y desempleo que pude obtener para el a\u00f1o 1980, 1991 y para el inicio de cada ciclo presidencial a partir del 2001, tal como se muestra en el gr\u00e1fico siguiente:<\/p>\n\n\n\n<div class=\"wp-block-image\"><figure class=\"aligncenter size-large\"><img loading=\"lazy\" decoding=\"async\" width=\"639\" height=\"549\" src=\"https:\/\/patriaproductiva.net\/blog\/wp-content\/uploads\/2021\/03\/GRAF3.png\" alt=\"\" class=\"wp-image-264\" srcset=\"https:\/\/patriaproductiva.net\/blog\/wp-content\/uploads\/2021\/03\/GRAF3.png 639w, https:\/\/patriaproductiva.net\/blog\/wp-content\/uploads\/2021\/03\/GRAF3-600x515.png 600w, https:\/\/patriaproductiva.net\/blog\/wp-content\/uploads\/2021\/03\/GRAF3-300x258.png 300w\" sizes=\"(max-width: 639px) 100vw, 639px\" \/><\/figure><\/div>\n\n\n\n<p class=\"wp-block-paragraph\">El gr\u00e1fico permite visualizar lo dif\u00edcil y lo prolongado que demanda reducir el desempleo y el subempleo y en contraposici\u00f3n lo f\u00e1cil y r\u00e1pido que es aumentar esos valores<a href=\"#_ftn1\"><sup>[1]<\/sup><\/a>.&nbsp;<\/p>\n\n\n\n<p class=\"wp-block-paragraph\">Los niveles del desempleo y del subempleo que se verificaron desde inicios del milenio son los que explicar\u00eda la aparici\u00f3n y creciente importancia de las organizaciones sociales, cuyos integrantes, en tanto expulsados del mundo del trabajo, tambi\u00e9n son parte de nuestro sujeto hist\u00f3rico.&nbsp;<\/p>\n\n\n\n<p class=\"wp-block-paragraph\">Hasta aqu\u00ed lo datos duros que pude registrar sobre el trabajo; creo necesario esos datos que sean complementados por otros de \u00edndole cualitativa de especial significaci\u00f3n, los cuales deber\u00edan ser analizados con mayor conocimiento del que poseo, pero que me atrevo a enumerar:<\/p>\n\n\n\n<ul class=\"wp-block-list\"><li>Cambios en el perfil del sindicalismo y la p\u00e9rdida de su unidad, que ocasionan una p\u00e9rdida de poder relativo, tanto ante los empleadores, como en su peso pol\u00edtico en el movimiento peronista y sus frentes electorales;<\/li><li>Cambio en el perfil de la propiedad de las empresas, con una creciente extranjerizaci\u00f3n de estas, que adem\u00e1s establece condiciones de trabajo, beneficios extra convencionales y los valores y la cultura del trabajo espec\u00edficas de cada empresa;<\/li><li>Creciente desactualizaci\u00f3n del concepto de clase trabajadora, que por una parte incluye la negaci\u00f3n de pertenencia de una parte de los trabajadores, que ahora consideran parte de los sectores medios, en especial los dedicados a servicios de mayor valor agregado; y por la otra parte ese concepto sufre el desgranamiento del cuentapropismo.<\/li><\/ul>\n\n\n\n<p class=\"wp-block-paragraph\">En simult\u00e1neo con la p\u00e9rdida del peso relativo de los trabajadores como sujeto hist\u00f3rico del peronismo otros colectivos han venido ganando mayor relevancia: los j\u00f3venes, las organizaciones sociales y las mujeres y diversidades de g\u00e9nero.<\/p>\n\n\n\n<p class=\"wp-block-paragraph\">La juventud inici\u00f3 su ascenso desde fines de la d\u00e9cada de los 60, e impulsada por el idealismo se fue incorporando al peronismo desde los sectores progresistas de la iglesia y de la izquierda revolucionaria. Una \u00e9poca tremenda que, a pesar de los costos de las vidas perdidas y los fracasos sufridos, dio al peronismo un nuevo perfil que subsiste hasta nuestros d\u00edas. Es posible que la represi\u00f3n indiscriminada de la dictadura hacia todo lo popular haya contribuido posteriormente al acercamiento de los sectores de la izquierda con el peronismo m\u00e1s progresista.&nbsp;<\/p>\n\n\n\n<p class=\"wp-block-paragraph\">De la mano de N\u00e9stor y de Cristina, con su reconocimiento a las Madres de Plaza de Mayo, la prioridad absoluta otorgada a los juicios de lesa humanidad a los represores y el agregado de la cuarta bandera al peronismo de memoria, verdad y justicia, el kirchnerismo regener\u00f3 el entusiasmo juvenil en la participaci\u00f3n pol\u00edtica.&nbsp;<\/p>\n\n\n\n<p class=\"wp-block-paragraph\">Los movimientos sociales muestran m\u00faltiples origenes, como redes territoriales y vecinales que comparten problem\u00e1ticas comunes; la desocupaci\u00f3n, como elemento aglutinante entre los excluidos del sistema; el cierre de empresas, que ante la falta de alternativas de trabajo, hicieron la necesidad de dar continuidad a la empresa mediante cooperativas de trabajo; entre otras.<\/p>\n\n\n\n<p class=\"wp-block-paragraph\">Sobre esa base y en modo provisorio<a href=\"#_ftn2\"><strong><sup><strong><sup>[2]<\/sup><\/strong><\/sup><\/strong><\/a> se pueden agrupar a los principales movimientos sociales de la siguiente manera:<\/p>\n\n\n\n<ul class=\"wp-block-list\"><li>Asambleas barriales y movimientos zonales, conformadas por sectores medios con objetivos comunes, tales como el ejercicio de la democracia directa y la exigencia del \u201cque se vayan todos\u201d); sus acciones est\u00e1n orientadas al ejercicio del di\u00e1logo en las calles, la creaci\u00f3n de comedores, bolsas de trabajo, etc. &nbsp;<\/li><li>Piqueteros y movimientos de desocupados, originados en 1997 en Cutral Co por docentes y desocupados en reclamo al reingreso al mercado de trabajo, mediante cortes de avenidas y rutas. Ante la falta de soluciones para tener un nuevo trabajo, comenzaron a reclamar al Estado, prestaciones de asistencia en alimentos e ingresos; estos movimientos convirtieron en espacios de contenci\u00f3n y resistencia para los m\u00e1s pobres y desamparados, aunque la naturaleza de sus reclamos y la necesidad de negociar consesiones en modo permanente termina por restarles potencialidad de cambio.&nbsp;&nbsp;<\/li><li>Movimiento de f\u00e1bricas recuperadas, iniciado en 1995 en busca de la continuidad laboral mediante mecanismos de autogesti\u00f3n ante el cierre de empresas. Las empresas recuperadas, comenzaron a extenderse y adquirieron distintas formas jur\u00eddicas desde las sociedades an\u00f3nimas, hasta las cooperativas que se convirtieron en la modalidad m\u00e1s conveniente. Con esta modalidad los trabajadores se convirtieron en socios de las cooperativas.&nbsp; El movimiento cont\u00f3 con el respaldo de N\u00e9stor Kirchner, qui\u00e9n les otorg\u00f3 la necesaria estabilidad jur\u00eddica.&nbsp; \u00fc Movimientos ambientalistas: tomaron mayor notoriedad a partir de 2003 en oposici\u00f3n al desarrollo de la megaminer\u00eda en Esquel y la instalaci\u00f3n de las papeleras en Fray Bentos, Uruguay, y actualmente potenciados por los tem\u00e1s de cambio clim\u00e1tico y de los costos ambientales ocultos del desarrollo econ\u00f3mico.<\/li><\/ul>\n\n\n\n<p class=\"wp-block-paragraph\">Estos movimientos sociales significaron el surgimiento de nuevas identidades opositoras a los avances del neoliberalismo; por tal motivo muchos se identificaron pol\u00edticamente con el peronismo y otros con los partidos de la izquierda anticapitalista.&nbsp;<\/p>\n\n\n\n<p class=\"wp-block-paragraph\">El movimiento feminista viene desarrollando su lucha desde los inicios del siglo 20 y m\u00e1s recientemente se agregaron las reivindicaciones de las diversidades de g\u00e9nero. Como bien muestra Mara Brawer<a href=\"#_ftn3\"><sup>[3]<\/sup><\/a> el peronismo se constituy\u00f3 en el partido pol\u00edtico que realiz\u00f3 mayor cantidad de aportes fundamentales a ese movimiento, que paso a sintetizar:<\/p>\n\n\n\n<ul class=\"wp-block-list\"><li>En 1947, por iniciativa de Evita, se promulga la Ley de Derechos Pol\u00edticos de la Mujer; cuatro a\u00f1os despu\u00e9s, en 1952, accedieron al Congreso las primeras legisladoras: se consagr\u00f3 el derecho a elegir y ser elegidas.<\/li><li>Con la Constituci\u00f3n de 1949 se legaliz\u00f3 la patria potestad compartida, igualando a ambos progenitores en la toma de decisiones sobre el cuidado de hijos e hijas y se incorpor\u00f3 la noci\u00f3n de la propiedad como bien de familia. La patria potestad compartida fue abolida en 1956 y reestablecida en 1985 mediante la Ley 23.264.<\/li><\/ul>\n\n\n\n<ul class=\"wp-block-list\"><li>En 1954 se legaliz\u00f3 el divorcio vincular. La dictadura militar de 1955 suspendi\u00f3 las modificaciones y el divorcio reci\u00e9n se transformar\u00eda en ley a fines de la d\u00e9cada del 80, durante el gobierno de Ra\u00fal Alfons\u00edn.<\/li><li>Tambi\u00e9n en 1954, la Ley 14367 de Filiaci\u00f3n Extramatrimonial suprime las discriminaciones entre los hijos nacidos dentro y fuera del matrimonio que despojaba de cualquier derecho a los anteriormente considerados \u201chijos ileg\u00edtimos\u201d<\/li><li>A partir de 2003 los gobiernos de N\u00e9stor y Cristina Kirchner establecieron la mayor cantidad de nuevos derechos para las mujeres y las diversidades de g\u00e9nero que se recuerde en la historia de nuestro pa\u00eds: se cre\u00f3 el Programa Nacional de Salud Sexual y Procreaci\u00f3n Responsable (ley 25.673) que garantiza el acceso a la salud sexual y reproductiva a las mujeres; se sancionaron la Ley de Educaci\u00f3n Sexual Integral (26.150); la Ley de Protecci\u00f3n integral para prevenir, sancionar y erradicar la violencia contra las mujeres (26.485); la Ley de Prevenci\u00f3n y sanci\u00f3n de la trata de personas y asistencia a sus v\u00edctimas (26.364), la Ley de Reproducci\u00f3n m\u00e9dicamente asistida (26.862), la Ley de Matrimonio igualitario (26.618) y la Ley de Identidad de g\u00e9nero (26.743). Tambi\u00e9n se vot\u00f3 la ley 26.844 |que reconoci\u00f3 el trabajo de las empleadas dom\u00e9sticas dot\u00e1ndolas de derechos al salario m\u00ednimo, obra social, aguinaldo y vacaciones; en el a\u00f1o 2012 se sancion\u00f3 la figura de femicidio que modific\u00f3 el C\u00f3digo Penal, defin\u00e9ndolo como homicidio agravado con pena de la prisi\u00f3n perpetua; en 2014, con la modificaci\u00f3n del C\u00f3digo Civil, se regularon los v\u00ednculos sociales de los argentinos y las argentinas, se estableci\u00f3 la compensaci\u00f3n econ\u00f3mica a la persona que decide dedicarse a la crianza de los hijos y las hijas y posponer su desarrollo profesional y considera a las tareas de cuidado de los hijos y las hijas como tareas de ambos progenitores y abandona el concepto de \u201ctenencia\u201d para asumir el de \u201ccuidados compartidos e indistintos\u201d&nbsp;<\/li><li>E l actual gobierno de Alberto Fern\u00e1ndez cre\u00f3 el Ministerio de Mujeres, G\u00e9neros y Diversidad, y dot\u00f3 de fuerza ministerial al trabajo por los derechos de mujeres y diversidades, frente a toda forma de desigualdad y violencia; cumpliendo su promesa de campa\u00f1a sancion\u00f3 las leyes 27.610 de acceso a la Interrupci\u00f3n Voluntaria del Embarazo (IVE), y la 27611 de atenci\u00f3n y cuidado integral de la salud durante el embarazo y la primera infancia<\/li><\/ul>\n\n\n\n<p class=\"wp-block-paragraph\">Esta s\u00edntesis deja en claro que las leyes y los programas de ampliaci\u00f3n de derechos no s\u00f3lo cumplen el objetivo de dar respuestas a las demandas espec\u00edficas, sino que se basan en cambios sociales y culturales que fueron un permanente objeto de la lucha de las mujeres y las diversidades de g\u00e9nero, colectivo que a todas luces se han transformado en un sujeto fundamental de la Argentina reciente y tambi\u00e9n explica que pese a la horizontalidad de ese movimiento, su gran mayor\u00eda adhiere al peronismo.<\/p>\n\n\n\n<p class=\"wp-block-paragraph\">Antes de concluir estas l\u00edneas, creo necesario analizar algunos fen\u00f3menos que restan potencia al sujeto hist\u00f3rico del peronismo.&nbsp;<\/p>\n\n\n\n<p class=\"wp-block-paragraph\">Al anti-peronismo puro y duro<a href=\"#_ftn4\"><sup>[4]<\/sup><\/a> y al medio pelo al que Jauretche dedic\u00f3 su Manual Zonceras Argentinas, se agregaron m\u00e1s recientemente algunos sectores sociales de cierta relevancia cuantitativa, que algunos denominan como \u201caspiracionales\u201d, que reniegan de su origen y de su situaci\u00f3n econ\u00f3mica y social objetiva para adherir a los dictados del neoliberalismo y de los sectores econ\u00f3micos dominantes y los medios de comunicaci\u00f3n concentrados. Tal es el caso de los que dicen \u201ctodos somos el campo\u201d cuando no tienen m\u00e1s tierra que la de una maceta o de los que se movilizan en favor de una concentraci\u00f3n agraria que los perjudica bajo el lema \u201ctodos somos Vicent\u00edn\u201d.&nbsp; Tambi\u00e9n es el caso de los dominados por el relato neoliberal individualista y meritocr\u00e1tico, seg\u00fan el cual el progreso o el fracaso depende exclusivamente de cada uno, sin tomar en consideraci\u00f3n el impacto las pol\u00edticas p\u00fablicas que facilitan o dificultan el desarrollo individual y de los sectores en que cada persona y el conjunto de la sociedad se&nbsp; desenvuelve; conductas que en definitiva tienden a eliminar la consideraci\u00f3n del bien com\u00fan como un valor a defender.&nbsp;&nbsp;<\/p>\n\n\n\n<p class=\"wp-block-paragraph\">Estos sectores aspiracionales y meritocr\u00e1ticos constituyen un desaf\u00edo que tenemos pendiente resolver, en especial en vistas de las pr\u00f3ximas elecciones de medio termino.<\/p>\n\n\n\n<p class=\"wp-block-paragraph\">Siguen tres breves reflexiones con las que deseo incentivar un debate m\u00e1s profundo sobre el sujeto hist\u00f3rico del peronismo.<\/p>\n\n\n\n<p class=\"wp-block-paragraph\">La primera es que lo que parece haber cambiado no es el \u201csujeto del peronismo\u201d sino que simplemente en los \u00faltimos 75 a\u00f1os cambi\u00f3 la sociedad y que pese a ello fuimos capaces recuperar y actualizar los valores del peronismo, acompa\u00f1ando esos cambios para poder representar al pueblo y en especial a los m\u00e1s necesitados, manteniendo con ello la vigencia del peronismo.<\/p>\n\n\n\n<p class=\"wp-block-paragraph\">La segunda reflexi\u00f3n es que todo parece indicar que hemos tomado conciencia que no solo representamos a \u201clos \u00fanicos hombres son los que trabajan\u201d, sino que desde siempre hemos representado a un conjunto de actores sociales mucho m\u00e1s complejo, heterog\u00e9neo y mucho m\u00e1s amplio que, adem\u00e1s de los trabajadores, tambi\u00e9n incluye a los j\u00f3venes, las mujeres y las diversidades de g\u00e9nero y a los movimientos sociales que congregan a los m\u00e1s desprotegidos de la sociedad.<\/p>\n\n\n\n<p class=\"wp-block-paragraph\">La tercera reflexi\u00f3n es que poder dilucidar toda la complejidad que encierran estas cuestiones y cu\u00e1les son las necesidades m\u00e1s objetivas de nuestro pueblo, ser\u00e1 de fundamental importancia para mantener vigente a nuestro sujeto hist\u00f3rico y poder conducirlo potenciando su capacidad de transformar la realidad de nuestra Argentina.<\/p>\n\n\n\n<p class=\"wp-block-paragraph\">Quiero agradecer a Diana Guill\u00e9n por se\u00f1alar la necesidad de revisar la problem\u00e1tica del sujeto hist\u00f3rico del peronismo, como as\u00ed tambi\u00e9n las lecturas y los aportes recibidos de Juan Luis Vendrell Alda, M\u00f3nica Hobert, Rub\u00e9n Lamas, Juan Manuel Peluffo, Sylvia Schulein y Manuel Pedreira<\/p>\n\n\n\n<p class=\"wp-block-paragraph\">Como siempre tambi\u00e9n agradecer\u00e9 a quienes hagan llegar a mi correo josemafumagalli@gmail.com sus comentarios y aportes sobre el tema que nos ocupa.&nbsp;<\/p>\n\n\n\n<p class=\"wp-block-paragraph\">Jos\u00e9 Mar\u00eda Fumagalli&nbsp;&nbsp;&nbsp;&nbsp;&nbsp;&nbsp;&nbsp;&nbsp;&nbsp; 25,02,2021<\/p>\n\n\n\n<h2 class=\"wp-block-heading\">Post Scriptum<\/h2>\n\n\n\n<p class=\"wp-block-paragraph\">El texto de este trabajo, junto a otros<a href=\"#_ftn5\"><strong><sup><strong><sup>[5]<\/sup><\/strong><\/sup><\/strong><\/a>, fue circulado como material de lectura previo a un encuentro de la UB virtual Redes y Paredes de la Comisi\u00f3n de Desarrollo Productivo del Instituto Patria destinado a debatir sobre el sujeto hist\u00f3rico del peronismo.<\/p>\n\n\n\n<p class=\"wp-block-paragraph\">La s\u00edntesis que sigue resume las opiniones vertidas durante el encuentro<a href=\"#_ftn6\"><strong><sup><strong><sup>[6]<\/sup><\/strong><\/sup><\/strong><\/a> que durante 2 horas reuni\u00f3 por videoconferencia a 32 de los integrantes de la Comisi\u00f3n.<\/p>\n\n\n\n<p class=\"wp-block-paragraph\">Esta s\u00edntesis est\u00e1 ordenada en dos partes, la primera referida al tema espec\u00edfico del encuentro: la definici\u00f3n del sujeto hist\u00f3rico del peronismo; la segunda referida a las dificultades y los desaf\u00edos que nos plantea nuestro sujeto hist\u00f3rico a la luz de las pr\u00f3ximas elecciones.&nbsp;&nbsp;<\/p>\n\n\n\n<p class=\"wp-block-paragraph\">Entiendo que, por su riqueza conceptual, los resultados de estos debates pueden constituirse en las conclusiones y las recomendaciones que no inclu\u00ed originalmente en el texto.<\/p>\n\n\n\n<h2 class=\"wp-block-heading\">El sujeto hist\u00f3rico del peronismo<\/h2>\n\n\n\n<p class=\"wp-block-paragraph\">Reconocemos al pueblo como sujeto hist\u00f3rico del peronismo. Los trabajadores, formales e informales, siguen siendo su columna vertebral pero no sus \u00fanicos integrantes.&nbsp;<\/p>\n\n\n\n<p class=\"wp-block-paragraph\">La evoluci\u00f3n del concepto de trabajador reconoce en la actualidad las diferencias entre empleo y trabajo, incorporando a este \u00faltimo concepto al trabajo no remunerado, a las tareas de cuidado personal, al cuentapropismo y a los trabajadores de la econom\u00eda popular.&nbsp;<\/p>\n\n\n\n<p class=\"wp-block-paragraph\">Tambi\u00e9n integran nuestro sujeto hist\u00f3rico los desocupados, los diferentes movimientos sociales, las diversidades de g\u00e9nero; los pueblos originarios, los movimientos ambientalistas, entre otros.&nbsp;<\/p>\n\n\n\n<p class=\"wp-block-paragraph\">Esta multiplicidad exige mantener y fortalecer la unidad de todas esas diversidades, dando prioridad a los excluidos y a los m\u00e1s golpeados por el r\u00e9gimen neoliberal.&nbsp;<\/p>\n\n\n\n<p class=\"wp-block-paragraph\">Se plantea entonces c\u00f3mo entrelazar los intereses de cada diversidad con los intereses de las dem\u00e1s; en definitiva, c\u00f3mo luchar por la construcci\u00f3n del sentido com\u00fan entre el individualismo meritocr\u00e1tico y la salvaci\u00f3n colectiva.<\/p>\n\n\n\n<p class=\"wp-block-paragraph\">Las respuestas a estos planteos pasan por la recuperaci\u00f3n de dos valores que el neoliberalismo pretende destruir: la solidaridad como elemento de uni\u00f3n de las diversidades y el concepto de supremac\u00eda del bien com\u00fan, ambos valores sintetizados en nuestra consigna <strong><em>la patria es el otro<\/em><\/strong>.<\/p>\n\n\n\n<p class=\"wp-block-paragraph\">El marxismo pontifica sobre el qu\u00e9 hacer; el peronismo escucha qu\u00e9 hace falta y lo convierte en realidad; pese a ello consideramos que el materialismo hist\u00f3rico conserva validez como herramienta de an\u00e1lisis.<\/p>\n\n\n\n<p class=\"wp-block-paragraph\"><strong>Dificultades y desaf\u00edos que nos plantea nuestro sujeto hist\u00f3rico ante las elecciones <\/strong>Como dificultades, se plantearon las siguientes:<\/p>\n\n\n\n<ul class=\"wp-block-list\"><li>Recuperar en todos los niveles de la militancia la capacidad de escuchar y de convencer;<\/li><li>Superar la mayor facilidad que tiene el odio de penetrar en las mentes que las que tenemos para hacerlo por empat\u00eda o por amor;<\/li><li>Superar las diferencias entre las urgencias de la militancia y los tiempos de la administraci\u00f3n;<\/li><li>Aumentar la capacidad de nuestro movimiento de reconocer y aceptar las diversidades;<\/li><li>Recuperar las utop\u00edas, cuya p\u00e9rdida facilit\u00f3 el avance neoliberal;<\/li><li>Detectar si estamos llegando a quienes demandan soluciones; si nuestras agendas y nuestras acciones de gobierno responden a esas necesidades;\u00a0<\/li><li>Llegar con nuestras convicciones y propuestas a quienes s\u00f3lo se informan por los medios concentrados<\/li><\/ul>\n\n\n\n<p class=\"wp-block-paragraph\">El punteo de los desaf\u00edos a resolver fue el que sigue:<\/p>\n\n\n\n<ul class=\"wp-block-list\"><li>Hacer irreversibles los derechos conquistados por las reivindicaciones populares, que no pudieron ser arrebatados por el macrismo, politizando esas luchas;<\/li><li>Recuperar los derechos que al ser otorgados por nuestros gobiernos sin estar respaldados por luchas populares se perdieron con facilidad durante el macrismo;<\/li><li>Transformar a los indignados en luchadores;<\/li><li>Establecer y poner en pr\u00e1ctica pol\u00edticas p\u00fablicas y las herramientas gubernamentales que sean efectivamente apropiadas en los territorios por los compa\u00f1eros de la econom\u00eda popular y de las econom\u00edas regionales;<\/li><li>Mejorar la comunicaci\u00f3n de nuestras agendas y de nuestras acciones en funci\u00f3n de las demandas populares.<\/li><\/ul>\n\n\n\n<hr class=\"wp-block-separator\"\/>\n\n\n\n<p class=\"wp-block-paragraph\"><a href=\"#_ftnref1\">[1]<\/a> Cabe resaltar que los valores del 2T 2020 muestran el tremendo impacto de la pandemia, el que hubiera sido mucho mayor de no haberse implementado prontamente medidas para morigerarlo (ATP, IFE, cr\u00e9ditos blandos, etc.)<\/p>\n\n\n\n<p class=\"wp-block-paragraph\"><a href=\"#_ftnref2\">[2]<\/a> En los \u00faltimos a\u00f1os han ganado visibilidad las reivindicaciones y las luchas de distintas organizaciones de los pueblos originarios; lo mismo ocurre con las reivindicaciones de organizaciones relacionadas con la agricultura familiar y la \u201cvuelta al campo\u201d.&nbsp;&nbsp;<\/p>\n\n\n\n<p class=\"wp-block-paragraph\"><a href=\"#_ftnref3\">[3]<\/a> Peronismo y feminismo: http:\/\/www.revistamovimiento.com\/genero\/peronismo-y-feminismo\/<\/p>\n\n\n\n<p class=\"wp-block-paragraph\"><a href=\"#_ftnref4\">[4]<\/a> Me refiero a los que apoyaron los bombardeos a la Plaza de Mayo, los fusilamientos de la Libertadura, las muertes y desapariciones de la dictadura c\u00edvico militar y no se privaron de ning\u00fan m\u00e9todo legal o ilegal, para perseguir al peronismo, como movimiento que expresa mayoritariamente la voluntad del pueblo argentino<\/p>\n\n\n\n<p class=\"wp-block-paragraph\"><a href=\"#_ftnref5\">[5]<\/a> http:\/\/www.revistamovimiento.com\/opinion\/el-trabajador-como-sujeto-politico-del-peronismo-actualidad-o-anacronismo\/; www.arquitecturadelastransferencias.net\/images\/bibliografia\/fanon-piel-negra-mascaras-blancas.pdf; CLACSO: Los movimientos sociales y la construcci\u00f3n de un nuevo sujeto hist\u00f3rico<\/p>\n\n\n\n<p class=\"wp-block-paragraph\"><a href=\"#_ftnref6\">[6]<\/a> A partir de los aportes realizados sobre el tema por Myriam Lorenz\u00f3n; Pepe Lojo; Jorge Barbeito; Gabriela Dufour; Diana Guill\u00e9n; Roberto Cittadini; Sandra Carlino; Gaucho Yaquet; Fabiana Mart\u00ednez; Alejandra Moreyra; Germ\u00e1n Su\u00e1rez y Jos\u00e9 Mar\u00eda Fumagalli.<\/p>\n","protected":false},"excerpt":{"rendered":"<p>Donde hay una necesidad nace un derechoEva Per\u00f3n Ladran Sancho\u2026 se\u00f1al que cabalgamos Miguel Cervantes, en el Quijote de la&#46;&#46;&#46;<\/p>\n","protected":false},"author":1,"featured_media":266,"comment_status":"open","ping_status":"open","sticky":false,"template":"","format":"standard","meta":{"footnotes":""},"categories":[38],"tags":[],"class_list":["post-261","post","type-post","status-publish","format-standard","has-post-thumbnail","hentry","category-sociedad-y-politica"],"_links":{"self":[{"href":"https:\/\/patriaproductiva.net\/blog\/wp-json\/wp\/v2\/posts\/261","targetHints":{"allow":["GET"]}}],"collection":[{"href":"https:\/\/patriaproductiva.net\/blog\/wp-json\/wp\/v2\/posts"}],"about":[{"href":"https:\/\/patriaproductiva.net\/blog\/wp-json\/wp\/v2\/types\/post"}],"author":[{"embeddable":true,"href":"https:\/\/patriaproductiva.net\/blog\/wp-json\/wp\/v2\/users\/1"}],"replies":[{"embeddable":true,"href":"https:\/\/patriaproductiva.net\/blog\/wp-json\/wp\/v2\/comments?post=261"}],"version-history":[{"count":2,"href":"https:\/\/patriaproductiva.net\/blog\/wp-json\/wp\/v2\/posts\/261\/revisions"}],"predecessor-version":[{"id":267,"href":"https:\/\/patriaproductiva.net\/blog\/wp-json\/wp\/v2\/posts\/261\/revisions\/267"}],"wp:featuredmedia":[{"embeddable":true,"href":"https:\/\/patriaproductiva.net\/blog\/wp-json\/wp\/v2\/media\/266"}],"wp:attachment":[{"href":"https:\/\/patriaproductiva.net\/blog\/wp-json\/wp\/v2\/media?parent=261"}],"wp:term":[{"taxonomy":"category","embeddable":true,"href":"https:\/\/patriaproductiva.net\/blog\/wp-json\/wp\/v2\/categories?post=261"},{"taxonomy":"post_tag","embeddable":true,"href":"https:\/\/patriaproductiva.net\/blog\/wp-json\/wp\/v2\/tags?post=261"}],"curies":[{"name":"wp","href":"https:\/\/api.w.org\/{rel}","templated":true}]}}