{"id":273,"date":"2021-04-30T21:17:29","date_gmt":"2021-05-01T00:17:29","guid":{"rendered":"https:\/\/patriaproductiva.net\/blog\/?p=273"},"modified":"2021-04-30T21:17:31","modified_gmt":"2021-05-01T00:17:31","slug":"las-mecanicas-de-la-oligarquia-y-del-neoliberalismo-en-que-se-basan-y-como-revertirlas","status":"publish","type":"post","link":"https:\/\/patriaproductiva.net\/blog\/las-mecanicas-de-la-oligarquia-y-del-neoliberalismo-en-que-se-basan-y-como-revertirlas\/","title":{"rendered":"Las mec\u00e1nicas de la oligarqu\u00eda y del neoliberalismo: en qu\u00e9 se basan y c\u00f3mo revertirlas"},"content":{"rendered":"\n<p class=\"has-text-align-right wp-block-paragraph\">Jos\u00e9 Mar\u00eda Fumagalli &#8211; 12,04,2021<\/p>\n\n\n\n<p class=\"wp-block-paragraph\">La derecha y el neoliberalismo vienen aplicando con \u00e9xito en nuestro pa\u00eds y en la regi\u00f3n una serie de t\u00e9cnicas y estrategias destinadas a que muchos desprevenidos adopten posiciones pol\u00edticas contrarias a sus propios intereses personales. Las m\u00e1s conocidas, las noticias falsas y la persecuci\u00f3n judicial, ahora renombradas como fake news y lawfare, vienen siendo aplicadas en nuestro pa\u00eds desde hace ya mucho tiempo, ya sea en modo independiente o realimentando un mecanismo con el otro. Es evidente que la fuerza y la finalidad que impulsa el uso de estos mecanismos es el debilitamiento y la derrota de los opositores. Pero en el caso del peronismo, tanto la derecha olig\u00e1rquica como el neoliberalismo, agregan otro ingrediente y otra finalidad: el odio y la destrucci\u00f3n del peronismo.<\/p>\n\n\n\n<p class=\"wp-block-paragraph\">La pulsi\u00f3n por destruir al peronismo de los que Arturo Jauretche bien caracteriz\u00f3 como los profetas del odio, intenta borrar de la conciencia de las grandes mayor\u00edas del pueblo argentino el objetivo de alcanzar la felicidad del pueblo y la grandeza de la Naci\u00f3n mediante la construcci\u00f3n de una Patria justa, libre y soberana, con memoria, verdad y justicia. Objetivos que tambi\u00e9n comparten muchos de los que no se consideran peronistas.<\/p>\n\n\n\n<p class=\"wp-block-paragraph\">El odio siempre fue y sigue siendo de ellos. Siempre a lo largo de toda nuestra historia. Desde hace m\u00e1s de doscientos a\u00f1os. Siempre contra el pueblo y contra quienes defendieron los intereses populares. Para no ir m\u00e1s lejos, en m\u00e1s del \u00faltimo tercio de nuestra vida independiente el odio se concentr\u00f3 contra el peronismo: desde el en aquel entonces incomprensible &#8220;viva el cancer&#8221;, seguido por los m\u00e1s de 456 muertos en los bombardeos a Plaza de Mayo y a manos de los \u201ccomandos civiles\u201d y continuado con la Fusiladora, las ejecusiones sumarias de Valle y sus compa\u00f1eros, los fusilamientos clandestinos en los basurales de Jos\u00e9 Leon Suarez, el intento de borrar a Per\u00f3n de la memoria popular prohibiendo hasta la menci\u00f3n de su nombre, la desaparici\u00f3n de Felipe Vallese, la proscripci\u00f3n y la larga saga de golpes de estado y gobiernos pseudo democr\u00e1ticos. Fracasados todos esos intentos sigui\u00f3 el final inevitable: el regreso de Per\u00f3n y de la democracia. Despu\u00e9s de la muerte del general, creyeron que si ser\u00eda posible borrarlo de la memoria popular. Dictadura C\u00edvico Militar de por medio y 30.000 desaparecidos despu\u00e9s, constataron que el pensamiento y la doctrina de justicia social, soberan\u00eda pol\u00edtica e independencia econ\u00f3mica son imborrables para la inmensa mayor\u00eda de los argentinos.<\/p>\n\n\n\n<p class=\"wp-block-paragraph\">Con el gobierno de Ra\u00fal Alfons\u00edn (un radical dem\u00f3crata, que tambi\u00e9n los hay) tambien constataron que los 30.000 fueron un precio que la sociedad no estaba dispuesta a volver a pagar. Con la restauraci\u00f3n democr\u00e1tica las persecuciones por v\u00eda medi\u00e1tica y judicial a cualquiera que se opusiera a los intereses de los sectores econ\u00f3micos concentrados vinieron a suplantar a la eliminaci\u00f3n lisa y llana de opositores que prevaleci\u00f3 durante los gobiernos instaurados mediante golpes de estado y que tuvo su climax durante la dictadura c\u00edvico militar con el resultado de la muerte o la desaparici\u00f3n de cualquiert opositor o sospechoso de serlo; mec\u00e1nica, que bueno es decirlo, cont\u00f3 con la complicidad de los medios de comunicaci\u00f3n concentrados y de la justicia.<\/p>\n\n\n\n<p class=\"wp-block-paragraph\">Tanto odio y tanto fracaso hicieron necesario un nuevo ensayo: los dos gobiernos de un neoliberalismo disfrazado de populismo y despu\u00e9s con De la Rua y Cavallo sin esa careta. El robo a las clases populares continu\u00f3 hasta desembocar en la crisis del 2001, con los muertos en la Plaza y la desocupaci\u00f3n y la miseria ense\u00f1ore\u00e1ndose en toda la Patria.<\/p>\n\n\n\n<p class=\"wp-block-paragraph\">Fueron necesarios los tres gobiernos de Nestor y de Cristina para comenzar a revertir ese desastre, aunque todav\u00eda falte. Tambi\u00e9n fue necesaria la actualizaci\u00f3n doctrinaria de agregar una cuarta bandera al justicialismo: Memoria, Verdad y Justicia. En esos doce a\u00f1os el odio no fue vencido: se agazap\u00f3, recuper\u00f3 fuerzas y reinici\u00f3 su corrosivo trabajo a trav\u00e9s de los sus voceros econ\u00f3micos, intelectuales y especialmente de los medios concentrados, en particular en la &#8220;tribuna de doctrina&#8221; y en la multimedia que no supimos detener y que se agigant\u00f3. Fueron diez a\u00f1os de golpes cotidianos a Cristina y al kirchnerismo, comenzando con las caricaturas de Sabat, el &#8220;se robaron todo&#8221; y toda la sarta medi\u00e1tica que llego a calificar la muerte de Nestor y el suicidio de Nisman como asesinatos. Al asedio permanente de los odiadores medi\u00e1ticos se agreg\u00f3 m\u00e1s tarde el asedio y la persecuci\u00f3n continuada de buena parte de la justicia. No tuvieron l\u00edmites de ninguna clase.<\/p>\n\n\n\n<p class=\"wp-block-paragraph\">En ese marco no extra\u00f1a el ajustado triunfo del macrismo aliado a lo m\u00e1s reaccionario del radicalismo y a un progresismo naif siempre funcional a lo m\u00e1s gorila de nuestra sociedad. Lo que sigui\u00f3 a la restauraci\u00f3n olig\u00e1rquica y neoliberal no es novedoso: la represi\u00f3n para imponer mas p\u00e9rdidas de derechos a las grandes mayor\u00edas en favor de las minor\u00edas m\u00e1s ricas. Lo vimos con la prisi\u00f3n de Milagro Sala y otros militantes populares, con las prebendas a los sectores econ\u00f3micos m\u00e1s poderosos, con la represi\u00f3n a trabajadores despedidos, a las protestas sociales, a los estudiantes y a los cient\u00edficos que los cuestionaron. En su versi\u00f3n m\u00e1s despiadada lo vimos con la desaparici\u00f3n forzada de Santiago Maldonado, que no s\u00f3lo ocultaron, sino que adem\u00e1s nos acusan de \u201cusar electoralmente\u201d.<\/p>\n\n\n\n<p class=\"wp-block-paragraph\">Tampoco extra\u00f1a demasiado que, ante sus seguidores y los despistados que lo votaron, solo pesen los incomprobados e incomprobables 30 millones de pesos que le endilgan a Cristina a pesar de los a\u00f1os de fallida investigaci\u00f3n y del prolongado espect\u00e1culo de las excavadoras mec\u00e1nicas en nuestra Patagonia; mientras que por otra parte parecen no importar o incluso no existir los anuncios descarados de los 45.000 millones de pesos que el macrismo se autoadjudic\u00f3, los 70.000 millones que intent\u00f3 autocondonarse y los 2.200 millones de d\u00f3lares que el y sus ministros permieron blanquear a sus parientes m\u00e1s cercanos, con un decreto contrario a la letra de la ley votada por el Congreso.Tampoco parecen importar mucho los m\u00e1s de 100.000 millones de d\u00f3lares de nueva deuda externa que terminar\u00e1n de pagar nuestros tataranietos. <\/p>\n\n\n\n<p class=\"wp-block-paragraph\">En este punto es oportuno detenerse brevemente a pensar en las razones de la oligarqu\u00eda para utilizar el odio como su estrategia b\u00e1sica para destruir al peronismo. El odio es un sentimiento que conlleva el rechazo y el deseo de eliminar lo que genera disgusto; es decir es sentimiento de profunda antipat\u00eda, aversi\u00f3n, repulsi\u00f3n o enemistad hacia la cosa o el sujeto odiado y que genera el deseo de destruirlo. Es bueno entender c\u00f3mo se construye el odio; al igual que todos los sentimientos, el odio se construye a partir del procesamiento inconsciente y la conceptualizaci\u00f3n racional de emociones<sup><a href=\"#sdfootnote1sym\"><sup>1<\/sup><\/a><\/sup>, en tanto reacciones instintivas que todos experimentamos ante ciertos est\u00edmulos. Las emociones b\u00e1sicas que contribuyen a la construcci\u00f3n del sentimiento de odio son muchas, entre ellas el enojo, el miedo, el asco, la decepci\u00f3n, la frustraci\u00f3n y la culpa, esta \u00faltima empleada por la meritocracia neoliberal para explicar los propios fracasos de quienes resultan descartados por el sistema.<\/p>\n\n\n\n<p class=\"wp-block-paragraph\">Es necesario tener en cuenta que el odio es un sentimiento profundo y perdurable, dif\u00edcil de eliminar o de neutralizar; en muchos casos, mucho m\u00e1s que el amor, su sentimiento opuesto<sup><a href=\"#sdfootnote2sym\"><\/a><a href=\"https:\/\/patriaproductiva.net\/blog\/wp-admin\/post.php?post=273&amp;action=edit#sdfootnote2anc\">2<\/a><\/sup>; tambi\u00e9n que el odio puede convertirse en autodestructivo para qui\u00e9n lo profesa.<\/p>\n\n\n\n<p class=\"wp-block-paragraph\">Hasta aqu\u00ed todo normal; execrable, pero con su l\u00f3gica. Desde inicios de 2017, con el macrismo en el gobierno, pude percibir por primera vez una novedad: es que los grandes odiadores de la pol\u00edtica argentina nos acusen a nosotros de odiar. Si a nosotros, los fusilados, los proscritos, los desaparecidos, los cabecitas, los choriplaneros. Ese hecho fue el que despert\u00f3 mi atenci\u00f3n, pero me hizo ver en perspectiva que ya lo ven\u00edan haciendo desde antes, con las acusaciones de \u201cse lo robaron todo\u201d en boca de los grandes saqueadores de los sectores populares, as\u00ed como las acusaciones de corrupci\u00f3n a nuestros dirigentes por los grandes corruptores de nuestra sociedad, entre otras.<\/p>\n\n\n\n<p class=\"wp-block-paragraph\">Con el peronismo nuevamente a cargo del PEN, esa metodolog\u00eda se multiplic\u00f3 hasta el infinito. No qued\u00f3 tema en el que no nos acusaran de pensar lo que ello mismos piensan ni de hacer lo que ellos mismos hacen. Siguen solo algunos ejemplos que dan cuenta de esta metodolog\u00eda:<\/p>\n\n\n\n<ul class=\"wp-block-list\"><li>Nos dicen que no sabemos gestionar la pandemia, despu\u00e9s que construimos 12 hospitales de emergencia en tiempo record, que logramos que ning\u00fan argentino quedara sin la atenci\u00f3n m\u00e9dica que necesit\u00f3 y que fuimos uno de los primeros pa\u00edses m\u00e1s eficaces en la compra de vacunas e iniciar m\u00e1s tempranamente la vacunaci\u00f3n; lo dicen quienes redujeron el ministerio de Salud a una secretar\u00eda e inutilizaron miles de vacunas en los dep\u00f3sitos aduaneros;<\/li><li>Nos acusan de no preocuparnos por la ca\u00edda de la actividad econ\u00f3mica y de la inflaci\u00f3n, despu\u00e9s que implementamos medidas de contenci\u00f3n social y de sostenimiento de las empresas; los dicen los mismos que generaron con sus pol\u00edticas 3 a\u00f1os de recesi\u00f3n, duplicaron la inflaci\u00f3n que recibieron (pese a que dijeron que la inflaci\u00f3n era lo m\u00e1s f\u00e1cil de resolver) y lo m\u00e1s grave, destruyeron 25.000 empresas peque\u00f1as y medianas;<\/li><li>Dicen que no sabemos renegociar la deuda externa e inclusive que estamos endeudando al pa\u00eds; lo dicen despu\u00e9s que renegociamos la deuda privada por m\u00e1s de 67.000 millones de d\u00f3lares con un alivio en la pr\u00f3xima d\u00e9cada de 37.700 millones de d\u00f3lares, con una reducci\u00f3n de la tasa de inter\u00e9s promedio del actual 7 % al 3,07 % y mientras estamos renegociando las deudas que contrajeron con el FMI; lo dicen los mismos que contrajeron deudas con ese organismo por 45.000 millones de d\u00f3lares en condiciones imposibles de cumplimentar y quienes permitieron y propiciaron la fuga de una cantidad similar.<\/li><\/ul>\n\n\n\n<p class=\"wp-block-paragraph\">Y as\u00ed de seguir. Pero hay dos cuestiones imposibles de soslayar: nos denuncian de atentar contra el sistema republicano, uno de sus m\u00e1ximos y m\u00e1s declamados valores, mediante maniobras contra la divisi\u00f3n de poderes, para as\u00ed colonizar al Poder Judicial y de iniciar la persecuci\u00f3n de sus dirigentes. Y no es una exageraci\u00f3n, adem\u00e1s de los m\u00faltiples titulares de los medios concentrados, esa denuncia fue presentada formalmente en estos d\u00edas por escrito ante la OEA<sup><a href=\"#sdfootnote1sym\"><sup>1<\/sup><\/a><\/sup> por el ex secretario de justicia y por una diputada del Pro. Los que organizaron la \u201cmesa judicial\u201d para direccionar la justicia, los que utilizaron a los organismos de inteligencia para espiar opositores y tambi\u00e9n a los propios, los que con la complicidad de fiscales y jueces extorsionaron testigos para generar falsas acusaciones y encarcelar opositores, son ellos los que ahora nos acusan falsamente de hacer lo que ellos mismos hicieron.<\/p>\n\n\n\n<p class=\"wp-block-paragraph\">A modo de conclusi\u00f3n creo que la oligarqu\u00eda y el neoliberalismo han instalado una mec\u00e1nica de espejo con la que quieren devolvernos la peor y m\u00e1s odiada imagen de s\u00ed mismos. Imagen que, como en el cuento del rey desnudo, hay sectores importantes de la sociedad que no quieren ver aunque este a la vista de todos.<\/p>\n\n\n\n<p class=\"wp-block-paragraph\">Respecto de esta problem\u00e1tica y para avanzar en nuestra construcci\u00f3n pol\u00edtica, las dos grandes preguntas que seg\u00fan creo necesitamos responder son c\u00f3mo neutralizar estas mec\u00e1nicas del odio y c\u00f3mo revertir este sentimiento que ha llevado a buenas porciones de la sociedad a adherir a pol\u00edticas que atentan contra sus propios intereses personales. En verdad no tengo las respuestas que necesitamos, apenas puedo intentar el esbozo de un par de ideas que deber\u00edamos profundizar y que podr\u00edan servir de base para combatir toda esta malicia.<\/p>\n\n\n\n<p class=\"wp-block-paragraph\">La primera, referida a la neutralizaci\u00f3n de las mec\u00e1nicas del odio empleadas por la oligarqu\u00eda y el neoliberalismo, consiste en desplegar acciones continuadas destinadas a demostrar tanto la falsedad de cada uno de sus dichos, como la mec\u00e1nica de generaci\u00f3n del odio que vienen empleando y sus consecuencias para el futuro. Creo que este tipo de denuncias deber\u00edan ser realizadas y difundidas al conjunto de la sociedad por los medios de comunicaci\u00f3n masiva y reforzadas en modo individual por cada uno de nuestros militantes a trav\u00e9s de las redes y en modo presencial, cuando se pueda.<\/p>\n\n\n\n<p class=\"wp-block-paragraph\">El segundo esbozo de ideal es el destinado revertir los efectos de las mec\u00e1nicas del odio que llevan a cada una de sus v\u00edctimas a respaldar pol\u00edticas que atentan contra sus propios intereses personales; al respecto estimo que ese convencimiento deber\u00eda ser realizado cara a cara por nuestros militantes, tomando en cuenta las caracter\u00edsticas y las formas de lograr el raciocinio de sus interlocutores. Uno de los argumentos que podr\u00edan ser utilizados en ese cara a cara es confrontar el odio que preconiza la oligarqu\u00eda con los fundamentos del amo al pr\u00f3jimo y en especial a los m\u00e1s desprotegidos que sustentan todas y cada una de nuestras pol\u00edticas.<\/p>\n\n\n\n<p class=\"wp-block-paragraph\"><a href=\"http:\/\/www.revistamovimiento.com\/opinion\/las-mecanicas-de-la-oligarquia-y-del-neoliberalismo-en-que-se-basan-y-como-revertirlas\/#_ftnref1\">[1]<\/a> Los t\u00e9rminos sentimiento y emoci\u00f3n no son sin\u00f3nimos, aunque s\u00ed dependen uno del otro. Las emociones son intensas y de breve duraci\u00f3n. Por el contrario, los sentimientos son duraderos, pueden ser verbalizados y pueden determinar la disposici\u00f3n y la conducta del individuo que los experimenta.<\/p>\n\n\n\n<p class=\"wp-block-paragraph\"><a href=\"http:\/\/www.revistamovimiento.com\/opinion\/las-mecanicas-de-la-oligarquia-y-del-neoliberalismo-en-que-se-basan-y-como-revertirlas\/#_ftnref2\">[2]<\/a> El odio es una de las emociones b\u00e1sicas del ser humano. Al igual que el amor, parece ser irracional. El odio puede conducir al individuo a la malicia, mientras que el amor est\u00e1 orientado de una forma indulgente y constructiva, que protege y conserva la vida.<\/p>\n\n\n\n<p class=\"wp-block-paragraph\"><a href=\"http:\/\/www.revistamovimiento.com\/opinion\/las-mecanicas-de-la-oligarquia-y-del-neoliberalismo-en-que-se-basan-y-como-revertirlas\/#_ftnref3\">[3]<\/a> www.lanacion.com.ar\/politica\/cambiemos-denuncio-ante-la-oea-el-deterioro-de-la-democracia-en-laargentina-nid09042021.<\/p>\n\n\n\n<p class=\"wp-block-paragraph\"><a href=\"http:\/\/www.revistamovimiento.com\/opinion\/las-mecanicas-de-la-oligarquia-y-del-neoliberalismo-en-que-se-basan-y-como-revertirlas\/#_ftnref4\">[4]<\/a> Como siempre, mucho agradecer\u00e9 cualquier comentario o aporte que hagan llegar a mi correo: josemafumagalli@gmail.com.<\/p>\n","protected":false},"excerpt":{"rendered":"<p>Jos\u00e9 Mar\u00eda Fumagalli &#8211; 12,04,2021 La derecha y el neoliberalismo vienen aplicando con \u00e9xito en nuestro pa\u00eds y en la&#46;&#46;&#46;<\/p>\n","protected":false},"author":1,"featured_media":275,"comment_status":"open","ping_status":"open","sticky":false,"template":"","format":"standard","meta":{"footnotes":""},"categories":[1],"tags":[63,64],"class_list":["post-273","post","type-post","status-publish","format-standard","has-post-thumbnail","hentry","category-sin-categoria","tag-neoliberalismo","tag-oligarquia"],"_links":{"self":[{"href":"https:\/\/patriaproductiva.net\/blog\/wp-json\/wp\/v2\/posts\/273","targetHints":{"allow":["GET"]}}],"collection":[{"href":"https:\/\/patriaproductiva.net\/blog\/wp-json\/wp\/v2\/posts"}],"about":[{"href":"https:\/\/patriaproductiva.net\/blog\/wp-json\/wp\/v2\/types\/post"}],"author":[{"embeddable":true,"href":"https:\/\/patriaproductiva.net\/blog\/wp-json\/wp\/v2\/users\/1"}],"replies":[{"embeddable":true,"href":"https:\/\/patriaproductiva.net\/blog\/wp-json\/wp\/v2\/comments?post=273"}],"version-history":[{"count":3,"href":"https:\/\/patriaproductiva.net\/blog\/wp-json\/wp\/v2\/posts\/273\/revisions"}],"predecessor-version":[{"id":277,"href":"https:\/\/patriaproductiva.net\/blog\/wp-json\/wp\/v2\/posts\/273\/revisions\/277"}],"wp:featuredmedia":[{"embeddable":true,"href":"https:\/\/patriaproductiva.net\/blog\/wp-json\/wp\/v2\/media\/275"}],"wp:attachment":[{"href":"https:\/\/patriaproductiva.net\/blog\/wp-json\/wp\/v2\/media?parent=273"}],"wp:term":[{"taxonomy":"category","embeddable":true,"href":"https:\/\/patriaproductiva.net\/blog\/wp-json\/wp\/v2\/categories?post=273"},{"taxonomy":"post_tag","embeddable":true,"href":"https:\/\/patriaproductiva.net\/blog\/wp-json\/wp\/v2\/tags?post=273"}],"curies":[{"name":"wp","href":"https:\/\/api.w.org\/{rel}","templated":true}]}}