{"id":283,"date":"2021-06-13T16:12:48","date_gmt":"2021-06-13T19:12:48","guid":{"rendered":"https:\/\/patriaproductiva.net\/blog\/?p=283"},"modified":"2021-06-13T16:42:49","modified_gmt":"2021-06-13T19:42:49","slug":"soberania-y-desarrollo","status":"publish","type":"post","link":"https:\/\/patriaproductiva.net\/blog\/soberania-y-desarrollo\/","title":{"rendered":"Soberan\u00eda y Desarrollo"},"content":{"rendered":"\n<p class=\"has-text-align-right wp-block-paragraph\">Jos\u00e9 Mar\u00eda Fumagalli<br>25 de Mayo de 2021<\/p>\n\n\n\n<h5 class=\"wp-block-heading\">De qu\u00e9 hablamos cuando decimos soberan\u00eda y desarrollo<\/h5>\n\n\n\n<p class=\"wp-block-paragraph\">Previo a cualquier consideraci\u00f3n quiero recordar que la soberan\u00eda pol\u00edtica es una de las tres banderas del peronismo y uno de los ejes centrales y permanentes de nuestra doctrina.<\/p>\n\n\n\n<p class=\"wp-block-paragraph\">Dicho esto, y desde una perspectiva pol\u00edtica, la soberan\u00eda y el desarrollo son conceptos interdependientes, en tanto sin soberan\u00eda no es posible cualquier desarrollo nacional mientras que sin desarrollo no es posible la sustentabilidad de la soberan\u00eda nacional. Para poder profundizar la cuesti\u00f3n es necesario ponernos de acuerdo en qu\u00e9 queremos decir cuando hablamos de soberan\u00eda nacional y en qu\u00e9 queremos decir cuando hablamos de desarrollo nacional.<\/p>\n\n\n\n<p class=\"wp-block-paragraph\">Entiendo que soberan\u00eda nacional es la capacidad de decisi\u00f3n pol\u00edtica y la facultad de mando, poder y control que posee cualquier estado naci\u00f3n sobre su territorio y su poblaci\u00f3n. La soberan\u00eda de cualquier naci\u00f3n aplica no s\u00f3lo al control de sus fronteras y su territorio asegurado en \u00faltima instancia por su poder\u00edo pol\u00edtico y militar, sino tambi\u00e9n a la capacidad de establecer las pol\u00edticas que mejor convengan para orientar o regular el comportamiento de su poblaci\u00f3n.<\/p>\n\n\n\n<p class=\"wp-block-paragraph\">Tambi\u00e9n entiendo que el desarrollo nacional es un concepto din\u00e1mico y en continua evoluci\u00f3n que se entiende como el nivel de bienestar de las personas que integran la naci\u00f3n, tanto en materia econ\u00f3mica como social, securitaria y sanitaria que, entre otros aspectos, contribuyen al bien com\u00fan y que en definitiva hacen al buen vivir de los miembros de cualquier sociedad.<\/p>\n\n\n\n<p class=\"wp-block-paragraph\">En lo que sigue tratar\u00e9 de profundizar acerca de las relaciones entre esos dos conceptos, enga\u00f1osamente simples pero que encierran una gran complejidad que se hace notoria tan pronto intentamos aplicarlos a la pol\u00edtica.<\/p>\n\n\n\n<p class=\"wp-block-paragraph\">Buena parte de esa complejidad est\u00e1 relacionada con el hecho de que tanto la soberan\u00eda como el desarrollo nacional son conceptos relativos a los niveles de soberan\u00eda y de desarrollo de las dem\u00e1s naciones.<\/p>\n\n\n\n<p class=\"wp-block-paragraph\">Asimismo, el desarrollo nacional se fundamenta en modelos econ\u00f3micos y sociales que se encuentran en permanente competencia, no solo a nivel internacional sino tambi\u00e9n al interior de nuestro pa\u00eds. Por una parte, los modelos conservadores y neoliberales centrados en el desarrollo personal de unas minor\u00edas, supuestamente distinguidas por sus m\u00e9ritos y que no toman en consideraci\u00f3n las cuestiones relativas al bien com\u00fan del conjunto social y, mucho menos, al buen vivir de los dem\u00e1s integrantes de la sociedad. Por la otra parte, los modelos progresistas o nacionales y populares, como es nuestro modelo, asentados sobre bases de una necesaria inclusi\u00f3n social y sostenibilidad ambiental que contemple el bien com\u00fan del conjunto de la sociedad y el buen vivir del conjunto del entramado social, aunque privilegiando a los m\u00e1s desamparados<\/p>\n\n\n\n<h5 class=\"wp-block-heading\">La soberan\u00eda y el desarrollo nacional en el barro de la pol\u00edtica<\/h5>\n\n\n\n<p class=\"wp-block-paragraph\">Propongo ahora dejar de lado los aspectos conceptuales del tema para adentrarnos en el an\u00e1lisis de una de las cuestiones de actualidad que mejor ponen en evidencia la interacci\u00f3n entre la soberan\u00eda y el desarrollo nacional. La cuesti\u00f3n de la Hidrov\u00eda y del Canal Magdalena.<\/p>\n\n\n\n<p class=\"wp-block-paragraph\">Ante todo, clarificar qu\u00e9 es la Hidrov\u00eda Paran\u00e1 Paraguay y la raz\u00f3n de su importancia para el desarrollo nacional.<\/p>\n\n\n\n<p class=\"wp-block-paragraph\">La \u00abhidrov\u00eda\u00bb es una parte navegable de la Cuenca del Plata, un inmenso sistema h\u00eddrico que descarga en el R\u00edo de la Plata y que abarca m\u00e1s de tres millones de kil\u00f3metros cuadrados de superficie. Este corredor natural de transporte fluvial se extiende por m\u00e1s de 3.400 kms. de longitud a trav\u00e9s de los r\u00edos Paran\u00e1 y Paraguay y permite la navegaci\u00f3n y el transporte entre los puertos de Argentina, Brasil, Bolivia, Paraguay y Uruguay.<\/p>\n\n\n\n<p class=\"wp-block-paragraph\">Un calado de la hidrov\u00eda de siete a ocho pies permite el transporte mediante barcazas entre su extremo norte sobre el r\u00edo Paraguay en Puerto C\u00e1ceres (Brasil) hasta la confluencia del r\u00edo Paraguay con el Paran\u00e1. Adem\u00e1s, desde su extremo este en Puerto Iguaz\u00fa sobre el r\u00edo Paran\u00e1 hasta la confluencia de ambos r\u00edos y desde all\u00ed hasta Santa Fe, el calado de diez a doce pies permite la navegaci\u00f3n de barcazas de mayor porte. A partir de Santa Fe y hasta Puerto San Mart\u00edn y desde esa localidad hasta la salida al oc\u00e9ano Atl\u00e1ntico, los calados de veinticinco y 34 pies, respectivamente, permiten la navegaci\u00f3n de cargueros mar\u00edtimos.<\/p>\n\n\n\n<p class=\"wp-block-paragraph\">Cabe agregar que el costo por los combustibles requeridos para el transporte por tonelada mediante barcazas resulta un 60% inferior al costo del transporte ferroviario y un 88% inferior al costo por cami\u00f3n.<\/p>\n\n\n\n<div class=\"wp-block-image\"><figure class=\"alignright size-large\"><img fetchpriority=\"high\" decoding=\"async\" width=\"394\" height=\"557\" src=\"https:\/\/patriaproductiva.net\/blog\/wp-content\/uploads\/2021\/06\/1.png\" alt=\"\" class=\"wp-image-301\" srcset=\"https:\/\/patriaproductiva.net\/blog\/wp-content\/uploads\/2021\/06\/1.png 394w, https:\/\/patriaproductiva.net\/blog\/wp-content\/uploads\/2021\/06\/1-212x300.png 212w\" sizes=\"(max-width: 394px) 100vw, 394px\" \/><\/figure><\/div>\n\n\n\n<p class=\"wp-block-paragraph\">La extensi\u00f3n y la econom\u00eda del transporte explican que la navegaci\u00f3n de la hidrov\u00eda, una de las m\u00e1s extensas del mundo, constituye uno de los usos m\u00e1s importantes de los grandes r\u00edos de la regi\u00f3n y contribuye en modo muy importante al mayor desarrollo de toda la cuenca del R\u00edo de la Plata.<\/p>\n\n\n\n<p class=\"wp-block-paragraph\" id=\"pin-1A\">Esas caracter\u00edsticas se traducen en el nivel del tonelaje transportado. Seg\u00fan datos del Ministerio de Transporte <strong><a href=\"#pin-1\" data-type=\"internal\" data-id=\"#pin-1\">[1]<\/a><\/strong>, en 2020 se registr\u00f3 un total de carga transportada de 129.416.104 toneladas, volumen integrado por 998.558 toneladas carga en contenedores y 128.417.546 toneladas de graneles.<\/p>\n\n\n\n<p class=\"wp-block-paragraph\">Para movilizar ese tonelaje, compuesto principalmente por graneles agr\u00edcolas y minerales, combustibles y fertilizantes, as\u00ed como contenedores y autom\u00f3viles, se requiri\u00f3 el paso de 4.600 embarcaciones con calado mayor a quice pies y aproximadamente 13.000 desplazamientos realizadas por 2.300 barcazas movilizadas por 130 remolcadores.<\/p>\n\n\n\n<p class=\"wp-block-paragraph\" id=\"pin-2A\">La hidrov\u00eda requiere de tareas permanentes de dragado que permitan mantener los calados necesarios para la navegaci\u00f3n, as\u00ed como el balizamiento necesario para delimitar los canales y asegurar la seguridad de la navegaci\u00f3n. Desde el 21de febrero de 1995 esas tareas fueron adjudicadas mediante una concesi\u00f3n de obra p\u00fablica al consorcio Hidrov\u00eda SA <strong><a href=\"#pin-2\" data-type=\"internal\" data-id=\"#pin-2\">[2]<\/a><\/strong>, por un plazo que en 2010 fue renegociado, extendiendo su vigencia hasta el 30 de abril 2021.<\/p>\n\n\n\n<p class=\"wp-block-paragraph\">El contrato de Hidrov\u00eda S.A. obliga al consorcio a mantener los calados convenidos para cada tramo, asegurar el balizamiento de los canales y a percibir los peajes establecidos en el contrato como contraprestaci\u00f3n por sus tares. En este punto creo necesario destacar que la percepci\u00f3n de los peajes conlleva el control del tr\u00e1fico fluvial.<\/p>\n\n\n\n<p class=\"wp-block-paragraph\" id=\"pin-3A\">A poco del vencimiento y mediante el decreto 920 <strong><a href=\"#pin-3\" data-type=\"internal\" data-id=\"#pin-3\">[3]<\/a><\/strong> del 26 de noviembre de 2020 el Gobierno decide convocar a una nueva licitaci\u00f3n y, tomando en cuenta los plazos necesarios para prepararla, prorroga el contrato por noventa d\u00edas.<\/p>\n\n\n\n<p class=\"wp-block-paragraph\">Es en este contexto que comienza el debate pol\u00edtico sobre la futura administraci\u00f3n de la hidrov\u00eda, principalmente entre posiciones extremas de licitar el nuevo contrato sin cambios respecto del anterior o de nacionalizar tanto la ejecuci\u00f3n de las obras como el cobro del peaje y el control del tr\u00e1fico, con todas las posibilidades intermedias entre ambos extremos.<\/p>\n\n\n\n<p class=\"wp-block-paragraph\">Tomando en cuenta lo espec\u00edfico de soberan\u00eda fluvial que significa el manejo futuro del tramo troncal de la hidrov\u00eda Paran\u00e1 Paraguay, creo que convienen distinguir tres aspectos de la cuesti\u00f3n: primero las tareas de dragado y balizamiento, propiamente dichas; la segunda es la modalidad de pago de esas tareas; y la tercera es el control del tr\u00e1fico fluvial.<\/p>\n\n\n\n<p class=\"wp-block-paragraph\">Paso a detallar lo que pienso de cada una de esas cuestiones:<\/p>\n\n\n\n<p class=\"wp-block-paragraph\">Respecto del dragado, creo que deber\u00eda ser licitado en funci\u00f3n de la capacidad de la empresa que ofrece el servicio y su costo. Muchos compa\u00f1eros piensan que el Estado deber\u00eda nacionalizar las tareas de dragado y balizamiento. En lo personal considero que en estos momentos no estamos en condiciones de hacerlo en modo de asegurar los niveles actuales y futuros de transporte. Lo cual no significa que tengamos que renunciar a construir esas capacidades para poder asumirlas en el futuro.<\/p>\n\n\n\n<p class=\"wp-block-paragraph\">En s\u00edntesis, creo que en las circunstancias presentes lo que importa es que el dragado y el balizamiento se realicen conforme a las necesidades presentes y las que se presentar\u00e1n a lo largo del per\u00edodo contractual sin afectar nuestra capacidad exportadora y, por supuesto, que se contraten al menor costo razonablemente posible.<\/p>\n\n\n\n<p class=\"wp-block-paragraph\">El dragado y el balizamiento pueden adjudicarse a una misma empresa o pueden adjudicarse por separado: una empresa a cargo del dragado y otra a cargo del balizamiento<\/p>\n\n\n\n<p class=\"wp-block-paragraph\">Respecto de la modalidad de pago, estimo que no se deber\u00eda conceder a la empresa ganadora la capacidad de cobro del peaje en funci\u00f3n de las cantidades exportadas. La empresa adjudicataria deber\u00eda cobrar una retribuci\u00f3n justa por la tarea que realice, que incluya una margen de beneficio razonable. Esa deber\u00eda ser la base del llamado a licitaci\u00f3n: costo del dragado y el balizamiento, con el margen de beneficio requerido por cada oferente.<\/p>\n\n\n\n<p class=\"wp-block-paragraph\">Por su parte, el Estado deber\u00eda retener para s\u00ed el cobro del peaje en funci\u00f3n de las cantidades transportadas. Los excedentes que se generen podr\u00edan destinarse a promover el desarrollo productivo de nuestro pa\u00eds.<\/p>\n\n\n\n<p class=\"wp-block-paragraph\">Respecto del control del tr\u00e1fico fluvial, creo firmemente que esa es una funci\u00f3n irrenunciable del Estado nacional que no deber\u00eda ser delegada de ninguna manera a la empresa contratista.<\/p>\n\n\n\n<p class=\"wp-block-paragraph\">El control del tr\u00e1fico no s\u00f3lo incluye la verificaci\u00f3n de las cantidades y calidades legalmente exportadas, sino tambi\u00e9n el control de cuestiones relativas a la seguridad, como es el caso de los cr\u00edmenes de contrabando, trata de personas y narcotr\u00e1fico, entre otras.<\/p>\n\n\n\n<p class=\"wp-block-paragraph\" id=\"pin-4A\">Un agregado final, pero no menos importante es la cuesti\u00f3n del proyecto del Canal Magdalena <strong><a href=\"#pin-4\" data-type=\"internal\" data-id=\"#pin-4\">[4]<\/a><\/strong>.<\/p>\n\n\n\n<div class=\"wp-block-image\"><figure class=\"aligncenter size-large\"><img decoding=\"async\" width=\"700\" height=\"387\" src=\"https:\/\/patriaproductiva.net\/blog\/wp-content\/uploads\/2021\/06\/2.png\" alt=\"\" class=\"wp-image-302\" srcset=\"https:\/\/patriaproductiva.net\/blog\/wp-content\/uploads\/2021\/06\/2.png 700w, https:\/\/patriaproductiva.net\/blog\/wp-content\/uploads\/2021\/06\/2-600x332.png 600w, https:\/\/patriaproductiva.net\/blog\/wp-content\/uploads\/2021\/06\/2-300x166.png 300w\" sizes=\"(max-width: 700px) 100vw, 700px\" \/><\/figure><\/div>\n\n\n\n<p class=\"wp-block-paragraph\">Como se muestra en el mapa de m\u00e1s arriba, hoy todo nuestro tr\u00e1fico fluvial desde y hacia los puertos argentinos sobre el r\u00edo Paran\u00e1 y el puerto de Buenos Aire hasta los mercados internacionales y nuestros puertos mar\u00edtimos, desde Tierra del Fuego hasta los puertos bonaerenses, necesitan hacer escala en el puerto de Montevideo, con los costos, demoras y cesi\u00f3n de soberan\u00eda que ese paso significa.<\/p>\n\n\n\n<p class=\"wp-block-paragraph\">Por tanto, estoy convencido que la concreci\u00f3n del Canal Magdalena es una decisi\u00f3n que hace a nuestra soberan\u00eda nacional del mismo orden de importancia que la contrataci\u00f3n del dragado y el balizamiento de la red troncal de la hidrov\u00eda.<\/p>\n\n\n\n<p class=\"wp-block-paragraph\">La apertura del Canal Magdalena significa, ni m\u00e1s ni menos, que el acceso soberano entre los puertos del litoral argentino y nuestros puertos mar\u00edtimos, incluyendo los de Tierra del Fuego y la consiguiente proyecci\u00f3n sobre la llamada Pampa Azul y el territorio ant\u00e1rtico.<\/p>\n\n\n\n<p class=\"wp-block-paragraph\">Las evaluaciones t\u00e9cnicas y ambientales necesarias para la licitaci\u00f3n del Canal Magdalena ya fueron realizadas y s\u00f3lo resta la decisi\u00f3n pol\u00edtica de licitar esa obra.<\/p>\n\n\n\n<p class=\"wp-block-paragraph\">Los ejemplos de las licitaciones de dragado y balizamiento de la hidrov\u00eda Paran\u00e1, Paraguay y de la construcci\u00f3n del nuevo Canal Magdalena son suficientemente ilustrativas de la interrelaci\u00f3n entre soberan\u00eda y desarrollo nacional que plante\u00e9 al inicio, pero no son las \u00fanicas. Entre otras interrelaciones se puede apreciar el impacto de la soberan\u00eda cient\u00edfica y tecnol\u00f3gica sobre el desarrollo productivo.<\/p>\n\n\n\n<p class=\"wp-block-paragraph\">La ciencia y la tecnolog\u00eda constituyen los eslabones iniciales en los procesos de desarrollo productivo. Algunas tecnolog\u00edas pueden importarse, pero su generaci\u00f3n en nuestro pa\u00eds asegura no s\u00f3lo su disponibilidad sino tambi\u00e9n incrementa nuestra independencia y el peso de Argentina como actor a ser tenido en cuenta en la materia.<\/p>\n\n\n\n<p class=\"wp-block-paragraph\">La producci\u00f3n de CyT reconoce m\u00faltiples actores: universidades, el Ministerio de Ciencia y Tecnolog\u00eda, el Conicet, la Agencia de CyT, el INTI, el INTA, entre otros.<\/p>\n\n\n\n<p class=\"wp-block-paragraph\">El modelo Instituto Balseiro-Invap de integraci\u00f3n de la formaci\u00f3n cient\u00edfica con la empresa tecnol\u00f3gica muestra resultados en desarrollo nuclear, satelital, radares, equipamiento m\u00e9dico, energ\u00eda e\u00f3lica y constituye no s\u00f3lo una demostraci\u00f3n de nuestras capacidades, sino tambi\u00e9n de nuestras posibilidades de avanzar hacia una mayor soberan\u00eda cient\u00edfica y tecnol\u00f3gica.<\/p>\n\n\n\n<p class=\"wp-block-paragraph\" id=\"pin-5A\">Tambi\u00e9n interesa destacar el rol de las nuevas universidades nacionales en materia de desarrollo de CyT. El desarrollo de una vacuna covid argentina por la UNSAM y el Conicet<strong> <a href=\"#pin-5\" data-type=\"internal\" data-id=\"#pin-5\">[5]<\/a><\/strong> es un buen ejemplo.<\/p>\n\n\n\n<p class=\"wp-block-paragraph\" id=\"pin-6A\">Tambi\u00e9n existen otros ejemplos que involucran a las peque\u00f1as y medianas empresas de nuestro pa\u00eds. Entre otros, es el caso del desarrollo del primer hisopo nasofar\u00edngeo 100% nacional para testear coronavirus <strong><a href=\"#pin-6\" data-type=\"internal\" data-id=\"#pin-6\">[6]<\/a><\/strong>, realizado con el asesoramiento de la Facultad de Ingenier\u00eda de la Universidad Nacional de La Plata por una pyme familiar productora de insumos sanitarios de la localidad de Brandsen.<\/p>\n\n\n\n<p class=\"wp-block-paragraph\">Los ejemplos del manejo y el control del tr\u00e1fico de nuestros r\u00edos y nuestro mar territorial y del desarrollo cient\u00edfico y tecnol\u00f3gico son s\u00f3lo dos aspectos del alcance de la interrelaci\u00f3n entre soberan\u00eda y desarrollo nacional.<\/p>\n\n\n\n<p class=\"wp-block-paragraph\">Cuestiones como el desarrollo federal y los desarrollos locales, las pol\u00edticas de arraigo y de generaci\u00f3n de empleo, la seguridad social, los avances hacia una mejor institucionalidad y muchas otras son ejemplos de pol\u00edticas a considerar desde la perspectiva propuesta en los ejemplos que mencion\u00e9, toda vez que seg\u00fan el modo y el alcance con se desarrollen apuntar\u00e1n hacia una mayor o menor soberan\u00eda nacional y un mayor o menor desarrollo de nuestra Patria.<\/p>\n\n\n\n<p class=\"wp-block-paragraph\" id=\"pin-1\"><strong><a href=\"#pin-1A\" data-type=\"internal\" data-id=\"#pin-1A\">[1]<\/a><\/strong> <a rel=\"noreferrer noopener\" href=\"https:\/\/www.argentina.gob.ar\/transporte\/hidrovia\/sobre-la-hidrovia\" data-type=\"URL\" data-id=\"https:\/\/www.argentina.gob.ar\/transporte\/hidrovia\/sobre-la-hidrovia\" target=\"_blank\"><strong>\u00bfQu\u00e9<\/strong> <strong>es la Hidrov\u00eda?<\/strong><\/a><\/p>\n\n\n\n<p class=\"wp-block-paragraph\" id=\"pin-2\"><strong><a href=\"#pin-2A\" data-type=\"internal\" data-id=\"#pin-2A\">[2]<\/a><\/strong> <strong>Formado en partes iguales por la empresa belga Jan de Nul y la empresa argentina Emepa<\/strong><\/p>\n\n\n\n<p class=\"wp-block-paragraph\" id=\"pin-3\"><strong><a href=\"#pin-3A\" data-type=\"internal\" data-id=\"#pin-3A\">[3]<\/a><\/strong>  <a rel=\"noreferrer noopener\" href=\"https:\/\/www.boletinoficial.gob.ar\/detalleAviso\/primera\/237782\/20201127\" target=\"_blank\"><strong>Decreto 949\/2020<\/strong><\/a><\/p>\n\n\n\n<p class=\"wp-block-paragraph\" id=\"pin-4\"><strong><a href=\"#pin-4A\" data-type=\"internal\" data-id=\"#pin-4A\">[4]<\/a><\/strong> <a rel=\"noreferrer noopener\" href=\"https:\/\/www.argentina.gob.ar\/transporte\/puerto-ba\/proyecto-canal-de-navegacion-magdalena\" target=\"_blank\"><strong>Proyecto Canal de Navegaci\u00f3n Magdalena<\/strong><\/a><\/p>\n\n\n\n<p class=\"wp-block-paragraph\" id=\"pin-5\"><strong><a href=\"#pin-5A\" data-type=\"internal\" data-id=\"#pin-5A\">[5]<\/a><\/strong>  <a rel=\"noreferrer noopener\" href=\"https:\/\/www.pagina12.com.ar\/337035-la-vacuna-argentina-contra-la-covid-19-ya-tiene-nombre-propi\" target=\"_blank\"><strong>La vacuna argentina contra la covid-19 ya tiene nombre propio<\/strong><\/a>&nbsp;<\/p>\n\n\n\n<p class=\"wp-block-paragraph\" id=\"pin-6\"><strong><a href=\"#pin-6A\" data-type=\"internal\" data-id=\"#pin-6A\">[6]<\/a><\/strong>  <a rel=\"noreferrer noopener\" href=\"https:\/\/www.telam.com.ar\/notas\/202105\/555238-primer-hisopado-argentino-coronavirus-anmat-universidad-nacional-de-la-plata.html\" target=\"_blank\"><strong>C\u00f3mo logr\u00f3 Argentina producir el primer hisopo nasofar\u00edngeo 100% nacional para testear coronavirus<\/strong><\/a><\/p>\n\n\n\n<p class=\"wp-block-paragraph\"><\/p>\n","protected":false},"excerpt":{"rendered":"<p>La soberan\u00eda y el desarrollo son conceptos interdependientes. Sin soberan\u00eda no es posible cualquier desarrollo nacional mientras que sin desarrollo no es posible la sustentabilidad de la soberan\u00eda nacional.<\/p>\n","protected":false},"author":1,"featured_media":284,"comment_status":"open","ping_status":"open","sticky":false,"template":"","format":"standard","meta":{"footnotes":""},"categories":[67],"tags":[66,65],"class_list":["post-283","post","type-post","status-publish","format-standard","has-post-thumbnail","hentry","category-soberania-y-desarrollo","tag-desarrollo","tag-soberania"],"_links":{"self":[{"href":"https:\/\/patriaproductiva.net\/blog\/wp-json\/wp\/v2\/posts\/283","targetHints":{"allow":["GET"]}}],"collection":[{"href":"https:\/\/patriaproductiva.net\/blog\/wp-json\/wp\/v2\/posts"}],"about":[{"href":"https:\/\/patriaproductiva.net\/blog\/wp-json\/wp\/v2\/types\/post"}],"author":[{"embeddable":true,"href":"https:\/\/patriaproductiva.net\/blog\/wp-json\/wp\/v2\/users\/1"}],"replies":[{"embeddable":true,"href":"https:\/\/patriaproductiva.net\/blog\/wp-json\/wp\/v2\/comments?post=283"}],"version-history":[{"count":12,"href":"https:\/\/patriaproductiva.net\/blog\/wp-json\/wp\/v2\/posts\/283\/revisions"}],"predecessor-version":[{"id":303,"href":"https:\/\/patriaproductiva.net\/blog\/wp-json\/wp\/v2\/posts\/283\/revisions\/303"}],"wp:featuredmedia":[{"embeddable":true,"href":"https:\/\/patriaproductiva.net\/blog\/wp-json\/wp\/v2\/media\/284"}],"wp:attachment":[{"href":"https:\/\/patriaproductiva.net\/blog\/wp-json\/wp\/v2\/media?parent=283"}],"wp:term":[{"taxonomy":"category","embeddable":true,"href":"https:\/\/patriaproductiva.net\/blog\/wp-json\/wp\/v2\/categories?post=283"},{"taxonomy":"post_tag","embeddable":true,"href":"https:\/\/patriaproductiva.net\/blog\/wp-json\/wp\/v2\/tags?post=283"}],"curies":[{"name":"wp","href":"https:\/\/api.w.org\/{rel}","templated":true}]}}