{"id":349,"date":"2021-06-15T19:50:09","date_gmt":"2021-06-15T22:50:09","guid":{"rendered":"https:\/\/patriaproductiva.net\/blog\/?p=349"},"modified":"2021-06-17T16:40:08","modified_gmt":"2021-06-17T19:40:08","slug":"diversidades-por-la-patria-productiva","status":"publish","type":"post","link":"https:\/\/patriaproductiva.net\/blog\/diversidades-por-la-patria-productiva\/","title":{"rendered":"Diversidades por la Patria Productiva"},"content":{"rendered":"\n<p class=\"wp-block-paragraph\">El d\u00eda Viernes 4 y el s\u00e1bado 5 de junio se llevaron a cabo dos encuentros virtuales con las compa\u00f1eras del Instituto Patria del espacio Diversidades por la Patria Productiva: Vilma Cabrera, Cecilia Moreno y Mirian Lorenzon y varias compa\u00f1eras integrantes de la Asociaci\u00f3n de Mujeres de la Actividad Mar\u00edtima, Fluvial y Lacustre AMAMFyL. Tambi\u00e9n nos acompa\u00f1\u00f3 la compa\u00f1era Nancy Jaramillo, la primera capitana de buques pesqueros.<\/p>\n\n\n\n<div class=\"wp-block-image\"><figure class=\"aligncenter size-large is-resized\"><img fetchpriority=\"high\" decoding=\"async\" src=\"https:\/\/patriaproductiva.net\/blog\/wp-content\/uploads\/2021\/06\/WhatsApp-Image-2021-06-16-at-15.26.47-1024x576.jpeg\" alt=\"\" class=\"wp-image-354\" width=\"647\" height=\"364\" srcset=\"https:\/\/patriaproductiva.net\/blog\/wp-content\/uploads\/2021\/06\/WhatsApp-Image-2021-06-16-at-15.26.47-1024x576.jpeg 1024w, https:\/\/patriaproductiva.net\/blog\/wp-content\/uploads\/2021\/06\/WhatsApp-Image-2021-06-16-at-15.26.47-600x338.jpeg 600w, https:\/\/patriaproductiva.net\/blog\/wp-content\/uploads\/2021\/06\/WhatsApp-Image-2021-06-16-at-15.26.47-300x169.jpeg 300w, https:\/\/patriaproductiva.net\/blog\/wp-content\/uploads\/2021\/06\/WhatsApp-Image-2021-06-16-at-15.26.47-768x432.jpeg 768w, https:\/\/patriaproductiva.net\/blog\/wp-content\/uploads\/2021\/06\/WhatsApp-Image-2021-06-16-at-15.26.47.jpeg 1280w\" sizes=\"(max-width: 647px) 100vw, 647px\" \/><\/figure><\/div>\n\n\n\n<p class=\"wp-block-paragraph\">Se resalt\u00f3 y agradeci\u00f3 el compromiso y gesti\u00f3n de las compa\u00f1eras en el Ministerio de Agricultura, Ganader\u00eda y Pesca (Direcci\u00f3n Nacional de Coordinaci\u00f3n y Fiscalizaci\u00f3n Pesquera y SENASA), organismo con el que vamos construyendo en conjunto la proposici\u00f3n de pol\u00edticas p\u00fablicas de inclusi\u00f3n de la mujer en el \u00e1mbito laboral pesquero.<\/p>\n\n\n\n<p class=\"wp-block-paragraph\">Como punto de partida, se incorporar\u00e1n 13 compa\u00f1eras al plantel de Inspectores Embarcados de la actividad pesquera a nivel Nacional y el desaf\u00edo que se advierte es brindar la formaci\u00f3n y acompa\u00f1amiento necesarios para que puedan desarrollar su tarea en un \u00e1mbito inclusivo y sin violencia.<\/p>\n\n\n\n<p class=\"wp-block-paragraph\">En el \u00e1mbito pesquero, no solo los distintos empleos est\u00e1n culturalmente estereotipados como masculinos y las mujeres dif\u00edcilmente pueden acceder a ellos, sino que adem\u00e1s la segregaci\u00f3n se extiende a las pocas mujeres que ocupan lugares a bordo quienes son permanentemente discriminadas por su condici\u00f3n de g\u00e9nero. Por este motivo no solo tenemos que perseguir la igualdad de oportunidades para las mujeres y los hombres, sino adem\u00e1s elaborar estrategias que permitan que el cambio sea integral.<\/p>\n\n\n\n<p class=\"wp-block-paragraph\">En este mismo sentido se convers\u00f3 tambi\u00e9n que, si el R\u00e9gimen de Promoci\u00f3n y Participaci\u00f3n de las Mujeres y Diversidades en el Sector Pesquero es aprobado en Diputados (cuenta con media sanci\u00f3n en Senadores), les Inspectores de Pesca a bordo podr\u00edan colaborar en el seguimiento del cumplimiento del Cupo que establece dicho R\u00e9gimen (30% mujeres \u2013 1% diversidades) llevando un relevamiento de las mujeres y diversidades que contratan las empresas pesqueras.<\/p>\n\n\n\n<p class=\"wp-block-paragraph\">Las compa\u00f1eras del Casino Flotante expusieron la discriminaci\u00f3n y cosificaci\u00f3n de la que son objeto en sus puestos de trabajo. La falta de condiciones dignas de trabajo, como por ejemplo la falta de acceso al agua potable gratuita durante sus horarios laborales.<\/p>\n\n\n\n<p class=\"wp-block-paragraph\">Surgi\u00f3 como un caso curioso un reclamo que le hicieron a una trabajadora que utilizo una botella de agua para hidratarse. La curiosidad vino justamente con otros comentarios que se hicieron en torno al agua. Una compa\u00f1era que venia del sector privado dijo que le cobraban el agua. Las compa\u00f1eras del MAGyP y del Senasa comentaron que ese fue un tema cuando subi\u00f3 la administraci\u00f3n de Cambiemos que tambi\u00e9n sacaron los bidones de agua y pusieron filtros usar el aguas del tanque.<\/p>\n\n\n\n<p class=\"wp-block-paragraph\">Debatimos sobre la necesidad de implicar y sensibilizar a los actores que intervienen en los sectores; pesquero, mercante, fluvial y de buques de servicios puntualmente a quienes imparten la capacitaci\u00f3n espec\u00edfica en estos \u00e1mbitos y a los empresarios, que tienen la posibilidad y la responsabilidad de facilitar el acceso de las mujeres y diversidades a los empleos de a bordo.<\/p>\n\n\n\n<p class=\"wp-block-paragraph\">Otro compromiso, ahora sindical es mantener las Libretas de Embarco actualizadas y en condiciones para poder embarcar en el momento que se lo requiera. Destacamos adem\u00e1s que dicha tramitaci\u00f3n (imprescindible para poder embarcar) tiene un costo aproximado de $ 30.000 para renovar los cursos obligatorios (por ejemplo STCW95) y que en reiteradas oportunidades las compa\u00f1eras realizan dicha renovaci\u00f3n y luego no son tenidas en cuenta para ocupar los empleos a bordo por su condici\u00f3n de mujer. Este problema no se evidencia con tanta fuerza porque queda oculto por el mayor, la falta de mujeres con libretas.<\/p>\n\n\n\n<p class=\"wp-block-paragraph\">Una de las participantes coment\u00f3 sobre el espacio de encuentro como: \u201cUn<em> espacio de contenci\u00f3n donde se pueden exponer las realidades de mujeres desventajadas, discriminadas, relegadas, que han dado su m\u00e1ximo esfuerzo para formarse y desempe\u00f1arse profesionalmente en la actividad a bordo. Es para nosotras fuente de esperanza y fuerza poder militar juntas, en redes solidarias y comprensivas, agradecemos su vocaci\u00f3n de servicio y empat\u00eda<\/em>.\u201d<\/p>\n","protected":false},"excerpt":{"rendered":"<p>El d\u00eda Viernes 4 y el s\u00e1bado 5 de junio se llevaron a cabo dos encuentros virtuales con las compa\u00f1eras del Instituto Patria del espacio Diversidades por la Patria Productiva.<\/p>\n","protected":false},"author":1,"featured_media":352,"comment_status":"open","ping_status":"open","sticky":false,"template":"","format":"standard","meta":{"footnotes":""},"categories":[67,38],"tags":[70,71,69,73,68,72],"class_list":["post-349","post","type-post","status-publish","format-standard","has-post-thumbnail","hentry","category-soberania-y-desarrollo","category-sociedad-y-politica","tag-cosificacion","tag-discriminacion","tag-fiscalizacion-pesquera","tag-magyp","tag-pesca","tag-senasa"],"_links":{"self":[{"href":"https:\/\/patriaproductiva.net\/blog\/wp-json\/wp\/v2\/posts\/349","targetHints":{"allow":["GET"]}}],"collection":[{"href":"https:\/\/patriaproductiva.net\/blog\/wp-json\/wp\/v2\/posts"}],"about":[{"href":"https:\/\/patriaproductiva.net\/blog\/wp-json\/wp\/v2\/types\/post"}],"author":[{"embeddable":true,"href":"https:\/\/patriaproductiva.net\/blog\/wp-json\/wp\/v2\/users\/1"}],"replies":[{"embeddable":true,"href":"https:\/\/patriaproductiva.net\/blog\/wp-json\/wp\/v2\/comments?post=349"}],"version-history":[{"count":4,"href":"https:\/\/patriaproductiva.net\/blog\/wp-json\/wp\/v2\/posts\/349\/revisions"}],"predecessor-version":[{"id":359,"href":"https:\/\/patriaproductiva.net\/blog\/wp-json\/wp\/v2\/posts\/349\/revisions\/359"}],"wp:featuredmedia":[{"embeddable":true,"href":"https:\/\/patriaproductiva.net\/blog\/wp-json\/wp\/v2\/media\/352"}],"wp:attachment":[{"href":"https:\/\/patriaproductiva.net\/blog\/wp-json\/wp\/v2\/media?parent=349"}],"wp:term":[{"taxonomy":"category","embeddable":true,"href":"https:\/\/patriaproductiva.net\/blog\/wp-json\/wp\/v2\/categories?post=349"},{"taxonomy":"post_tag","embeddable":true,"href":"https:\/\/patriaproductiva.net\/blog\/wp-json\/wp\/v2\/tags?post=349"}],"curies":[{"name":"wp","href":"https:\/\/api.w.org\/{rel}","templated":true}]}}