{"id":362,"date":"2021-06-24T22:30:21","date_gmt":"2021-06-25T01:30:21","guid":{"rendered":"https:\/\/patriaproductiva.net\/blog\/?p=362"},"modified":"2021-06-24T22:36:14","modified_gmt":"2021-06-25T01:36:14","slug":"marco-regulatorio-para-el-desarrollo-de-la-industria-del-cannabis-medicinal-y-el-canamo-industrial","status":"publish","type":"post","link":"https:\/\/patriaproductiva.net\/blog\/marco-regulatorio-para-el-desarrollo-de-la-industria-del-cannabis-medicinal-y-el-canamo-industrial\/","title":{"rendered":"Marco regulatorio para el desarrollo de la industria del cannabis medicinal y el c\u00e1\u00f1amo industrial"},"content":{"rendered":"\n<p class=\"wp-block-paragraph\">El mi\u00e9rcoles 3 de junio del 2021, jornada en que el Ministerio de Desarrollo Productivo de la Naci\u00f3n present\u00f3 ante el Consejo Econ\u00f3mico y Social el proyecto de nuevo marco regulatorio para el \u201cdesarrollo de la industria del cannabis medicinal y el c\u00e1\u00f1amo industrial\u201d ser\u00e1 un d\u00eda que muchos recordaremos.<\/p>\n\n\n\n<figure class=\"wp-block-image size-large\"><img fetchpriority=\"high\" decoding=\"async\" width=\"1024\" height=\"682\" src=\"https:\/\/patriaproductiva.net\/blog\/wp-content\/uploads\/2021\/06\/02-06-21_marco_regulatorio_cannabis1-1-1024x682.jpeg\" alt=\"\" class=\"wp-image-364\" srcset=\"https:\/\/patriaproductiva.net\/blog\/wp-content\/uploads\/2021\/06\/02-06-21_marco_regulatorio_cannabis1-1-1024x682.jpeg 1024w, https:\/\/patriaproductiva.net\/blog\/wp-content\/uploads\/2021\/06\/02-06-21_marco_regulatorio_cannabis1-1-600x400.jpeg 600w, https:\/\/patriaproductiva.net\/blog\/wp-content\/uploads\/2021\/06\/02-06-21_marco_regulatorio_cannabis1-1-300x200.jpeg 300w, https:\/\/patriaproductiva.net\/blog\/wp-content\/uploads\/2021\/06\/02-06-21_marco_regulatorio_cannabis1-1-768x512.jpeg 768w, https:\/\/patriaproductiva.net\/blog\/wp-content\/uploads\/2021\/06\/02-06-21_marco_regulatorio_cannabis1-1.jpeg 1280w\" sizes=\"(max-width: 1024px) 100vw, 1024px\" \/><\/figure>\n\n\n\n<p class=\"wp-block-paragraph\">Pudimos participar de un hecho hist\u00f3rico, pues no todos los d\u00edas se anuncia la intenci\u00f3n de crear un nuevo sector dentro del entramado productivo nacional.<\/p>\n\n\n\n<p class=\"wp-block-paragraph\">La militancia hist\u00f3rica de muchas organizaciones y activistas cannabicas gestaron este momento, y mucho de lo conseguido encuentra all\u00ed una gestaci\u00f3n que se debe agradecer y reconocer.<\/p>\n\n\n\n<p class=\"wp-block-paragraph\">La iniciativa, que establece los mecanismos para la regulaci\u00f3n de la actividad y fomenta el desarrollo de su cadena productiva, es la exteriorizaci\u00f3n de una visi\u00f3n estrat\u00e9gica que interpreta la oportunidad que la econom\u00eda del cannabis le est\u00e1 planteando al mundo y a nuestro pa\u00eds..<\/p>\n\n\n\n<p class=\"wp-block-paragraph\">Los n\u00fameros son inapelables. En los \u00faltimos diez a\u00f1os, el mercado legal del cannabis a nivel global se ha expandido de cero a 9.100 millones de d\u00f3lares en la actualidad y se proyecta que el mismo se multiplique por 10 para el 2030. As\u00ed, en la pr\u00f3xima d\u00e9cada, diversas formas de utilizaci\u00f3n de los derivados del cannabis formar\u00e1n parte de las rutinas diarias de los consumidores en infinidad de productos tanto medicinales como de consumo masivo.<\/p>\n\n\n\n<figure class=\"wp-block-image size-large\"><img decoding=\"async\" width=\"1024\" height=\"683\" src=\"https:\/\/patriaproductiva.net\/blog\/wp-content\/uploads\/2021\/06\/cannabis-1-1024x683.jpeg\" alt=\"\" class=\"wp-image-366\" srcset=\"https:\/\/patriaproductiva.net\/blog\/wp-content\/uploads\/2021\/06\/cannabis-1-1024x683.jpeg 1024w, https:\/\/patriaproductiva.net\/blog\/wp-content\/uploads\/2021\/06\/cannabis-1-600x400.jpeg 600w, https:\/\/patriaproductiva.net\/blog\/wp-content\/uploads\/2021\/06\/cannabis-1-300x200.jpeg 300w, https:\/\/patriaproductiva.net\/blog\/wp-content\/uploads\/2021\/06\/cannabis-1-768x512.jpeg 768w, https:\/\/patriaproductiva.net\/blog\/wp-content\/uploads\/2021\/06\/cannabis-1-1536x1025.jpeg 1536w, https:\/\/patriaproductiva.net\/blog\/wp-content\/uploads\/2021\/06\/cannabis-1.jpeg 1800w\" sizes=\"(max-width: 1024px) 100vw, 1024px\" \/><\/figure>\n\n\n\n<p class=\"wp-block-paragraph\">La puesta en marcha de una industria nacional de cannabis, representa un desaf\u00edo que supone el desarrollo de una agenda de inversi\u00f3n, producci\u00f3n, innovaci\u00f3n, generaci\u00f3n de empleo y divisas, de la mano de la dinamizaci\u00f3n y diversificaci\u00f3n de la matriz productiva de nuestras econom\u00edas regionales.<\/p>\n\n\n\n<p class=\"wp-block-paragraph\">Argentina ostenta un liderazgo global en producci\u00f3n agropecuaria. Somos un pa\u00eds agroindustrial, con capacidad instalada, recursos humanos capacitados, una institucionalidad tecnoproductiva muy potente, un ecosistema acad\u00e9mico y cient\u00edfico de excelencia. Tambi\u00e9n tenemos una de las comunidades emprendedoras m\u00e1s vibrantes de Latinoam\u00e9rica. Estamos en condiciones inmejorables para hacerlo realidad.<\/p>\n\n\n\n<figure class=\"wp-block-image size-large\"><img decoding=\"async\" width=\"1024\" height=\"682\" src=\"https:\/\/patriaproductiva.net\/blog\/wp-content\/uploads\/2021\/06\/Basterra-y-Vizzotti-1024x682.jpg\" alt=\"\" class=\"wp-image-367\" srcset=\"https:\/\/patriaproductiva.net\/blog\/wp-content\/uploads\/2021\/06\/Basterra-y-Vizzotti-1024x682.jpg 1024w, https:\/\/patriaproductiva.net\/blog\/wp-content\/uploads\/2021\/06\/Basterra-y-Vizzotti-600x399.jpg 600w, https:\/\/patriaproductiva.net\/blog\/wp-content\/uploads\/2021\/06\/Basterra-y-Vizzotti-300x200.jpg 300w, https:\/\/patriaproductiva.net\/blog\/wp-content\/uploads\/2021\/06\/Basterra-y-Vizzotti-768x511.jpg 768w, https:\/\/patriaproductiva.net\/blog\/wp-content\/uploads\/2021\/06\/Basterra-y-Vizzotti.jpg 1280w\" sizes=\"(max-width: 1024px) 100vw, 1024px\" \/><\/figure>\n\n\n\n<p class=\"wp-block-paragraph\">El proyecto de ley propone la creaci\u00f3n de una \u201cAgencia Regulatoria de la Industria del C\u00e1\u00f1amo y del Cannabis Medicinal\u201d (ARICCAME), que tendr\u00e1 la funci\u00f3n de otorgar autorizaciones para producci\u00f3n (licencias), comercializaci\u00f3n interna y exportaciones, asi como regular, administrar y fiscalizar toda la cadena productiva de cannabis y c\u00e1\u00f1amo, coordinando acciones con las distintas instituciones del Estado para fomentar el desarrollo del sector.<\/p>\n\n\n\n<p class=\"wp-block-paragraph\">La ARICCAME funcionar\u00e1 en la \u00f3rbita del Ministerio de Desarrollo Productivo y en la misma estar\u00e1n representados el Ministerio de Salud, el Ministerio de Agricultura, Ganader\u00eda y Pesca, el Ministerio de Ciencia, Tecnolog\u00eda e Innovaci\u00f3n y el Ministerio de Seguridad.<\/p>\n\n\n\n<p class=\"wp-block-paragraph\">Los recursos de Ariccame provendr\u00e1n de la percepci\u00f3n de la tasa de fiscalizaci\u00f3n de los sujetos autorizados; las asignaciones previstas en el Presupuesto; las donaciones; y todo otro aporte p\u00fablico o privado destinado al cumplimiento de los fines y objetivos.<\/p>\n\n\n\n<p class=\"wp-block-paragraph\">Su objetivo final ser\u00e1 permitir el desarrollo de una industria del cannabis de base nacional, facilitando la creaci\u00f3n de un mercado interno que habilite la comercializaci\u00f3n de flor seca, fitoter\u00e1picos y especialidades medicinales, el uso de cannabinoides en cosm\u00e9ticos, alimentos, bebidas y productos veterinarios, as\u00ed como la transformaci\u00f3n de su biomasa en diversas formas de utilizaci\u00f3n industrial, como fibras textiles, biopl\u00e1sticos, celulosa de papel, materiales de construcci\u00f3n, s\u00f3lo por mencionar algunos.<\/p>\n\n\n\n<figure class=\"wp-block-image size-large\"><img loading=\"lazy\" decoding=\"async\" width=\"1024\" height=\"538\" src=\"https:\/\/patriaproductiva.net\/blog\/wp-content\/uploads\/2021\/06\/un-centro-de-produccion-de___pMQ5I3ZkT_1200x630__1-1024x538.jpg\" alt=\"\" class=\"wp-image-368\" srcset=\"https:\/\/patriaproductiva.net\/blog\/wp-content\/uploads\/2021\/06\/un-centro-de-produccion-de___pMQ5I3ZkT_1200x630__1-1024x538.jpg 1024w, https:\/\/patriaproductiva.net\/blog\/wp-content\/uploads\/2021\/06\/un-centro-de-produccion-de___pMQ5I3ZkT_1200x630__1-600x315.jpg 600w, https:\/\/patriaproductiva.net\/blog\/wp-content\/uploads\/2021\/06\/un-centro-de-produccion-de___pMQ5I3ZkT_1200x630__1-300x158.jpg 300w, https:\/\/patriaproductiva.net\/blog\/wp-content\/uploads\/2021\/06\/un-centro-de-produccion-de___pMQ5I3ZkT_1200x630__1-768x403.jpg 768w, https:\/\/patriaproductiva.net\/blog\/wp-content\/uploads\/2021\/06\/un-centro-de-produccion-de___pMQ5I3ZkT_1200x630__1.jpg 1200w\" sizes=\"(max-width: 1024px) 100vw, 1024px\" \/><\/figure>\n\n\n\n<p class=\"wp-block-paragraph\">Se pretende adem\u00e1s fomentar desarrollo de encadenamientos productivos y de valor agregado para uso medicinal y fitoterap\u00e9utico mediante un marco regulatorio que permita regularizar diversos proyectos que hoy est\u00e1n poni\u00e9ndose en marcha, y poder complementar la <a href=\"https:\/\/www.argentina.gob.ar\/normativa\/nacional\/ley-27350-273801\">Ley 27.350<\/a>\/17 que regula la investigaci\u00f3n m\u00e9dica y cient\u00edfica del uso medicinal de la planta y su <a href=\"https:\/\/www.argentina.gob.ar\/normativa\/nacional\/decreto-883-2020-344131\">decreto reglamentario es el 883\/20.<\/a> Se apunta a garantizar la trazabilidad de los procesos productivos con destino medicinal, para permitir que Argentina se posicione con una marca pa\u00eds asociada a la m\u00e1xima calidad de producto, valorizando sus exportaciones.<\/p>\n\n\n\n<p class=\"wp-block-paragraph\">El proyecto de ley no legislar\u00e1 aprobaciones para uso m\u00e9dico o terap\u00e9utico, proceso que seguir\u00e1 sujeto a la Administraci\u00f3n Nacional de Medicamentos, Alimentos y Tecnolog\u00eda M\u00e9dica (ANMAT). El autocultivo tampoco est\u00e1 comprendido en esta iniciativa y continuar\u00e1 su regimiento por la ley 25.350.<\/p>\n\n\n\n<p class=\"wp-block-paragraph\">Con la sanci\u00f3n de este marco normativo, nuestro pa\u00eds podr\u00eda generar ingresos de divisas por USD 1.000 millones en los pr\u00f3ximos diez a\u00f1os y generar 10.000 puestos de trabajo en 24 meses, lo cual no es un dato menor, seg\u00fan proyecciones de la cartera productiva.<\/p>\n\n\n\n<figure class=\"wp-block-image size-large\"><img loading=\"lazy\" decoding=\"async\" width=\"1024\" height=\"576\" src=\"https:\/\/patriaproductiva.net\/blog\/wp-content\/uploads\/2021\/06\/IOTZALZG4VEJZOPHT6SAYJ2OVU-1024x576.jpg\" alt=\"\" class=\"wp-image-369\" srcset=\"https:\/\/patriaproductiva.net\/blog\/wp-content\/uploads\/2021\/06\/IOTZALZG4VEJZOPHT6SAYJ2OVU-1024x576.jpg 1024w, https:\/\/patriaproductiva.net\/blog\/wp-content\/uploads\/2021\/06\/IOTZALZG4VEJZOPHT6SAYJ2OVU-600x338.jpg 600w, https:\/\/patriaproductiva.net\/blog\/wp-content\/uploads\/2021\/06\/IOTZALZG4VEJZOPHT6SAYJ2OVU-300x169.jpg 300w, https:\/\/patriaproductiva.net\/blog\/wp-content\/uploads\/2021\/06\/IOTZALZG4VEJZOPHT6SAYJ2OVU-768x432.jpg 768w, https:\/\/patriaproductiva.net\/blog\/wp-content\/uploads\/2021\/06\/IOTZALZG4VEJZOPHT6SAYJ2OVU-1536x864.jpg 1536w, https:\/\/patriaproductiva.net\/blog\/wp-content\/uploads\/2021\/06\/IOTZALZG4VEJZOPHT6SAYJ2OVU.jpg 1920w\" sizes=\"(max-width: 1024px) 100vw, 1024px\" \/><\/figure>\n\n\n\n<p class=\"wp-block-paragraph\">Es destacable la decisi\u00f3n de hacerlo poniendo a los emprendedores, peque\u00f1as y medianas empresas, cooperativas y sectores de la sociedad civil como protagonistas de ese tiempo.<\/p>\n\n\n\n<p class=\"wp-block-paragraph\">Tambi\u00e9n lo es la loable intenci\u00f3n de evitar la generaci\u00f3n de una concentraci\u00f3n de mercado en pocas manos o maniobras especulativas con las licencias, especificando que <em>\u00abcualquier eventual fusi\u00f3n, cesi\u00f3n o transmisi\u00f3n de acciones o fondos de comercio de las personas f\u00edsicas o jur\u00eddicas autorizadas por Ariccame requerir\u00e1, tambi\u00e9n, de una autorizaci\u00f3n previa y expresa de la Autoridad Regulatoria\u00bb.<\/em><\/p>\n\n\n\n<p class=\"wp-block-paragraph\">Asimismo, el hecho de que se contemplar\u00e1 \u00abmuy especialmente aquellas solicitudes orientadas a contribuir al desarrollo de las econom\u00edas regionales y promover la actividad de cooperativas y de peque\u00f1as y medianas empresas productoras agr\u00edcolas\u00bb atendiendo la inclusi\u00f3n de la perspectiva de g\u00e9nero y diversidad en su otorgamiento. Para este fin, se trabajar\u00e1 en conjunto con el Instituto Nacional de Asociativismo y Econom\u00eda Social (I.N.A.E.S).<\/p>\n\n\n\n<p class=\"wp-block-paragraph\">Adem\u00e1s se prev\u00e9 un programa especial destinado a los emprendimientos de las ONG de la sociedad civil que han desarrollado saberes, conocimientos y experiencias propias acerca de los diversos usos medicinales, terap\u00e9uticos y paliativos de la planta del cannabis.<\/p>\n\n\n\n<p class=\"wp-block-paragraph\">La presentaci\u00f3n cont\u00f3 con la presencia (virtual) de diputadas, senadores y gobernadores de distintas provincias. Una se\u00f1al de apoyo que va del norte hacia el sur del pa\u00eds.<\/p>\n\n\n\n<figure class=\"wp-block-gallery columns-3 is-cropped wp-block-gallery-1 is-layout-flex wp-block-gallery-is-layout-flex\"><ul class=\"blocks-gallery-grid\"><li class=\"blocks-gallery-item\"><figure><img loading=\"lazy\" decoding=\"async\" width=\"512\" height=\"341\" src=\"https:\/\/patriaproductiva.net\/blog\/wp-content\/uploads\/2021\/06\/unnamedsanluis.jpg\" alt=\"\" data-id=\"370\" class=\"wp-image-370\" srcset=\"https:\/\/patriaproductiva.net\/blog\/wp-content\/uploads\/2021\/06\/unnamedsanluis.jpg 512w, https:\/\/patriaproductiva.net\/blog\/wp-content\/uploads\/2021\/06\/unnamedsanluis-300x200.jpg 300w\" sizes=\"(max-width: 512px) 100vw, 512px\" \/><\/figure><\/li><li class=\"blocks-gallery-item\"><figure><img loading=\"lazy\" decoding=\"async\" width=\"951\" height=\"534\" src=\"https:\/\/patriaproductiva.net\/blog\/wp-content\/uploads\/2021\/06\/MATIAS-KULFAS.max-951x951-2.jpg\" alt=\"\" data-id=\"373\" data-link=\"https:\/\/patriaproductiva.net\/blog\/?attachment_id=373\" class=\"wp-image-373\" srcset=\"https:\/\/patriaproductiva.net\/blog\/wp-content\/uploads\/2021\/06\/MATIAS-KULFAS.max-951x951-2.jpg 951w, https:\/\/patriaproductiva.net\/blog\/wp-content\/uploads\/2021\/06\/MATIAS-KULFAS.max-951x951-2-600x337.jpg 600w, https:\/\/patriaproductiva.net\/blog\/wp-content\/uploads\/2021\/06\/MATIAS-KULFAS.max-951x951-2-300x168.jpg 300w, https:\/\/patriaproductiva.net\/blog\/wp-content\/uploads\/2021\/06\/MATIAS-KULFAS.max-951x951-2-768x431.jpg 768w\" sizes=\"(max-width: 951px) 100vw, 951px\" \/><\/figure><\/li><li class=\"blocks-gallery-item\"><figure><img loading=\"lazy\" decoding=\"async\" width=\"750\" height=\"750\" src=\"https:\/\/patriaproductiva.net\/blog\/wp-content\/uploads\/2021\/06\/Mara-Brawer.jpg\" alt=\"\" data-id=\"374\" data-link=\"https:\/\/patriaproductiva.net\/blog\/?attachment_id=374\" class=\"wp-image-374\" srcset=\"https:\/\/patriaproductiva.net\/blog\/wp-content\/uploads\/2021\/06\/Mara-Brawer.jpg 750w, https:\/\/patriaproductiva.net\/blog\/wp-content\/uploads\/2021\/06\/Mara-Brawer-300x300.jpg 300w, https:\/\/patriaproductiva.net\/blog\/wp-content\/uploads\/2021\/06\/Mara-Brawer-100x100.jpg 100w, https:\/\/patriaproductiva.net\/blog\/wp-content\/uploads\/2021\/06\/Mara-Brawer-600x600.jpg 600w, https:\/\/patriaproductiva.net\/blog\/wp-content\/uploads\/2021\/06\/Mara-Brawer-150x150.jpg 150w, https:\/\/patriaproductiva.net\/blog\/wp-content\/uploads\/2021\/06\/Mara-Brawer-80x80.jpg 80w, https:\/\/patriaproductiva.net\/blog\/wp-content\/uploads\/2021\/06\/Mara-Brawer-320x320.jpg 320w\" sizes=\"(max-width: 750px) 100vw, 750px\" \/><\/figure><\/li><li class=\"blocks-gallery-item\"><figure><img loading=\"lazy\" decoding=\"async\" width=\"1024\" height=\"768\" src=\"https:\/\/patriaproductiva.net\/blog\/wp-content\/uploads\/2021\/06\/E26bMm6XMAA-qWp-1024x768.jpg\" alt=\"\" data-id=\"375\" data-link=\"https:\/\/patriaproductiva.net\/blog\/?attachment_id=375\" class=\"wp-image-375\" srcset=\"https:\/\/patriaproductiva.net\/blog\/wp-content\/uploads\/2021\/06\/E26bMm6XMAA-qWp-1024x768.jpg 1024w, https:\/\/patriaproductiva.net\/blog\/wp-content\/uploads\/2021\/06\/E26bMm6XMAA-qWp-600x450.jpg 600w, https:\/\/patriaproductiva.net\/blog\/wp-content\/uploads\/2021\/06\/E26bMm6XMAA-qWp-300x225.jpg 300w, https:\/\/patriaproductiva.net\/blog\/wp-content\/uploads\/2021\/06\/E26bMm6XMAA-qWp-768x576.jpg 768w, https:\/\/patriaproductiva.net\/blog\/wp-content\/uploads\/2021\/06\/E26bMm6XMAA-qWp-200x150.jpg 200w, https:\/\/patriaproductiva.net\/blog\/wp-content\/uploads\/2021\/06\/E26bMm6XMAA-qWp.jpg 1280w\" sizes=\"(max-width: 1024px) 100vw, 1024px\" \/><\/figure><\/li><li class=\"blocks-gallery-item\"><figure><img loading=\"lazy\" decoding=\"async\" width=\"960\" height=\"641\" src=\"https:\/\/patriaproductiva.net\/blog\/wp-content\/uploads\/2021\/06\/Morales.jpeg\" alt=\"\" data-id=\"376\" data-link=\"https:\/\/patriaproductiva.net\/blog\/?attachment_id=376\" class=\"wp-image-376\" srcset=\"https:\/\/patriaproductiva.net\/blog\/wp-content\/uploads\/2021\/06\/Morales.jpeg 960w, https:\/\/patriaproductiva.net\/blog\/wp-content\/uploads\/2021\/06\/Morales-600x401.jpeg 600w, https:\/\/patriaproductiva.net\/blog\/wp-content\/uploads\/2021\/06\/Morales-300x200.jpeg 300w, https:\/\/patriaproductiva.net\/blog\/wp-content\/uploads\/2021\/06\/Morales-768x513.jpeg 768w\" sizes=\"(max-width: 960px) 100vw, 960px\" \/><\/figure><\/li><li class=\"blocks-gallery-item\"><figure><img loading=\"lazy\" decoding=\"async\" width=\"1024\" height=\"576\" src=\"https:\/\/patriaproductiva.net\/blog\/wp-content\/uploads\/2021\/06\/indexsss-1024x576.jpeg\" alt=\"\" data-id=\"377\" data-full-url=\"https:\/\/patriaproductiva.net\/blog\/wp-content\/uploads\/2021\/06\/indexsss.jpeg\" data-link=\"https:\/\/patriaproductiva.net\/blog\/?attachment_id=377\" class=\"wp-image-377\" srcset=\"https:\/\/patriaproductiva.net\/blog\/wp-content\/uploads\/2021\/06\/indexsss-1024x576.jpeg 1024w, https:\/\/patriaproductiva.net\/blog\/wp-content\/uploads\/2021\/06\/indexsss-600x338.jpeg 600w, https:\/\/patriaproductiva.net\/blog\/wp-content\/uploads\/2021\/06\/indexsss-300x169.jpeg 300w, https:\/\/patriaproductiva.net\/blog\/wp-content\/uploads\/2021\/06\/indexsss-768x432.jpeg 768w, https:\/\/patriaproductiva.net\/blog\/wp-content\/uploads\/2021\/06\/indexsss.jpeg 1280w\" sizes=\"(max-width: 1024px) 100vw, 1024px\" \/><\/figure><\/li><\/ul><\/figure>\n\n\n\n<p class=\"wp-block-paragraph\">El cannabis puede convertirse en una apuesta estrat\u00e9gica para el pa\u00eds. Este proyecto es la puerta para que eso suceda. Esperamos su r\u00e1pida sanci\u00f3n por parte del Congreso de la Naci\u00f3n, con la firme convicci\u00f3n de que esta ley se transformar\u00e1 en la herramienta clave para incubar al sector, garantizar su despegue, sostenibilidad y proyecci\u00f3n internacional.<\/p>\n\n\n\n<p class=\"wp-block-paragraph\">De aprobarse y convertirse en ley, el Poder Ejecutivo tendr\u00e1 180 d\u00edas h\u00e1biles para su reglamentaci\u00f3n.<\/p>\n","protected":false},"excerpt":{"rendered":"<p>El mi\u00e9rcoles 3 de junio del 2021, jornada en que el Ministerio de Desarrollo Productivo de la Naci\u00f3n present\u00f3 ante el Consejo Econ\u00f3mico y Social el proyecto de nuevo marco regulatorio para el \u201cdesarrollo de la industria del cannabis medicinal y el c\u00e1\u00f1amo industrial\u201d ser\u00e1 un d\u00eda que muchos recordaremos.<\/p>\n","protected":false},"author":1,"featured_media":363,"comment_status":"open","ping_status":"open","sticky":false,"template":"","format":"standard","meta":{"footnotes":""},"categories":[8,39,44,67,38],"tags":[79,77,75,78,74,76],"class_list":["post-362","post","type-post","status-publish","format-standard","has-post-thumbnail","hentry","category-agroindustria","category-aparato-productivo","category-produccion","category-soberania-y-desarrollo","category-sociedad-y-politica","tag-canamo-industrial","tag-cannabis-medicinal","tag-consejo-economico-y-social","tag-desarrollo-de-la-industria","tag-desarrollo-productivo","tag-marco-regulatorio"],"_links":{"self":[{"href":"https:\/\/patriaproductiva.net\/blog\/wp-json\/wp\/v2\/posts\/362","targetHints":{"allow":["GET"]}}],"collection":[{"href":"https:\/\/patriaproductiva.net\/blog\/wp-json\/wp\/v2\/posts"}],"about":[{"href":"https:\/\/patriaproductiva.net\/blog\/wp-json\/wp\/v2\/types\/post"}],"author":[{"embeddable":true,"href":"https:\/\/patriaproductiva.net\/blog\/wp-json\/wp\/v2\/users\/1"}],"replies":[{"embeddable":true,"href":"https:\/\/patriaproductiva.net\/blog\/wp-json\/wp\/v2\/comments?post=362"}],"version-history":[{"count":2,"href":"https:\/\/patriaproductiva.net\/blog\/wp-json\/wp\/v2\/posts\/362\/revisions"}],"predecessor-version":[{"id":379,"href":"https:\/\/patriaproductiva.net\/blog\/wp-json\/wp\/v2\/posts\/362\/revisions\/379"}],"wp:featuredmedia":[{"embeddable":true,"href":"https:\/\/patriaproductiva.net\/blog\/wp-json\/wp\/v2\/media\/363"}],"wp:attachment":[{"href":"https:\/\/patriaproductiva.net\/blog\/wp-json\/wp\/v2\/media?parent=362"}],"wp:term":[{"taxonomy":"category","embeddable":true,"href":"https:\/\/patriaproductiva.net\/blog\/wp-json\/wp\/v2\/categories?post=362"},{"taxonomy":"post_tag","embeddable":true,"href":"https:\/\/patriaproductiva.net\/blog\/wp-json\/wp\/v2\/tags?post=362"}],"curies":[{"name":"wp","href":"https:\/\/api.w.org\/{rel}","templated":true}]}}