{"id":380,"date":"2021-06-29T14:34:03","date_gmt":"2021-06-29T17:34:03","guid":{"rendered":"https:\/\/patriaproductiva.net\/blog\/?p=380"},"modified":"2021-06-29T19:04:38","modified_gmt":"2021-06-29T22:04:38","slug":"el-espacio-politico-un-aporte-a-la-campana-electoral-2021","status":"publish","type":"post","link":"https:\/\/patriaproductiva.net\/blog\/el-espacio-politico-un-aporte-a-la-campana-electoral-2021\/","title":{"rendered":"El espacio pol\u00edtico: un aporte a la campa\u00f1a electoral 2021"},"content":{"rendered":"\n<p class=\"wp-block-paragraph\"><br><\/p>\n\n\n\n<figure class=\"wp-block-image size-large\"><img fetchpriority=\"high\" decoding=\"async\" width=\"1024\" height=\"577\" src=\"https:\/\/patriaproductiva.net\/blog\/wp-content\/uploads\/2021\/06\/Copia-de-diseno-para-blog1-1-1024x577.png\" alt=\"\" class=\"wp-image-388\" srcset=\"https:\/\/patriaproductiva.net\/blog\/wp-content\/uploads\/2021\/06\/Copia-de-diseno-para-blog1-1-1024x577.png 1024w, https:\/\/patriaproductiva.net\/blog\/wp-content\/uploads\/2021\/06\/Copia-de-diseno-para-blog1-1-600x338.png 600w, https:\/\/patriaproductiva.net\/blog\/wp-content\/uploads\/2021\/06\/Copia-de-diseno-para-blog1-1-300x169.png 300w, https:\/\/patriaproductiva.net\/blog\/wp-content\/uploads\/2021\/06\/Copia-de-diseno-para-blog1-1-768x433.png 768w, https:\/\/patriaproductiva.net\/blog\/wp-content\/uploads\/2021\/06\/Copia-de-diseno-para-blog1-1-1536x865.png 1536w, https:\/\/patriaproductiva.net\/blog\/wp-content\/uploads\/2021\/06\/Copia-de-diseno-para-blog1-1.png 1640w\" sizes=\"(max-width: 1024px) 100vw, 1024px\" \/><\/figure>\n\n\n\n<p class=\"has-text-align-right wp-block-paragraph\">Jos\u00e9 Mar\u00eda Fumagalli<br>21 de junio de 2021<\/p>\n\n\n\n<p class=\"wp-block-paragraph\">El presente trabajo es la sexta versi\u00f3n del original que escrib\u00ed en septiembre de 2011, que revis\u00e9 y actualic\u00e9 en ocasi\u00f3n de cada elecci\u00f3n nacional. Como las anteriores, consta de tres partes: la primera, que fui puliendo en cada oportunidad, est\u00e1 focalizada en la definici\u00f3n del m\u00e9todo de an\u00e1lisis que utilic\u00e9 en las otras dos partes; en la segunda intento ubicar en el espacio pol\u00edtico a nuestra propia fuerza, a nuestro principal adversario y a los dem\u00e1s actores; finalmente, en la tercera parte intento un an\u00e1lisis de la coyuntura previa a las pr\u00f3ximas elecciones de medio t\u00e9rmino, que en esta ocasi\u00f3n se realizar\u00e1n el pr\u00f3ximo 14 de noviembre, previas PASO el 12 de septiembre.<\/p>\n\n\n\n<p class=\"wp-block-paragraph\">Sin la pretensi\u00f3n de crear teor\u00eda, el m\u00e9todo de an\u00e1lisis que utilic\u00e9 para definir el gran espacio conceptual de la pol\u00edtica pretende facilitar su comprensi\u00f3n mediante un s\u00edmil geom\u00e9trico con el cual podr\u00edan ubicarse cualquiera de las fuerzas en pugna, tanto nuestra propia fuerza como la de nuestros aliados y nuestros adversarios. Con la aplicaci\u00f3n de ese m\u00e9todo a nuestro caso y con la finalidad de lograr una mejor comprensi\u00f3n y mayor efectividad en el dise\u00f1o de nuestra acci\u00f3n pol\u00edtica, pretendo precisar la composici\u00f3n social, la ideolog\u00eda y las caracter\u00edsticas organizativas de nuestro propio espacio pol\u00edtico y las correspondientes caracter\u00edsticas de nuestros principales adversarios y las de los indecisos que en algunas oportunidades han demostrado su capacidad de volcar los resultados electorales en uno u otro sentido. Para finalizar, agrego un an\u00e1lisis de la coyuntura que enfrentamos a seis meses de las elecciones de medio t\u00e9rmino y algunas reflexiones sobre las necesidades de nuestra acci\u00f3n pol\u00edtica. Espero que este aporte sea de utilidad para todos los compa\u00f1eros y las compa\u00f1eras en la discusi\u00f3n que merece ese desaf\u00edo cuyos resultados condicionar\u00e1n la acci\u00f3n en lo que resta de nuestro gobierno.<\/p>\n\n\n\n<p class=\"wp-block-paragraph\"><strong>Una forma de pensar el espacio pol\u00edtico<\/strong><\/p>\n\n\n\n<p class=\"wp-block-paragraph\">En una primera y muy provisoria aproximaci\u00f3n parto de la base que el \u201cespacio pol\u00edtico\u201d es el escenario conceptual en el cual las personas y sus distintos colectivos sociales adquieren y maduran sus ideas, diagnostican sus necesidades y gestionan el poder mediante organizaciones cuyas acciones pol\u00edticas est\u00e1n destinadas a satisfacer sus necesidades presentes y futuras. Los tres ejes imaginarios con que intento definir el espacio pol\u00edtico simb\u00f3lico son <em>el pueblo<\/em>, <em>las ideas<\/em> y <em>la organizaci\u00f3n<\/em>. Paso a tratar de establecer el concepto y las graduaciones de cada uno de esos ejes.<\/p>\n\n\n\n<p class=\"wp-block-paragraph\"><em><strong>El pueblo<\/strong><\/em> comprende al conjunto de la poblaci\u00f3n, incluyendo a quienes se interesan en la pol\u00edtica y a quienes permanecen pasivos, a quienes la desconocen o aun reniegan de ella. Para algunos, el pueblo significa la gente, para otros los ciudadanos. Para nosotros es el conjunto de las y los habitantes de nuestro territorio. Siguiendo esta \u00faltima acepci\u00f3n y seg\u00fan los alcances de la pol\u00edtica que estemos analizando, el pueblo incluye al conjunto de habitantes del barrio, de la ciudad, de la provincia o de la naci\u00f3n, seg\u00fan se trate de pol\u00edticas barriales, municipales, provinciales o nacionales. La graduaci\u00f3n del concepto \u201cpueblo\u201d es una cuesti\u00f3n compleja y todav\u00eda no enteramente resuelta. Algunos an\u00e1lisis economicistas se basan en el ingreso econ\u00f3mico per c\u00e1pita. Otros, de base sociol\u00f3gica, prefieren la distinci\u00f3n sobre la base de las clases sociales. En lo personal, seg\u00fan el caso prefiero utilizar una combinaci\u00f3n de los dos sistemas, aunque incluyendo en la clasificaci\u00f3n economicista a los excluidos del sistema econ\u00f3mico e incluyendo en el sistema sociol\u00f3gico a los desclasados.<\/p>\n\n\n\n<p class=\"wp-block-paragraph\"><em><strong>Las ideas<\/strong><\/em> comprenden a todas las creencias y los conceptos sustentados por los distintos colectivos sociales \u2013el pueblo, en nuestra concepci\u00f3n de la pol\u00edtica. El mundo de las ideas reconoce las contribuciones de la cultura, la religi\u00f3n, el arte en todas sus expresiones y, por supuesto, de lo econ\u00f3mico, lo social y lo pol\u00edtico. Todo ese bagaje, construido, sucesivamente transmitido de una generaci\u00f3n a otra, y enriquecido permanentemente por el pueblo seg\u00fan sus percepciones de la realidad, configura lo que reconocemos como la cultura popular. El conjunto de las ideas incluye desde las m\u00e1s elementales \u2013el bien y el mal, la belleza y la fealdad, etc\u00e9tera\u2013 hasta las m\u00e1s complejas y elaboradas \u2013conceptos \u00e9ticos, econ\u00f3micos, sociales y pol\u00edticos sobre el desarrollo, la igualdad la justicia, la inserci\u00f3n en el mundo, etc\u00e9tera. Igual que antes, para abarcar a la totalidad del escenario pol\u00edtico, el conjunto de las ideas incluye a las propias y a las diferentes, y tambi\u00e9n a las opuestas.<\/p>\n\n\n\n<p class=\"wp-block-paragraph\"><em><strong>La organizaci\u00f3n<\/strong><\/em> comprende a todos los mecanismos con que los pueblos, o parte de ellos, se asocian y cooperan entre s\u00ed para acumular y gestionar el poder con la finalidad de alcanzar sus objetivos. Seg\u00fan su alcance, las organizaciones pueden ser barriales, comunales, municipales, provinciales, nacionales e inclusive internacionales; seg\u00fan la finalidad, pueden estar constituidas para alcanzar beneficios socioecon\u00f3micos \u2013empresas, sindicatos, etc\u00e9tera\u2013 o de otro tipo, tales como culturales, sociales u otros, incluyendo por supuesto a las organizaciones y los partidos pol\u00edticos. La organizaci\u00f3n de m\u00e1s alto nivel de cada comunidad es su gobierno, destinado a dirigir y ordenar el desempe\u00f1o de esa comunidad y de todos y cada uno de sus integrantes. Para representar a la totalidad del espacio pol\u00edtico todas las organizaciones est\u00e1n comprendidas, desde las m\u00e1s democr\u00e1ticas a las m\u00e1s autocr\u00e1ticas, incluyendo no s\u00f3lo a las leg\u00edtimas, sino tambi\u00e9n a las que no lo son.<\/p>\n\n\n\n<p class=\"wp-block-paragraph\" id=\"com_1\">Seg\u00fan mi s\u00edmil geom\u00e9trico, estos tres ejes, <em>pueblo<\/em>, <em>ideas<\/em> y <em>organizaci\u00f3n<\/em> definen el \u201cespacio pol\u00edtico\u201d, concebido como el gran escenario conceptual<a href=\"#com1\" data-type=\"internal\" data-id=\"#com1\">[1]<\/a> donde el pueblo construye, elije y confronta sus ideas, y establece las organizaciones sociales y pol\u00edticas que, en su interacci\u00f3n y competencia, construyen su futuro. El hecho de haber incluido en cada uno de estos tres ejes \u2013expl\u00edcitamente y sin excepciones\u2013 a todas y todos los integrantes del pueblo, de las ideas y de las organizaciones es el que nos permite ahora reconocer y delimitar dentro del gran espacio o escenario pol\u00edtico a cada uno de los actores pol\u00edticos actuantes, los propios, los de nuestros eventuales aliados y los de nuestros adversarios.<\/p>\n\n\n\n<p class=\"wp-block-paragraph\">As\u00ed, el espacio pol\u00edtico al que pertenecemos, \u201cnuestro espacio pol\u00edtico\u201d, est\u00e1 delimitado y contiene a \u201cnuestro pueblo\u201d, \u201cnuestras ideas\u201d y \u201cnuestras organizaciones\u201d. En modo an\u00e1logo, tambi\u00e9n podemos diferenciar a \u201cotros espacios pol\u00edticos\u201d ocupados por los dem\u00e1s actores en el gran escenario, incluyendo a nuestros eventuales aliados y nuestros diferentes adversarios. Esta forma de individualizar a los distintos espacios pol\u00edticos tambi\u00e9n permite ubicar y caracterizar a los espacios vac\u00edos que, como sabemos, siempre tienden a ser ocupados.<\/p>\n\n\n\n<p class=\"wp-block-paragraph\">Otra forma equivalente de concebir el espacio pol\u00edtico \u2013que creo de mayor utilidad\u2013 es mediante los tres planos definidos de a pares por los ejes del pueblo, las ideas y las organizaciones.<\/p>\n\n\n\n<ul class=\"wp-block-list\" id=\"com_2\"><li><em><strong>el plano de la representaci\u00f3n ideol\u00f3gica<\/strong>: <\/em>es el definido por los ejes del pueblo y de las ideas; en este plano podemos analizar de qu\u00e9 manera distintas fracciones del pueblo adhieren y se reconocen conforme a sus distintas concepciones ideol\u00f3gicas;<\/li><li><em><strong>el plano de la representaci\u00f3n social<\/strong>: <\/em>es el determinado por los ejes del pueblo y la organizaci\u00f3n; en este plano podremos analizar las caracter\u00edsticas y las diferencias de las distintas concepciones de los sectores del pueblo respecto del funcionamiento de la sociedad y del manejo de la cosa p\u00fablica, cuesti\u00f3n que da lugar a las diferentes expresiones de representaci\u00f3n social;<\/li><li><em><strong>el plano de la representaci\u00f3n pol\u00edtica:<\/strong> <\/em>es el definido por los ejes de las ideas y la organizaci\u00f3n; permite relacionar la manera en que las distintas fracciones ideol\u00f3gicas se organizan y dan forma a los partidos pol\u00edticos u otros actores<a href=\"#com2\" data-type=\"internal\" data-id=\"#com2\">[2]<\/a> que desde fuera de la pol\u00edtica intervienen y participan en la administraci\u00f3n del poder.<\/li><\/ul>\n\n\n\n<p class=\"wp-block-paragraph\">Cada uno de estos tres planos de representaci\u00f3n contiene respectivamente a todas las ideolog\u00edas y formas de representaci\u00f3n social y pol\u00edtica, permiti\u00e9ndonos as\u00ed individualizar, diferenciar y ubicar en el espacio pol\u00edtico a cada uno de los actores que interact\u00faan en ese gran escenario. El espacio pol\u00edtico permite construir una representaci\u00f3n de las similitudes y las diferencias que existen entre \u201cnuestro espacio\u201d y los dem\u00e1s, las distancias simb\u00f3licas que nos separan, y las posibles trayectorias y velocidades que son posibles con el transcurso del tiempo, y con ello pensar c\u00f3mo expandirlo y fortalecerlo. En la figura 1 muestro la representaci\u00f3n idealizada del espacio pol\u00edtico.<\/p>\n\n\n\n<p class=\"wp-block-paragraph\"><strong><em>Figura 1: Representaci\u00f3n idealizada del \u201cespacio pol\u00edtico\u201d<\/em><\/strong><\/p>\n\n\n\n<div class=\"wp-block-image\"><figure class=\"aligncenter size-large\"><img decoding=\"async\" width=\"628\" height=\"433\" src=\"https:\/\/patriaproductiva.net\/blog\/wp-content\/uploads\/2021\/06\/1234.png\" alt=\"\" class=\"wp-image-381\" srcset=\"https:\/\/patriaproductiva.net\/blog\/wp-content\/uploads\/2021\/06\/1234.png 628w, https:\/\/patriaproductiva.net\/blog\/wp-content\/uploads\/2021\/06\/1234-600x414.png 600w, https:\/\/patriaproductiva.net\/blog\/wp-content\/uploads\/2021\/06\/1234-300x207.png 300w\" sizes=\"(max-width: 628px) 100vw, 628px\" \/><\/figure><\/div>\n\n\n\n<p class=\"wp-block-paragraph\"><strong>Una caracterizaci\u00f3n de los espacios pol\u00edticos<\/strong><\/p>\n\n\n\n<p class=\"wp-block-paragraph\">Antes de entrar en materia, creo necesario precisar que, como cualquier construcci\u00f3n pol\u00edtica, nuestra fuerza, el Frente de Todos, no es ni puede ser absoluta ni autorreferencial. \u00bfQu\u00e9 quiero decir con estas dos afirmaciones? Creo que esa construcci\u00f3n no puede estar fundamentada s\u00f3lo y exclusivamente en nuestras visiones de la realidad y de c\u00f3mo cambiarla. Nuestros principios y nuestra cultura pol\u00edtica son por supuesto muy importantes, e incluso irrenunciables. Sin caer en ning\u00fan relativismo, esto significa que la construcci\u00f3n de \u201cnuestro espacio pol\u00edtico\u201d no puede prescindir de las problem\u00e1ticas que plantea mejorar la representaci\u00f3n del pueblo de nuestro barrio, ciudad, provincia o del pa\u00eds. Eso hace necesario tomar en cuenta otras visiones diferentes a las nuestras: nuestra construcci\u00f3n tampoco puede prescindir ni mucho menos ser ajena a los desaf\u00edos que plantean las posibilidades de alianza, competencia u oposici\u00f3n con los \u201cotros espacios pol\u00edticos\u201d.<\/p>\n\n\n\n<p class=\"wp-block-paragraph\">En base a los resultados de la elecci\u00f3n general de 2019, el Frente de Todos recuper\u00f3 el ejercicio del poder y se posicion\u00f3 en el centro del escenario pol\u00edtico hasta el a\u00f1o 2023. Como primera fuerza electoral nos toca el rol de actuar administrando la conducci\u00f3n del Estado, mientras que todos los dem\u00e1s espacios pol\u00edticos se ver\u00e1n obligados a orbitar de una u otra manera alrededor de nuestra acci\u00f3n gubernamental. Por tal motivo, el Frente de Todos, \u201cnuestro espacio pol\u00edtico\u201d, debe ser analizado desde una perspectiva de competencia con Juntos por el Cambio y sus integrantes, en tanto principal fuerza opositora, as\u00ed como de interacci\u00f3n y eventuales alianzas con las dem\u00e1s fracciones del peronismo y de \u201cotros espacios pol\u00edticos\u201d de menor peso y de los sectores que no adhieren en modo estable a ninguna de las opciones vigentes. Para ello propongo, en primer t\u00e9rmino, la necesidad de caracterizar los principales espacios pol\u00edticos en juego, para luego poder analizar la coyuntura pol\u00edtica ante la perspectiva eleccionaria que se avecina.<\/p>\n\n\n\n<p class=\"wp-block-paragraph\" id=\"com_3\">Para caracterizar tanto al Frente de Todos como a Juntos por el Cambio \u2013en tanto principales fuerzas en competencia\u2013 y a las dem\u00e1s fuerzas<a href=\"#com3\" data-type=\"internal\" data-id=\"#com3\">[3]<\/a> \u2013que se encuentran tironeadas por las dos fuerzas principales mediante esta forma de pensar al espacio pol\u00edtico\u2013 utilizar\u00e9 los tres planos correspondientes a las representaciones ideol\u00f3gica, social y pol\u00edtica, arriba descriptas. Por el inter\u00e9s que despiertan las pr\u00f3ximas elecciones me detendr\u00e9 con mayor detenimiento en la caracterizaci\u00f3n de los denominados NI: quienes no se alinean de modo estable con ninguna de las fuerzas.<\/p>\n\n\n\n<p class=\"wp-block-paragraph\"><strong>El plano de la representaci\u00f3n ideol\u00f3gica<\/strong><\/p>\n\n\n\n<p class=\"wp-block-paragraph\" id=\"com_4\"><strong><em>El peronismo-Frente de Todos<\/em>: <\/strong>su representaci\u00f3n ideol\u00f3gica est\u00e1 fuertemente arraigada en la tercera posici\u00f3n enunciada por Per\u00f3n y actualizada por N\u00e9stor y Cristina Kirchner, y se caracteriza por ser equidistante del capitalismo y del comunismo, con algunos rasgos del comunitarismo,<a href=\"#com4\" data-type=\"internal\" data-id=\"#com4\">[4]<\/a> concepci\u00f3n a la que el propio peronismo realiz\u00f3 aportes fundacionales. La ideolog\u00eda peronista, sintetizada en sus banderas de justicia social, independencia econ\u00f3mica y soberan\u00eda pol\u00edtica, incorpor\u00f3 con los gobiernos de N\u00e9stor y Cristina su cuarta bandera: memoria, verdad y justicia. El peronismo reconoce adem\u00e1s una continuidad hist\u00f3rica \u2013San Mart\u00edn, Rosas, Per\u00f3n\u2013 y del pensamiento nacional \u2013Moreno, Scalabrini Ortiz, Hern\u00e1ndez Arregui, Cooke, as\u00ed como en la actualidad distintos colectivos de intelectuales y pensadores\u2013 perfectamente definida, que permiten no s\u00f3lo su vigencia a lo largo del tiempo, de las sucesivas generaciones y las diferentes etapas de su devenir, sino tambi\u00e9n recuperar sus ra\u00edces y contenidos luego del intento neoliberalizador del menemismo. Tres comentarios para la reflexi\u00f3n y el debate en materia de representaci\u00f3n ideol\u00f3gica: primero, el peronismo posee la fortaleza de una gran consistencia doctrinaria e identitaria; segundo, en modo contradictorio, esa fortaleza tambi\u00e9n generan reacciones que dificultan la expansi\u00f3n de su representaci\u00f3n, especialmente en una sociedad tan diversa como la que caracteriza a la Ciudad de Buenos Aires o algunas provincias de fuerte impronta conservadora, como son los casos de C\u00f3rdoba, Mendoza, Jujuy y Corrientes; y tercero, con algunos matices y pese a su diversidad, el Frente de Todos no presenta grandes diferencias en materia de representaci\u00f3n ideol\u00f3gica con el resto del peronismo; sin embargo, la reivindicaci\u00f3n de las pol\u00edticas y los objetivos implementadas por N\u00e9stor y Cristina en sus gobiernos no es plenamente compartida por algunos sectores del peronismo. Estimo que nuestro \u00fanico l\u00edmite en el proceso de unidad es la contradicci\u00f3n con la restauraci\u00f3n conservadora y neoliberal que encarnan Juntos por el Cambio, Macri y los poderes f\u00e1cticos del <em>establishment<\/em>.<\/p>\n\n\n\n<p class=\"wp-block-paragraph\" id=\"com_5\"><strong><em>El PRO-Juntos por el Cambio<\/em>:<\/strong> su representaci\u00f3n ideol\u00f3gica es relativamente difusa, pero su n\u00facleo fundamental recala en el liberalismo<a href=\"#com5\" data-type=\"internal\" data-id=\"#com5\">[5]<\/a> y muy especialmente en el neoliberalismo, reconociendo adem\u00e1s aportes conservadores del radicalismo, de la derecha olig\u00e1rquica y del peronismo autoritario, particularmente del menemismo y el duhaldismo. En particular, el neoliberalismo hace referencia a una pol\u00edtica econ\u00f3mica con \u00e9nfasis tecnocr\u00e1tico y macroecon\u00f3mico que pretende reducir al m\u00ednimo la intervenci\u00f3n estatal en materia econ\u00f3mica y social, defendiendo el libre mercado capitalista y en especial al sector financiero como organizador y mejor garante del equilibrio institucional y del crecimiento econ\u00f3mico de un pa\u00eds. Por su parte, los sectores mayoritarios del radicalismo que integran Juntos por el Cambio parecen haber renunciado a los principios fundacionales del partido, pero no a su ambici\u00f3n de poder, haciendo valer el peso de las estructuras partidarias de las que carece el PRO. Aunque el tema deber\u00eda ser profundizado, estimo que los aportes ideol\u00f3gicos del peronismo de derecha al PRO y a Juntos por el Cambio son m\u00ednimos, posiblemente reducidos a los temas referidos al orden social.<\/p>\n\n\n\n<p class=\"wp-block-paragraph\" id=\"com_6\"><em><strong>Las dem\u00e1s fuerzas y sectores en disputa:<\/strong><\/em> est\u00e1n integradas por partidos pol\u00edticos<a href=\"#com6\" data-type=\"internal\" data-id=\"#com6\">[6]<\/a> minoritarios, poderes f\u00e1cticos y sectores de la poblaci\u00f3n denominados NI, que no adhieren en modo permanente a ninguna de las fuerzas pol\u00edticas mayoritarias o que no se interesan en absoluto por la pol\u00edtica. Tenemos partidos pol\u00edticos minoritarios de toda especie, por izquierda \u2013como los partidos trotskistas\u2013 y por derecha \u2013tanto de la ultraderecha como los recientes partidos libertarios. Pese a su diversidad, en la mayor\u00eda de los casos estos partidos terminan siendo funcionales a la derecha neoliberal.<\/p>\n\n\n\n<p class=\"wp-block-paragraph\">Los poderes f\u00e1cticos no reconocen filiaci\u00f3n pol\u00edtica, pero constituyen un sector con poder real para influir sobre la pol\u00edtica y sobre los pol\u00edticos. Est\u00e1n integrados por los grandes grupos econ\u00f3micos y financieros nacionales y transnacionales, los medios de comunicaci\u00f3n concentrados y parte del poder judicial. El an\u00e1lisis de sus intereses no puede permanecer ajeno en ninguna coyuntura, menos a\u00fan ante los procesos eleccionarios.<\/p>\n\n\n\n<p class=\"wp-block-paragraph\">Los denominados NI son quienes no responden en modo permanente a ninguna de las principales fuerzas en disputa. Su an\u00e1lisis resulta fundamental, en tanto tienen capacidad de alinearse circunstancialmente con una o con otra fuerza electoral, eventualmente con capacidad de volcar el resultado de las elecciones en uno u otro sentido. Aunque creo necesario profundizar la cuesti\u00f3n, estimo que este sector est\u00e1 integrado fundamentalmente por sectores medios, profesionales, comerciantes y peque\u00f1os empresarios y empresarias que no se interesan en las cuestiones pol\u00edticas y que definen su voto a \u00faltima hora por razones que resultan m\u00e1s de sus emociones que del an\u00e1lisis de sus propios intereses.<\/p>\n\n\n\n<p class=\"wp-block-paragraph\"><strong>El plano de la representaci\u00f3n social<\/strong><\/p>\n\n\n\n<p class=\"wp-block-paragraph\"><strong><em>El peronismo-Frente de Todos<\/em>:<\/strong> en su seno act\u00faan representaciones de distintos sectores, a veces en pugna. El sector pol\u00edtico se rige por las disposiciones de la Ley 23.298 Org\u00e1nica de Partidos Pol\u00edticos y sus disposiciones complementarias. El sindicalismo, organizado por medio de representaciones \u00fanicas o muy concentradas, postula el verticalismo para la mejor defensa de los intereses de los trabajadores y las trabajadoras. Similares posiciones son mantenidas por caudillos provinciales, llegando a constituir estructuras feudales en sus territorios. Sin embargo, muchos reconocemos al <em>pluralismo<\/em> como fuente de organizaci\u00f3n social en tanto permite y promueve la expresi\u00f3n, la organizaci\u00f3n y la difusi\u00f3n de diferentes opiniones, incluyendo posturas minoritarias que interact\u00faan en la din\u00e1mica de las sociedades democr\u00e1ticas. En el pluralismo, las decisiones respecto pol\u00edticas p\u00fablicas resultan de la interacci\u00f3n de fuerzas ejercidas por las masas \u2013trabajadores, trabajadoras, consumidores, jubilados, jubiladas, madres, padres, etc\u00e9tera\u2013 directamente o indirectamente en el proceso de toma de decisiones pol\u00edticas. En nuestro caso, resulta evidente la existencia de s\u00f3lidos mecanismos de representaci\u00f3n social que responden a diferentes intereses populares: organizaciones de derechos humanos, sociales, estudiantiles, barriales, culturales y \u2013m\u00e1s recientemente\u2013 la irrupci\u00f3n de organizaciones feministas y de diversidad de g\u00e9neros, las m\u00e1s din\u00e1micas y disruptivas de los \u00faltimos a\u00f1os.<\/p>\n\n\n\n<p class=\"wp-block-paragraph\" id=\"com_7\"><strong><em>El PRO-Juntos por el Cambio<\/em>: <\/strong>en consonancia con su ideolog\u00eda liberal, centrada exclusivamente en la actuaci\u00f3n individual libre de cualquier atadura, plantea que la representaci\u00f3n social es innecesaria.<a href=\"#com7\" data-type=\"internal\" data-id=\"#com7\">[7] <\/a>Las escasas excepciones a esta notoria carencia de representaci\u00f3n social van por cuenta de los partidos integrantes de esa coalici\u00f3n, en tanto deben responder a la Ley 23.298, y por las representaciones sindicales de algunos sectores, como el sector agropecuario m\u00e1s concentrado.<\/p>\n\n\n\n<p class=\"wp-block-paragraph\"><em>Las dem\u00e1s fuerzas y sectores en disputa<\/em>: desde ya, los partidos pol\u00edticos minoritarios tambi\u00e9n deben responder a las exigencias de la ley org\u00e1nica de partidos pol\u00edticos. A su vez, los poderes f\u00e1cticos se organizan mediante una compleja red de c\u00e1maras y asociaciones profesionales de representaci\u00f3n sectorial o regional, federaciones y uniones de nivel nacional. Estas organizaciones disponen de un elevado poder de influencia, tanto ante el Poder Ejecutivo Nacional, como ante los poderes legislativos y judiciales, por medios no siempre transparentes, ni con fines completamente claros. En consonancia con su aparente o real inter\u00e9s por la pol\u00edtica, los sectores que denominamos NI no poseen fuertes mecanismos organizativos para su representaci\u00f3n. Sin embargo, algunos de estos sectores no enteramente indiferentes a la cosa p\u00fablica se organizan a trav\u00e9s de asociaciones que re\u00fanen actividades y temas generales o vecinales de su inter\u00e9s.<\/p>\n\n\n\n<p class=\"wp-block-paragraph\"><strong>El plano de la representaci\u00f3n pol\u00edtica<\/strong><\/p>\n\n\n\n<p class=\"wp-block-paragraph\" id=\"com_8\"><strong><em>El peronismo-Frente de Todos<\/em>: <\/strong>siguiendo su tradici\u00f3n, el peronismo sigue actuando mediante frentes pol\u00edticos, en la actualidad el Frente de Todos.<a href=\"#com8\" data-type=\"internal\" data-id=\"#com8\">[8]<\/a> La unidad de todo el espacio pol\u00edtico del peronismo permiti\u00f3 recuperar el poder en las elecciones presidenciales de 2019. A su vez, la representaci\u00f3n frentista tambi\u00e9n significa debilidades que se han puesto en evidencia en el ejercicio del poder. Tal es el caso de una composici\u00f3n heterog\u00e9nea de los gabinetes ministeriales y de los organismos de gobierno que pone en evidencia algunas diferencias de m\u00e9todos, prioridades y en algunos casos de objetivos.<\/p>\n\n\n\n<p class=\"wp-block-paragraph\" id=\"com_9\"><strong><em>El PRO-Juntos por el Cambio<\/em>: <\/strong>tambi\u00e9n es una coalici\u00f3n electoral integrada por el PRO, la UCR, la Coalici\u00f3n C\u00edvica y el Peronismo Republicano. Su mecanismo de representaci\u00f3n pol\u00edtica est\u00e1 basado en el <em>elitismo<\/em><a href=\"#com9\" data-type=\"internal\" data-id=\"#com9\">[9]<\/a> y la supuesta capacidad auto-reguladora del mercado, al que atribuyen el poder de equilibrar a los diferentes intereses y traccionar el crecimiento econ\u00f3mico primero y, por posterior efecto derrame, la mejora social. Por ello no extra\u00f1a que la organizaci\u00f3n pol\u00edtica de Juntos por el Cambio sea de m\u00ednimas proporciones y que carezca de una importante inserci\u00f3n territorial. En rigor, esa m\u00ednima estructura organizativa es aportada en gran medida por el radicalismo y por la vertiente del peronismo de derecha participante en la fundaci\u00f3n del PRO.<\/p>\n\n\n\n<p class=\"wp-block-paragraph\"><em>Las dem\u00e1s fuerzas y sectores en disputa<\/em>: se trata de un sector heterog\u00e9neo en el cual se pueden distinguir al menos dos subsectores de diferentes caracter\u00edsticas e intereses. Por una parte, los que se denominan poderes f\u00e1cticos, entendidos como sectores con capacidad de priorizar sus propios intereses sobre el bien com\u00fan y de confrontar con los sectores pol\u00edticos que no resultan afines a sus intereses, en particular al peronismo y al Frente de Todos. Este segmento est\u00e1 integrado por sectores rent\u00edsticos, empresas monop\u00f3licas u oligop\u00f3licas y el sector financiero, y por medios de comunicaci\u00f3n concentrados y parte de la Justicia que responden a los anteriores. Adem\u00e1s de adherir mayoritariamente a la ideolog\u00eda neoliberal, estos sectores est\u00e1n dotados de fuertes mecanismos de representaci\u00f3n pol\u00edtica con elevado poder de lobby ante los tres poderes del Estado: c\u00e1maras, federaciones y uniones empresariales. Si bien num\u00e9ricamente no poseen una gran relevancia electoral, resultan importantes por su capacidad de generar sentido com\u00fan af\u00edn a sus intereses, as\u00ed como de descalificar a nuestras fuerzas.<\/p>\n\n\n\n<p class=\"wp-block-paragraph\">El segundo subsector es el que denominamos NI. Est\u00e1 integrado por una proporci\u00f3n importante del electorado que no adhiere en modo permanente a ninguno de los partidos pol\u00edticos en disputa, pero que a la hora de las elecciones pueden temporariamente volcar sus preferencias a favor de uno u otro frente, eventualmente con capacidad de definir el resultado electoral, lo que convierte a este sector en uno de fundamental importancia para los partidos pol\u00edticos. El an\u00e1lisis de las razones que definen la preferencia mayoritaria de los NI en uno u otro sentido resulta fundamental para establecer las propuestas y las formas de hacerlas conocer que resulten m\u00e1s apropiadas. En principio, estimo que los NI terminan de elegir su preferencia electoral en funci\u00f3n del partido que les ofrezca una mejor y m\u00e1s cre\u00edble soluci\u00f3n a sus demandas en cada ocasi\u00f3n, sean estas reales o inducidas por el sentido com\u00fan dominante. En la presente coyuntura estimo que esas necesidades son las relacionadas con dos problem\u00e1ticas que acaparan el grueso de las preocupaciones: el manejo de la pandemia, y m\u00e1s espec\u00edficamente la ejecuci\u00f3n del programa de vacunaci\u00f3n; y la recuperaci\u00f3n econ\u00f3mica y sus consecuencias: el costo de vida, en particular de los alimentos, el empleo, los ingresos, etc\u00e9tera.<\/p>\n\n\n\n<p class=\"wp-block-paragraph\"><strong>An\u00e1lisis de la coyuntura previa a las elecciones de medio t\u00e9rmino<\/strong><\/p>\n\n\n\n<p class=\"wp-block-paragraph\" id=\"com_10\">El actual estado de las cosas deriva fundamentalmente de la irrupci\u00f3n en nuestro pa\u00eds y en todo el mundo de una pandemia que ninguno de nosotros ha vivido antes y que se viene prolongando hace ya m\u00e1s de un a\u00f1o. En nuestro caso, se agrega a la pandemia el estado del pa\u00eds que encontramos luego de cuatro a\u00f1os de administraci\u00f3n cambiemita. Aunque parezca redundante, no podemos dejar de considerar que la pandemia viene causando severos da\u00f1os en lo social y en lo econ\u00f3mico a lo ancho y a lo largo del mundo, con consecuencias de mediano y largo plazo sobre lo pol\u00edtico que todav\u00eda no estamos en condiciones de evaluar. En una brev\u00edsima s\u00edntesis, la pandemia ha generado una crisis en la econom\u00eda mundial y en cada uno de los pa\u00edses, con ca\u00eddas de la producci\u00f3n en la totalidad de las actividades, as\u00ed como del comercio internacional, con una magnitud que no ve\u00edamos desde la crisis de 1930, o antes. Los resultados m\u00e1s inmediatos se manifiestan en el aumento de la pobreza y el desempleo de las grandes mayor\u00edas que, unidos a las restricciones a la circulaci\u00f3n y las necesidades de mantener in\u00e9ditas medidas sanitarias y un importante aislamiento social, vienen ocasionando desaliento, hartazgo y rebeld\u00eda antigubernamental en la gran mayor\u00eda de las personas. Las diferencias que tienen los diferentes pa\u00edses respecto a sus capacidades econ\u00f3micas y sanitarias<a href=\"#com10\" data-type=\"internal\" data-id=\"#com10\">[10]<\/a> para combatir la pandemia no hace m\u00e1s que aumentar las reacciones antigubernamentales. En nuestro caso, a lo anterior se agrega el estado catastr\u00f3fico generado por el gobierno de Macri, con un enorme aumento de la pobreza y del desempleo, cierre de empresas, inflaci\u00f3n, deuda externa, todo ello previo al inicio de la pandemia.<\/p>\n\n\n\n<p class=\"wp-block-paragraph\" id=\"com_11\">\u00bfC\u00f3mo se reflejan en nuestro pa\u00eds estos hechos en el posicionamiento de cada uno de los principales actores de la pol\u00edtica nacional en los planos de las representaciones ideol\u00f3gicas, sociales y pol\u00edticas? El Frente de Todos en lo ideol\u00f3gico se ha fortalecido, como resultado de la unidad que permiti\u00f3 lograr la victoria en la primera vuelta de las elecciones de 2019. La propuesta de Cristina Fern\u00e1ndez de Kirchner de unificar al peronismo y sus diferentes aliados tras la candidatura de Alberto Fern\u00e1ndez y la comprensi\u00f3n sobre la necesidad de mantener la unidad en la diversidad, adem\u00e1s de posibilitar el triunfo electoral en la primera vuelta, ha sido fundamental para gestionar de la mejor manera este primer tercio del mandato presidencial a pesar del escenario en que nos toc\u00f3 actuar. En el plano social, la actuaci\u00f3n del Frente de Todos dej\u00f3 muy en claro su prioridad en materia de salud p\u00fablica frente a la econom\u00eda, y mediante medidas muy concretas<a href=\"#com11\" data-type=\"internal\" data-id=\"#com11\">[11]<\/a> reafirm\u00f3, sin dejar lugar a dudas, sus hist\u00f3ricas posturas de priorizar la defensa de los sectores sociales y las empresas m\u00e1s vulnerables, en especial las PyMEs. En lo referente a la representaci\u00f3n pol\u00edtica, y a pesar de las complejidades que significa un gobierno frentista, todo parece indicar que las complejidades y las amenazas que encierra la definici\u00f3n de candidaturas para las elecciones de medio termino ser\u00e1n superadas sin mayores dificultades, o al menos con dificultades mucho menores que las que parece estar enfrentando la oposici\u00f3n.<\/p>\n\n\n\n<p class=\"wp-block-paragraph\">Por su parte, Juntos por el Cambio est\u00e1 enfrentando las dificultades que significa la p\u00e9rdida del ejercicio del poder luego de un solo per\u00edodo de gobierno. En el plano ideol\u00f3gico, la falta de un proceso de autocr\u00edtica consensuado entre sus integrantes, sumada a la debilidad conceptual de la ideolog\u00eda sustentada por Juntos por el Cambio, han puesto en evidencia la existencia de diferencias internas entre halcones y palomas, y entre fundamentalistas del neoliberalismo y quienes, a\u00fan sin demasiada fortaleza, postulan una revisi\u00f3n de esas premisas. Esas debilidades no parecen por el momento haberse transmitido en gran medida al plano de su representaci\u00f3n social: por una parte, el n\u00facleo duro de la derecha y el neoliberalismo dif\u00edcilmente cambie sus posturas y por el momento no encuentra otras alternativas que lo representen; por otra parte, los sectores medios, caracterizados por un acendrado odio antiperonista y atizados por los miedos difundidos por los medios concentrados, siguen sin encontrar otras alternativas. Donde aparecen los problemas m\u00e1s serios de Juntos por el Cambio es en el plano de la representaci\u00f3n pol\u00edtica, toda vez que emergen a la superficie las diferencias entre representantes del PRO, la UCR, la Coalici\u00f3n C\u00edvica y el Peronismo Republicano. Las causas parecen ser variadas: por una parte, la falta de un perfil opositor consistente, s\u00f3lo basado en una diatriba que nada propone y todo lo confunde; por la otra, el desaf\u00edo que plantean las candidaturas para las pr\u00f3ximas elecciones y la amenaza que esta cuesti\u00f3n representa para la unidad de Juntos por el Cambio.<\/p>\n\n\n\n<p class=\"wp-block-paragraph\"><strong>Posibles cursos de acci\u00f3n<\/strong><\/p>\n\n\n\n<p class=\"wp-block-paragraph\">Si bien estas representaciones de los espacios pol\u00edticos del Frente de Todos y del PRO pueden quedar mejor definidas con esta forma de pensar el gran \u201cespacio pol\u00edtico\u201d, lo que creo m\u00e1s importante es su eventual utilidad para dise\u00f1ar la futura acci\u00f3n pol\u00edtica que se nos presenta como desaf\u00edo para los pr\u00f3ximos a\u00f1os. Para ello no basta con la sola caracterizaci\u00f3n de los diferentes espacios que interact\u00faan en el escenario pol\u00edtico. Necesitamos complementar esas descripciones con un an\u00e1lisis de las tensiones existentes entre esos espacios y sus posibilidades de acumular y gestionar el poder. Una forma de pensar esas tensiones es mediante el an\u00e1lisis de las fortalezas y debilidades en los planos de las representaciones ideol\u00f3gicas, sociales y pol\u00edticas que son propias e intr\u00ednsecas del Frente de Todos, de Juntos por el Cambio y de los poderes f\u00e1cticos existentes en nuestro pa\u00eds, as\u00ed como de las oportunidades y las amenazas que el entorno externo establece para cada una de esas fuerzas. Sigue un primer y muy provisorio an\u00e1lisis de fortalezas, oportunidades, debilidades y amenazas (FODA) que presenta cada uno de esos actores en los planos que delimitan el espacio pol\u00edtico.<\/p>\n\n\n\n<div class=\"wp-block-image\"><figure class=\"aligncenter size-large is-resized\"><img decoding=\"async\" src=\"https:\/\/patriaproductiva.net\/blog\/wp-content\/uploads\/2021\/06\/fumagali1.png\" alt=\"\" class=\"wp-image-382\" width=\"865\" height=\"898\" srcset=\"https:\/\/patriaproductiva.net\/blog\/wp-content\/uploads\/2021\/06\/fumagali1.png 722w, https:\/\/patriaproductiva.net\/blog\/wp-content\/uploads\/2021\/06\/fumagali1-600x622.png 600w, https:\/\/patriaproductiva.net\/blog\/wp-content\/uploads\/2021\/06\/fumagali1-289x300.png 289w\" sizes=\"(max-width: 865px) 100vw, 865px\" \/><\/figure><\/div>\n\n\n\n<p class=\"wp-block-paragraph\">Sobre la base del an\u00e1lisis precedente, las acciones que parecen apropiadas para la campa\u00f1a electoral del Frente de Todos en cada uno de los planos que definen al espacio pol\u00edtico ser\u00edan las siguientes.<\/p>\n\n\n\n<p class=\"wp-block-paragraph\"><strong><em>En el plano de la representaci\u00f3n ideol\u00f3gica<\/em>:<\/strong> poner en evidencia las distintas representaciones ideol\u00f3gicas de cada espacio pol\u00edtico, y en particular las contradicciones del liberalismo y el neoliberalismo para efectivizar representaciones sociales y pol\u00edticas capaces de satisfacer las reales necesidades de la sociedad. En la pr\u00e1ctica, ello significa:<\/p>\n\n\n\n<ul class=\"wp-block-list\"><li>mostrar la consistencia del pensamiento de las candidatas y los candidatos del Frente de Todos y las contradicciones entre el discurso y la realidad de Juntos por el Cambio en cada municipio y cada provincia;<\/li><li>atraer a quienes compartan un pensamiento pr\u00f3ximo o que no tengan en claro el propio, en particular a los sectores denominados NI;<\/li><li>confrontar en modo constructivo a quienes se oponen a nuestras ideas.<\/li><\/ul>\n\n\n\n<p class=\"wp-block-paragraph\"><strong><em>En el plano de la representaci\u00f3n social<\/em>: <\/strong>mejorar y profundizar los mecanismos de representaci\u00f3n social en cada territorio, tomando en cuenta las problem\u00e1ticas y las demandas sociales m\u00e1s importantes. En nuestro caso, creo necesario:<\/p>\n\n\n\n<ul class=\"wp-block-list\"><li>analizar qu\u00e9 sectores carecen de una adecuada representaci\u00f3n, con especial \u00e9nfasis en los NI, por caso, los sectores profesionales y empresariales o los movimientos ecol\u00f3gicos, entre otros;<\/li><li>analizar c\u00f3mo mejorar o construir esas representaciones, ya sean a nivel municipal o provincial;<\/li><li>desarrollar y aplicar formas de reforzar y lograr una mejor y m\u00e1s positiva interacci\u00f3n entre las diferentes organizaciones sociales propias o afines.<\/li><\/ul>\n\n\n\n<p class=\"wp-block-paragraph\"><strong><em>En el plano de la representaci\u00f3n pol\u00edtica<\/em>:<\/strong> mejorar en modo no verticalista la articulaci\u00f3n pol\u00edtica con los distintos sectores sociales, brindando canales de acceso y de tratamiento efectivo de sus demandas e invit\u00e1ndolos a ser part\u00edcipes de la acci\u00f3n pol\u00edtica y de sus resultados, con \u00e9nfasis en los NI, a niveles municipales y provinciales. Para ello ser\u00eda conveniente:<\/p>\n\n\n\n<ul class=\"wp-block-list\" id=\"com_12\"><li>facilitar la comunicaci\u00f3n entre las conducciones de todas y cada una de las principales organizaciones sociales y las candidatas y los candidatos municipales y provinciales, estableciendo mec\u00e1nicas que permitan a las primeras una mayor y mejor receptividad de sus problemas y propuestas;<\/li><li>propiciar la participaci\u00f3n de representantes de las organizaciones sociales propias o afines en la elaboraci\u00f3n de las pol\u00edticas, logrando as\u00ed que se sientan efectivamente representadas por el Frente de Todos;<\/li><li>reconocer los mejores aportes de las organizaciones sociales, brindando el acceso a sus dirigentes a la conducci\u00f3n y a las candidaturas que sea necesario establecer, para lograr una victoria acomodada en las pr\u00f3ximas elecciones.<a href=\"#com12\" data-type=\"internal\" data-id=\"#com12\">[12]<\/a><\/li><\/ul>\n\n\n\n<p class=\"wp-block-paragraph\"><\/p>\n\n\n\n<p class=\"wp-block-paragraph\" id=\"com1\"><a href=\"#com_1\" data-type=\"internal\" data-id=\"#com_1\">[1]<\/a> Destaco la necesidad de diferenciar el espacio pol\u00edtico del territorial, en tanto el primero describe y permite caracterizar a las distintas fuerzas pol\u00edticas y el modo en que se diferencian y las posibilidades de aliarse o entrar en competencia entre s\u00ed. Esta forma de analizar el espacio pol\u00edtico deber\u00eda aplicarse en cada territorio real y actualizarse a lo largo del tiempo.<\/p>\n\n\n\n<p class=\"wp-block-paragraph\" id=\"com2\"><a href=\"#com_2\" data-type=\"internal\" data-id=\"#com_2\">[2]<\/a> Los tambi\u00e9n denominados poderes f\u00e1cticos, tales como los sectores econ\u00f3micos concentrados, la prensa dominante y un sector importante de la Justicia.<\/p>\n\n\n\n<p class=\"wp-block-paragraph\" id=\"com3\"><a href=\"#com_3\" data-type=\"internal\" data-id=\"#com_3\">[3]<\/a> Estos sectores incluyen a partidos menores de escasa representaci\u00f3n parlamentaria, a sectores f\u00e1cticos de poder y a los sectores del pueblo que no se alinean en modo estable con ninguna de las fuerzas en disputa, pero que pueden resultar determinantes de los resultados eleccionarios, a los que denominar\u00e9 los NI.<\/p>\n\n\n\n<p class=\"wp-block-paragraph\" id=\"com4\"><a href=\"#com_4\" data-type=\"internal\" data-id=\"#com_4\">[4]<\/a> El comunitarismo, prefigurado por Per\u00f3n en <em>La Comunidad Organizada<\/em> se consolid\u00f3 como filosof\u00eda reci\u00e9n a finales del siglo XX, en oposici\u00f3n a determinados aspectos del individualismo y en defensa de fen\u00f3menos como la sociedad civil. Centra su inter\u00e9s en las comunidades \u2013entendidas como soberan\u00edas intermedias\u2013 y sociedades, y no en el individuo. Los comunitaristas creen que las teor\u00edas liberales no dan la suficiente importancia a las comunidades, limitando las posibilidades de que la ciudadan\u00eda participe activamente en el debate p\u00fablico. La tensi\u00f3n entre los derechos individuales y las corresponsabilidades sociales es un punto esencial para analizar la mayor parte de los problemas \u00e9ticos de nuestro tiempo: ecolog\u00eda, sistema sanitario, g\u00e9nero, libertad de expresi\u00f3n, multiculturalismo, etc\u00e9tera.<\/p>\n\n\n\n<p class=\"wp-block-paragraph\" id=\"com5\"><a href=\"#com_5\" data-type=\"internal\" data-id=\"#com_5\">[5] <\/a>Caracterizado por el individualismo que considera al individuo primordial, como persona \u00fanica y en ejercicio de su plena libertad, por encima de todo aspecto colectivo. Tambi\u00e9n se caracteriza por su valoraci\u00f3n de la libertad como un derecho inviolable de los individuos que incluye a la libertad de pensamiento, de expresi\u00f3n, de asociaci\u00f3n, de prensa, etc\u00e9tera; libertades que deben constituir una garant\u00eda frente a la intromisi\u00f3n del gobierno en la vida de los individuos. Otros preceptos del liberalismo incluyen al principio de igualdad entre las personas y el derecho a la propiedad privada, que debe ser salvaguardado y protegido por la ley.<\/p>\n\n\n\n<p class=\"wp-block-paragraph\" id=\"com6\"><a href=\"#com_6\" data-type=\"internal\" data-id=\"#com_6\">[6] <\/a>Cuando se realice un an\u00e1lisis a nivel provincial, en varios casos resulta imprescindible incorporar la caracterizaci\u00f3n de partidos provinciales con capacidad de reunir mayor\u00edas suficiente para ganar las elecciones: tales los casos de Neuqu\u00e9n, R\u00edo Negro, Misiones, C\u00f3rdoba, Santa Fe, etc\u00e9tera.<\/p>\n\n\n\n<p class=\"wp-block-paragraph\" id=\"com7\"><a href=\"#com_7\" data-type=\"internal\" data-id=\"#com_7\">[7] <\/a>Para algunos liberales, la mejor forma de representaci\u00f3n social es la anarqu\u00eda.<\/p>\n\n\n\n<p class=\"wp-block-paragraph\" id=\"com8\"><a href=\"#com_8\" data-type=\"internal\" data-id=\"#com_8\">[8]<\/a> El Frente de Todos est\u00e1 integrado por el Partido Justicialista, Frente Renovador, Partido de la Cultura, la Educaci\u00f3n y el Trabajo, Compromiso Federal, KOLINA, Partido de la Victoria, Nuevo Encuentro, Somos, Proyecto Sur, Frente Grande, Partido Solidario, Unidad Popular, Movimiento Nacional Alfonsinista, Partido de la Concertaci\u00f3n FORJA, Partido Comunista, Partido Comunista CE, Partido del Trabajo y del Pueblo, Partido Intransigente, Frente Patria Grande e Igualar Argentina.<\/p>\n\n\n\n<p class=\"wp-block-paragraph\" id=\"com9\"><a href=\"#com_9\" data-type=\"internal\" data-id=\"#com_9\">[9] <\/a>En este sistema las opiniones de la \u00e9lite \u2013un selecto grupo de personas con notables habilidades personales, riqueza, experiencia u otros atributos distintivos\u2013 deber\u00edan ser tomadas en cuenta en modo preferente para la conducci\u00f3n de la sociedad. Las \u00e9lites ser\u00edan las m\u00e1s adecuadas para gobernar, pues sus acciones y pensamiento ser\u00edan los m\u00e1s \u201cconstructivos\u201d. Ese discurso esconde que la \u00e9lite goza de privilegios y tiene m\u00e1s poder que el resto de los miembros de la sociedad.<\/p>\n\n\n\n<p class=\"wp-block-paragraph\" id=\"com10\"><a href=\"#com_10\" data-type=\"internal\" data-id=\"#com_10\">[10]<\/a> Capacidad de subsidiar a personas, empresas y sectores afectados, as\u00ed como la disponibilidad de infraestructura sanitaria y de vacunas.<\/p>\n\n\n\n<p class=\"wp-block-paragraph\" id=\"com11\"><a href=\"#com_11\" data-type=\"internal\" data-id=\"#com_11\">[11] <\/a>IFE, aumento de la AUH, distintas medidas de subsidio al consumo de los sectores populares, entre otras.<\/p>\n\n\n\n<p class=\"wp-block-paragraph\" id=\"com12\"><a href=\"#com_12\" data-type=\"internal\" data-id=\"#com_12\">[12] <\/a>Mi deseo es que esta forma de pensar al espacio pol\u00edtico sea de utilidad para todos en la realizaci\u00f3n de sus propios an\u00e1lisis. Tambi\u00e9n pido que me hagan llegar cualquier comentario o aporte a mi correo josemafumagalli@gmail.com<\/p>\n","protected":false},"excerpt":{"rendered":"<p>Jos\u00e9 Mar\u00eda Fumagalli21 de junio de 2021 El presente trabajo es la sexta versi\u00f3n del original que escrib\u00ed en septiembre&#46;&#46;&#46;<\/p>\n","protected":false},"author":1,"featured_media":387,"comment_status":"open","ping_status":"open","sticky":false,"template":"","format":"standard","meta":{"footnotes":""},"categories":[38],"tags":[80,88,82,81,55,84,83,90,85,87,86,89],"class_list":["post-380","post","type-post","status-publish","format-standard","has-post-thumbnail","hentry","category-sociedad-y-politica","tag-campana-electoral-2021","tag-el-peronismo","tag-el-pueblo","tag-espacio-politico","tag-frente-de-todos","tag-la-organizacion","tag-las-ideas","tag-medio-termino","tag-representacion-ideologica","tag-representacion-politica","tag-representacion-social","tag-sectores-en-disputa"],"_links":{"self":[{"href":"https:\/\/patriaproductiva.net\/blog\/wp-json\/wp\/v2\/posts\/380","targetHints":{"allow":["GET"]}}],"collection":[{"href":"https:\/\/patriaproductiva.net\/blog\/wp-json\/wp\/v2\/posts"}],"about":[{"href":"https:\/\/patriaproductiva.net\/blog\/wp-json\/wp\/v2\/types\/post"}],"author":[{"embeddable":true,"href":"https:\/\/patriaproductiva.net\/blog\/wp-json\/wp\/v2\/users\/1"}],"replies":[{"embeddable":true,"href":"https:\/\/patriaproductiva.net\/blog\/wp-json\/wp\/v2\/comments?post=380"}],"version-history":[{"count":4,"href":"https:\/\/patriaproductiva.net\/blog\/wp-json\/wp\/v2\/posts\/380\/revisions"}],"predecessor-version":[{"id":392,"href":"https:\/\/patriaproductiva.net\/blog\/wp-json\/wp\/v2\/posts\/380\/revisions\/392"}],"wp:featuredmedia":[{"embeddable":true,"href":"https:\/\/patriaproductiva.net\/blog\/wp-json\/wp\/v2\/media\/387"}],"wp:attachment":[{"href":"https:\/\/patriaproductiva.net\/blog\/wp-json\/wp\/v2\/media?parent=380"}],"wp:term":[{"taxonomy":"category","embeddable":true,"href":"https:\/\/patriaproductiva.net\/blog\/wp-json\/wp\/v2\/categories?post=380"},{"taxonomy":"post_tag","embeddable":true,"href":"https:\/\/patriaproductiva.net\/blog\/wp-json\/wp\/v2\/tags?post=380"}],"curies":[{"name":"wp","href":"https:\/\/api.w.org\/{rel}","templated":true}]}}