{"id":398,"date":"2021-08-12T00:32:29","date_gmt":"2021-08-12T03:32:29","guid":{"rendered":"https:\/\/patriaproductiva.net\/blog\/?p=398"},"modified":"2021-08-13T20:06:01","modified_gmt":"2021-08-13T23:06:01","slug":"la-economia-critica-y-nuestro-mundo-cotidiano","status":"publish","type":"post","link":"https:\/\/patriaproductiva.net\/blog\/la-economia-critica-y-nuestro-mundo-cotidiano\/","title":{"rendered":"LA ECONOMIA CR\u00cdTICA Y NUESTRO MUNDO COTIDIANO  (donde lo fant\u00e1stico se transforma en realidad)"},"content":{"rendered":"\n<figure class=\"wp-block-image size-large\"><img fetchpriority=\"high\" decoding=\"async\" width=\"1024\" height=\"395\" src=\"https:\/\/patriaproductiva.net\/blog\/wp-content\/uploads\/2021\/08\/image1440x560cropped-1024x395.jpg\" alt=\"\" class=\"wp-image-399\" srcset=\"https:\/\/patriaproductiva.net\/blog\/wp-content\/uploads\/2021\/08\/image1440x560cropped-1024x395.jpg 1024w, https:\/\/patriaproductiva.net\/blog\/wp-content\/uploads\/2021\/08\/image1440x560cropped-600x232.jpg 600w, https:\/\/patriaproductiva.net\/blog\/wp-content\/uploads\/2021\/08\/image1440x560cropped-300x116.jpg 300w, https:\/\/patriaproductiva.net\/blog\/wp-content\/uploads\/2021\/08\/image1440x560cropped-768x296.jpg 768w, https:\/\/patriaproductiva.net\/blog\/wp-content\/uploads\/2021\/08\/image1440x560cropped.jpg 1451w\" sizes=\"(max-width: 1024px) 100vw, 1024px\" \/><\/figure>\n\n\n\n<p class=\"has-text-align-right wp-block-paragraph\"><em>Ing. Diana Guillen<\/em><\/p>\n\n\n\n<p class=\"wp-block-paragraph\"><\/p>\n\n\n\n<p class=\"wp-block-paragraph\" id=\"com_1\">Hay lecturas que, de pronto, ordenan un mundo caleidosc\u00f3pico y nos muestra que muchas acciones, que parecen desconectadas, no ocurren al azar. Esto ocurre recorriendo El Atlas de La Econom\u00eda Critica<sup><strong><a href=\"#com_1a\" data-type=\"internal\" data-id=\"#com_1a\">1<\/a><\/strong><\/sup>. Podemos leer en un extracto de su presentaci\u00f3n:<\/p>\n\n\n\n<ul class=\"wp-block-list\" id=\"com_2\"><li>\u201cDonde interviene el FMI y sus economistas los resultados son:<ul><li>Inflaci\u00f3n galopante.<\/li><li>Saqueo de los activos p\u00fablicos (privatizaciones).<\/li><li>Desempleo.<\/li><li>Pobreza.<\/li><li>Descenso de la esperanza de vida<\/li><\/ul><\/li><li>\u00bfC\u00f3mo puede ser que la econom\u00eda, una disciplina prestigiosa, tenga estos resultados? \u00bfc\u00f3mo puede ser que luego, los economistas que intervienen, se liberen de sus responsabilidades?<\/li><li>Estos economistas son asesores o directivos en organismos como el FMI, el Banco Mundial o la <em>Organizaci\u00f3n para la Cooperaci\u00f3n y el Desarrollo Econ\u00f3micos<\/em>. Organizaciones que toman decisiones econ\u00f3micas, sociales y pol\u00edticas en favor del capital y asfixian a los pa\u00edses que no siguen sus recetas.<\/li><li>A principios del 2.000 el caballo de batalla fue la titulizacion. Interesante su definici\u00f3n:<ul><li><strong>Titulizaci\u00f3n<\/strong>: t\u00e9cnica financiera que consiste en transformar cualquier tipo de pr\u00e9stamo (bancario, de consumo, inmobiliario, etc) en t\u00edtulos negociables en los mercados financieros organizados o no oficiales. Su principal objetivo era permitir al prestamista la transferencia del pr\u00e9stamo inicial con riesgo de pago a compradores de nuevos t\u00edtulos. (<em><strong>Cualquier coincidencia con la crisis subprime NO es mera circunstancia)<sup><a href=\"#com_2a\" data-type=\"internal\" data-id=\"#com_2a\">2<\/a><\/sup>.<\/strong><\/em><\/li><li><strong>Crisis de las subprime<\/strong>: Las hipotecas subprime fueron cr\u00e9ditos hipotecarios que los bancos estadounidenses comenzaron a otorgar, a partir del 2002, a hogares poco o nada solventes. La crisis estall\u00f3 en 2007, cuando los hogares, imposibilitados de devolver el pr\u00e9stamo, vendieron de forma masiva sus casas, o las intentaron devolver a los prestamistas, haciendo que se hundiera el mercado inmobiliario (las casas val\u00edan menos que el pr\u00e9stamo otorgado). En 2008 la crisis inmobiliaria se transform\u00f3 en crisis bancaria, porque los balances de las operaciones se vieron cargados por cr\u00e9ditos t\u00f3xicos que se hab\u00edan vendido en todo el mundo a trav\u00e9s del sistema de titulaci\u00f3n. La venta de paquetes cerrados de operaciones de riesgo, que inclu\u00edan estos pr\u00e9stamos hipotecarios, hizo que muchos bancos ni siquiera supiesen qu\u00e9 estaban incluidos en esos paquetes. Lehman Brothers se declar\u00f3 en bancarrota (muy oportuno<sup><strong><a href=\"#com_3a\" data-type=\"internal\" data-id=\"#com_3a\">3<\/a><\/strong><\/sup>) y cundi\u00f3 el p\u00e1nico. La crisis se trasform\u00f3 en recesi\u00f3n y muchos Gobiernos decidieron salvar a los bancos y no a la gente.<\/li><li>\u00bfConsecuencias? <strong>Elevadas sumas de deuda p\u00fablica, millones de desempleados. <\/strong>Sin embargo, los economistas liberales no realizaron su <em>mea culpa<\/em> ni cambiaron sus enfoques.<\/li><\/ul><\/li><li>\u00bfPor qu\u00e9 no sufren consecuencias? Porque se encuentran enquistados en las esferas del poder, de forma tal que no tienen que explicar sus acciones. Acciones, que por otra parte, se repiten una y otra vez, indiferentes a los resultados para los pueblos. Siempre convenientes para el capital financiero concentrado.<\/li><li>La victoria ideol\u00f3gica es del neoliberalismo, que puso en el lugar del trono al mercado, y al individuo y sus decisiones por sobre la realidad de las sociedades.<\/li><li>Se desestimaron economistas como Keynes que planteaban que la solidaridad, la felicidad, la amistad son objetivos humanos igual de determinantes. En cambio se priorizo una visi\u00f3n utilitarista de la econom\u00eda y el \u201cmercado\u201d, que se encarg\u00f3 de dirigirlo todo: la familia, la fecundidad, el matrimonio, la historia, <strong>las votaciones<\/strong><sup><a href=\"#com_4a\" data-type=\"internal\" data-id=\"#com_4a\">4<\/a><\/sup>\u2026\u2026<\/li><li>Estos \u201cexpertos\u201d impusieron la idea que las lecciones de la historia, la antropolog\u00eda, la sociolog\u00eda, y la pol\u00edtica hab\u00edan caducado y que la comunicaci\u00f3n y el comercio iban a disolver las diferencias entre naciones creando un mercado mundial. Algunos economistas, de la mano de la creaci\u00f3n de decenas de escuelas de econom\u00eda, y del asesoramiento de los bancos al 1% de la poblaci\u00f3n mundial, piensan que han llegado al nirvana buscado.<\/li><li>Para el resto de la Humanidad el panorama es desalentador. El propio FMI en un informe de 2016 reconoci\u00f3 que las medidas neoliberales hab\u00edan aumentado las desigualdades y no el crecimiento\u201d.<\/li><\/ul>\n\n\n\n<p class=\"wp-block-paragraph\">En pocas palabras y con una gran claridad se hace un recorrido general sobre los problemas de la econom\u00eda para los pa\u00edses subdesarrollados, en v\u00edas de desarrollo o de menor desarrollo relativo (eufem\u00edsticamente hablando). Podemos recordar nuestro pasado y veremos que se ajusta perfectamente a esta descripci\u00f3n.<\/p>\n\n\n\n<p class=\"wp-block-paragraph\">En el a\u00f1o 1975, la deuda externa argentina era del orden de cinco mil millones de d\u00f3lares (mas o menos una cosecha de la Rep\u00fablica Argentina). Cuando revisamos el recorrido de la dictadura genocida, podemos hacer un paralelo entre la violencia pol\u00edtica del Estado, secuestrando y asesinando militantes populares y la violencia econ\u00f3mica, estatizando la deuda externa de las empresas privadas, afines al golpe de Estado. Llevando esos 5 mil millones de d\u00f3lares a un rango de poco mas de 50 mil millones d\u00f3lares.<\/p>\n\n\n\n<p class=\"wp-block-paragraph\">R\u00e1pidamente aumentada a trav\u00e9s de gobiernos democr\u00e1ticos que no supieron parar la bola de nieve y que desembocaron en un gobierno pseudoperonista en el 1 a 1 (1 peso, 1 d\u00f3lar), el ajuste en toda la econom\u00eda, la venta de los activos p\u00fablicos mediante la privatizaci\u00f3n de todas las Empresas del Estado en licitaciones leoninas contra el estado, y que pusieron en cabeza de juzgados de Nueva York la interpretaci\u00f3n de las diferencias, apertura unilateral del comercio internacional (compramos nuevamente espejitos 500 a\u00f1os despu\u00e9s), liberalizaci\u00f3n de fronteras con el fin de generar un colch\u00f3n de mano de obra de ciudadanos de pa\u00edses lim\u00edtrofes, no sindicalizados, de forma tal de bajar los salarios, entre otras medidas.<\/p>\n\n\n\n<p class=\"wp-block-paragraph\">Luego del proceso de desendeudamiento, encabezado y llevado a cabo por los Gobiernos de N\u00e9stor Kirchner y Cristina Fern\u00e1ndez de Kirchner, la recuperaci\u00f3n de algunas Empresas del Estado como YPF, YCF, Aerol\u00edneas Argentinas, desaparici\u00f3n de las estafas montadas sobre las AFJP, volvimos a caer en las garras de un Gobierno neoliberal de CEOS quienes en solo cuatro a\u00f1os lograron endeudar a la Argentina en 144 mil millones de d\u00f3lares. Provocaron recesi\u00f3n, tasas de inter\u00e9s bancario cercanas o superiores al 80%, decenas de pymes desaparecidas, miles de puestos de trabajo perdidos, inflaci\u00f3n galopante, fuga de capitales financiada por los pr\u00e9stamos del FMI, la dolarizaci\u00f3n de los servicios p\u00fablicos, adem\u00e1s de los aumentos de los costos cotidianos de la poblaci\u00f3n en general, la estafa armada en la extensi\u00f3n de las concesiones para los peajes de las rutas.<\/p>\n\n\n\n<p class=\"wp-block-paragraph\">Cualquier coincidencia entre nuestros c\u00edclicos problemas econ\u00f3micos de la mano del neoliberalismo y la descripci\u00f3n ut supra NO ES una mera coincidencia, es el PRODUCTO DE LAS RECETAS RECESIVAS DE LOS ECONOMISTAS ORTODOXOS combinada en nuestro caso con simples evasores que llenan sus arcas en pa\u00edses fiscales a costa de la miseria y el hambre de la poblaci\u00f3n.<\/p>\n\n\n\n<p class=\"wp-block-paragraph\">Nos corresponde a nosotros, el Gobierno del Frente de Todos volver a poner las cosas en su lugar, en el lugar del pueblo.<\/p>\n\n\n\n<p class=\"wp-block-paragraph\"><\/p>\n\n\n\n<p class=\"wp-block-paragraph\"><\/p>\n\n\n\n<p class=\"wp-block-paragraph\" id=\"com_1a\"><a href=\"#com_1\" data-type=\"internal\" data-id=\"#com_1\">1<\/a><em>  De la presentaci\u00f3n del Atlas de la Econom\u00eda Critica de Le monde Diplomatique. Serge Halimi. Capital Intelectual. 2018.<\/em><\/p>\n\n\n\n<p class=\"wp-block-paragraph\" id=\"com_2a\"><a href=\"#com_2\" data-type=\"internal\" data-id=\"#com_2\">2<\/a>  <em>Opini\u00f3n de la autora<\/em><\/p>\n\n\n\n<p class=\"wp-block-paragraph\" id=\"com_3a\"><a href=\"#com_3\" data-type=\"internal\" data-id=\"#com_3\">3<\/a><em>  Opini\u00f3n de la autora<\/em><\/p>\n\n\n\n<p class=\"wp-block-paragraph\" id=\"com_4a\"><a href=\"#com_4\" data-type=\"internal\" data-id=\"#com_4\">4<\/a>  Resaltado de la autora<\/p>\n","protected":false},"excerpt":{"rendered":"<p>Ing. Diana Guillen Hay lecturas que, de pronto, ordenan un mundo caleidosc\u00f3pico y nos muestra que muchas acciones, que parecen&#46;&#46;&#46;<\/p>\n","protected":false},"author":1,"featured_media":399,"comment_status":"open","ping_status":"open","sticky":false,"template":"","format":"standard","meta":{"footnotes":""},"categories":[38],"tags":[95,92,91,93,94],"class_list":["post-398","post","type-post","status-publish","format-standard","has-post-thumbnail","hentry","category-sociedad-y-politica","tag-desarrollo-economico","tag-desempleo","tag-economia","tag-inflacion","tag-pobreza"],"_links":{"self":[{"href":"https:\/\/patriaproductiva.net\/blog\/wp-json\/wp\/v2\/posts\/398","targetHints":{"allow":["GET"]}}],"collection":[{"href":"https:\/\/patriaproductiva.net\/blog\/wp-json\/wp\/v2\/posts"}],"about":[{"href":"https:\/\/patriaproductiva.net\/blog\/wp-json\/wp\/v2\/types\/post"}],"author":[{"embeddable":true,"href":"https:\/\/patriaproductiva.net\/blog\/wp-json\/wp\/v2\/users\/1"}],"replies":[{"embeddable":true,"href":"https:\/\/patriaproductiva.net\/blog\/wp-json\/wp\/v2\/comments?post=398"}],"version-history":[{"count":11,"href":"https:\/\/patriaproductiva.net\/blog\/wp-json\/wp\/v2\/posts\/398\/revisions"}],"predecessor-version":[{"id":412,"href":"https:\/\/patriaproductiva.net\/blog\/wp-json\/wp\/v2\/posts\/398\/revisions\/412"}],"wp:featuredmedia":[{"embeddable":true,"href":"https:\/\/patriaproductiva.net\/blog\/wp-json\/wp\/v2\/media\/399"}],"wp:attachment":[{"href":"https:\/\/patriaproductiva.net\/blog\/wp-json\/wp\/v2\/media?parent=398"}],"wp:term":[{"taxonomy":"category","embeddable":true,"href":"https:\/\/patriaproductiva.net\/blog\/wp-json\/wp\/v2\/categories?post=398"},{"taxonomy":"post_tag","embeddable":true,"href":"https:\/\/patriaproductiva.net\/blog\/wp-json\/wp\/v2\/tags?post=398"}],"curies":[{"name":"wp","href":"https:\/\/api.w.org\/{rel}","templated":true}]}}