{"id":426,"date":"2021-08-19T23:35:56","date_gmt":"2021-08-20T02:35:56","guid":{"rendered":"https:\/\/patriaproductiva.net\/blog\/?p=426"},"modified":"2021-08-20T18:49:51","modified_gmt":"2021-08-20T21:49:51","slug":"teoremas-y-axiomas-del-siglo-xxi","status":"publish","type":"post","link":"https:\/\/patriaproductiva.net\/blog\/teoremas-y-axiomas-del-siglo-xxi\/","title":{"rendered":"TEOREMAS Y AXIOMAS DEL SIGLO XXI"},"content":{"rendered":"\n<p class=\"wp-block-paragraph\"><\/p>\n\n\n\n<p class=\"has-text-align-right wp-block-paragraph\"><em>Ing. Diana Guillen<\/em><\/p>\n\n\n\n<figure class=\"wp-block-gallery columns-1 is-cropped wp-block-gallery-1 is-layout-flex wp-block-gallery-is-layout-flex\"><ul class=\"blocks-gallery-grid\"><li class=\"blocks-gallery-item\"><figure><img fetchpriority=\"high\" decoding=\"async\" width=\"489\" height=\"267\" src=\"https:\/\/patriaproductiva.net\/blog\/wp-content\/uploads\/2021\/08\/destruccion-crecimiento-economico.png\" alt=\"\" data-id=\"436\" data-full-url=\"https:\/\/patriaproductiva.net\/blog\/wp-content\/uploads\/2021\/08\/destruccion-crecimiento-economico.png\" data-link=\"https:\/\/patriaproductiva.net\/blog\/2021\/08\/19\/teoremas-y-axiomas-del-siglo-xxi\/destruccion-crecimiento-economico\/\" class=\"wp-image-436\" srcset=\"https:\/\/patriaproductiva.net\/blog\/wp-content\/uploads\/2021\/08\/destruccion-crecimiento-economico.png 489w, https:\/\/patriaproductiva.net\/blog\/wp-content\/uploads\/2021\/08\/destruccion-crecimiento-economico-300x164.png 300w\" sizes=\"(max-width: 489px) 100vw, 489px\" \/><\/figure><\/li><\/ul><\/figure>\n\n\n\n<p class=\"wp-block-paragraph\">Una aseveraci\u00f3n muy com\u00fan es plantear que la econom\u00eda, por basarse en cifras, no miente. Casi podr\u00edamos escuchar el establecimiento de un axioma:<\/p>\n\n\n\n<p class=\"wp-block-paragraph\">\u201c<em>Las cifras no mienten,<\/em><\/p>\n\n\n\n<p class=\"wp-block-paragraph\"><em>La matem\u00e1tica y la econom\u00eda se basan en cifras,<\/em><\/p>\n\n\n\n<p class=\"wp-block-paragraph\"><em>Ergo, ni la matem\u00e1tica ni la econom\u00eda mienten\u201d.<\/em><\/p>\n\n\n\n<p class=\"wp-block-paragraph\">En realidad la econom\u00eda no es una ciencia exacta. Muy por el contrario, es una ciencia social, y, como tal, sujeta a otras leyes sociales adem\u00e1s de las de las ciencias duras. Y por m\u00e1s que utilice cifras, datos, n\u00fameros, la veracidad al predecir u obtener resultados depender\u00e1 del uso que de las mismas.<\/p>\n\n\n\n<p class=\"wp-block-paragraph\">El Axioma deber\u00eda ser transformado en un teorema:<\/p>\n\n\n\n<p class=\"wp-block-paragraph\"><em>Las cifras no mienten. Las matem\u00e1ticas y la econom\u00eda utilizan cifras.<\/em><\/p>\n\n\n\n<p class=\"wp-block-paragraph\"><em>La matem\u00e1tica es una ciencia exacta, no miente.<\/em><\/p>\n\n\n\n<p class=\"wp-block-paragraph\"><em>La econom\u00eda es una ciencia social, y como tal impregnada de ideolog\u00eda.<\/em><\/p>\n\n\n\n<p class=\"wp-block-paragraph\"><em>Ergo, la econom\u00eda puede equivocarse, ama\u00f1ar predicciones, obtener resultados negativos.<\/em><\/p>\n\n\n\n<p class=\"wp-block-paragraph\">Transform\u00e9moslo en un Teorema.<\/p>\n\n\n\n<p class=\"wp-block-paragraph\"><strong>Inc\u00f3gnita<\/strong><em>: \u00bfPuede la econom\u00eda equivocarse, ama\u00f1ar predicciones u obtener resultados negativos?<\/em><\/p>\n\n\n\n<p class=\"wp-block-paragraph\"><strong>Hip\u00f3tesis<\/strong>: <em>Si. Pueden utilizarse las cifras seg\u00fan convenga, y en todos los casos, el recorte de la realidad tiene que ver con un pensamiento ideol\u00f3gico.<\/em><\/p>\n\n\n\n<p class=\"wp-block-paragraph\">Desarrollo:<\/p>\n\n\n\n<p class=\"wp-block-paragraph\">Si buscamos informaci\u00f3n de recortes de aseveraciones basadas en cifras, dando recomendaciones o muchas veces simplemente planteando recortes temporales de estas cifras como si fuesen verdaderos axiomas, los encontraremos y en cantidad. En la mayor\u00eda de los pa\u00edses del mundo.<\/p>\n\n\n\n<p class=\"wp-block-paragraph\" id=\"Com1\">Sorpresivamente, la mayor\u00eda de las veces que estas \u201caseveraciones cuasi axiom\u00e1ticas\u201d son vertidas, est\u00e1n blandidas por economistas \u201cortodoxos\u201d<sup><a href=\"#com1a\" data-type=\"internal\" data-id=\"#com1a\">1<\/a><\/sup> u Organismos internacionales que afectan al comercio.<\/p>\n\n\n\n<p class=\"wp-block-paragraph\"><strong>Caso 1. Traspaso de los hospitales de Naci\u00f3n a Provincias en la d\u00e9cada de los \u201990.<\/strong><\/p>\n\n\n\n<p class=\"wp-block-paragraph\">Como empleada del Estado en aquella \u00e9poca, recuerdo que la capacitaci\u00f3n de los empleados p\u00fablicos (muy necesaria) se centraba en el manejo de la inform\u00e1tica, la incorporaci\u00f3n de computadoras (medida estrat\u00e9gica), la reformulaci\u00f3n de funciones, la desaparici\u00f3n de organismos de regulaci\u00f3n (por ejemplo, Juntas Nacionales de Granos y de Carne), las privatizaciones (leoninas contra el estado) de todas las empresas p\u00fablicas y la formulaci\u00f3n de presupuestos.<\/p>\n\n\n\n<p class=\"wp-block-paragraph\">El caballito de los capacitadores (dir\u00edamos mejor el caballito de Troya) era la eficiencia y la efectividad del Estado Nacional que iba a presupuesto base 0. O sea, se deb\u00eda gastar solo lo que se recaudaba. El desmembramiento en la Primera Reforma de los 90\u00b4 fue acompa\u00f1ada del Fondo de Reconversi\u00f3n Laboral (l\u00e9ase bolsa de trabajo) para todos los empleados desafectados.<\/p>\n\n\n\n<p class=\"wp-block-paragraph\" id=\"com2\">Otra medida fue el traspaso de hospitales y escuelas nacionales a las provincias<sup><a href=\"#com2a\" data-type=\"internal\" data-id=\"#com2a\">2<\/a><\/sup>.<\/p>\n\n\n\n<p class=\"wp-block-paragraph\">Fue una acci\u00f3n de descentralizaci\u00f3n y ocupaci\u00f3n federal del territorio que parec\u00eda excelente. Pero\u2026.como las cifras a veces mienten\u2026\u2026este traspaso se realiz\u00f3 traspasando los edificios con todo lo plantado e incluido (incluso el personal) pero <strong>sin los recursos financieros, generando autom\u00e1ticamente una discriminaci\u00f3n entre provincias con y sin recursos suficientes.<\/strong><\/p>\n\n\n\n<p class=\"wp-block-paragraph\">Esta medida contribuy\u00f3 fuertemente (junto con las privatizaciones) a que el Estado alcance su meta dorada PRESUPUESTO BASE 0. <em><strong>Presupuesto en el que NO estaban incluidos los costos sociales (sanitarios y psicol\u00f3gicos) familiares e individuales de miles de desempleados, que de la noche a la ma\u00f1ana quedaron sin un sueldo.<\/strong><\/em><\/p>\n\n\n\n<p class=\"wp-block-paragraph\"><strong>Caso 2<\/strong>. <strong>Encuestas electorales<\/strong><\/p>\n\n\n\n<p class=\"wp-block-paragraph\">Solo lo enunciar\u00e9. Como todos sabemos en a\u00f1os electorales, las encuestas est\u00e1n a la orden del d\u00eda. Las preguntas, m\u00e1s o menos las mismas &#8211; pero enunciadas de diferente forma, e incluso algunas enga\u00f1osas dando a entender que al decir NO se dice SI y viceversa &#8211; permiten llegar a conclusiones totalmente diferentes, solo interpretando las cifras.<\/p>\n\n\n\n<p class=\"wp-block-paragraph\">Tambi\u00e9n podemos encontrar ejemplos en otros pa\u00edses.<\/p>\n\n\n\n<p class=\"wp-block-paragraph\" id=\"com3\"><strong>Caso 3. El Milagro Alem\u00e1n<sup><a href=\"#com3a\" data-type=\"internal\" data-id=\"#com3a\">3<\/a><\/sup><\/strong><\/p>\n\n\n\n<p class=\"wp-block-paragraph\">El \u201cMilagro Alem\u00e1n\u201d tiene su cara oculta. Seg\u00fan la OIT, la tasa de desempleo alemana era del 6.1% en julio 2005. Este valor se hab\u00eda alcanzado de la mano de la \u201ccreaci\u00f3n\u201d de los \u201cminijobs\u201d (pagados con 400 Euros\/mes sin aportes y sin seguridad social) y los \u201cjobs\u201d a 1 euro, esencialmente trabajos de inter\u00e9s p\u00fablico. Esto vino de la mano de un aumento de las condiciones para obtener un seguro de desempleo, reducci\u00f3n de la duraci\u00f3n de la indemnizaci\u00f3n. La ayuda social se entregaba a partir de los nuevos \u201cJobcenters\u201d. Millones de desempleados alemanes salieron del 6.1% de desempleados para pasar a formar parte del bando de los trabajadores pobres.<\/p>\n\n\n\n<p class=\"wp-block-paragraph\"><a><\/a> Si buce\u00e1ramos por internet, encontrar\u00edamos decenas o miles de estos casos. Sin embargo, estos 3 seleccionados nos demuestran que ni la econom\u00eda, ni el uso de las cifras que pueda realizarse en este marco, son apol\u00edticos o no est\u00e1n basados en una fuerte ideolog\u00eda. No puede ser de otra forma, porque es una ciencia social y tanto hombres como mujeres somos libres, tenemos creencias, tenemos distintas experiencias, vivimos un tiempo hist\u00f3rico y todo eso, nos guste o no, afecta nuestra visi\u00f3n de la realidad.<\/p>\n\n\n\n<p class=\"wp-block-paragraph\">Por todo esto, la militancia debe incorporar a su accionar diario la discusi\u00f3n de las \u201cverdades\u201d basadas en cifras. Porque si una medida usa muchas cifras para justificar una injusticia contra el Pueblo, no es as\u00e9ptica ni neutral, es gorila.<\/p>\n\n\n\n<p class=\"wp-block-paragraph\" id=\"com1a\"><a href=\"#com1\" data-type=\"internal\" data-id=\"#com1\">1<\/a> La victoria cultural del neoliberalismo hace que llamemos \u201ceconomistas ortodoxos\u201d a los que pregonan el libre mercado, el achicamiento del estado, la flexibilizaci\u00f3n de los salarios etc.<\/p>\n\n\n\n<p class=\"wp-block-paragraph\" id=\"com2a\"><a href=\"#com2\" data-type=\"internal\" data-id=\"#com2\">2<\/a> <strong>\u201cLa Reforma del sector Salud en el marco de la Reforma del Estado.<\/strong><\/p>\n\n\n\n<p class=\"wp-block-paragraph\">El proceso de reformulaci\u00f3n del sector salud debe analizarse como parte integrante de la agenda de Reforma del Estado, la cual implica tanto la redefinici\u00f3n del rol del estado fijando nuevos l\u00edmites a la intervenci\u00f3n estatal como la reorganizaci\u00f3n del funcionamiento de sus instituciones.<\/p>\n\n\n\n<p class=\"wp-block-paragraph\">En Argentina, la llamada &#8220;primera generaci\u00f3n de reformas&#8221; tiene como objetivo central lograr un menor Estado. El Poder Ejecutivo Nacional a trav\u00e9s de la Ley de Reforma del Estado (N\u00ba23.696\/89) y la Ley de Emergencia Econ\u00f3mica (N\u00ba23.697\/89) lleva adelante una serie de medidas que producen un desplazamiento de la frontera entre estado y sociedad. Entre las mismas se destacan: la apertura arancelaria y la convertibilidad, la masiva privatizaci\u00f3n de empresas p\u00fablicas, la descentralizaci\u00f3n que traslada responsabilidades de gesti\u00f3n a los gobiernos subnacionales; la desregulaci\u00f3n que implica el vaciamiento o supresi\u00f3n de organismos que cumplen funciones reguladoras de la actividad econ\u00f3mica, la tercerizaci\u00f3n de servicios, la flexibilidad del mercado laboral. Si bien los procesos de privatizaci\u00f3n, descentralizaci\u00f3n, desregulaci\u00f3n y<\/p>\n\n\n\n<p class=\"wp-block-paragraph\">tercerizaci\u00f3n producen una notable contracci\u00f3n del aparato institucional en el nivel nacional con una fuerte reducci\u00f3n de personal, paralelamente, en las provincias las dotaciones de personal se incrementan, en muchas de ellas a extremos de no concordar con el volumen de servicios transferidos. (Oszlak, 1997).\u201d<\/p>\n\n\n\n<p class=\"wp-block-paragraph\"><em>Demarche, M. F. (2004) Descentralizaci\u00f3n hospitalaria: Logros y desencantos de una pol\u00edtica social [en l\u00ednea]. Trabajo final de grado.<\/em><\/p>\n\n\n\n<p class=\"wp-block-paragraph\"><em>Universidad Nacional de La Plata. Facultad de Humanidades y Ciencias de la Educaci\u00f3n. Disponible en: <a href=\"http:\/\/www.memoria.fahce.unlp.edu.ar\/tesis\/te.618\/te.618.pdf\" data-type=\"URL\" data-id=\"http:\/\/www.memoria.fahce.unlp.edu.ar\/tesis\/te.618\/te.618.pdf\">http:\/\/www.memoria.fahce.unlp.edu.ar\/tesis\/te.618\/te.618.pdf<\/a><\/em><\/p>\n\n\n\n<p class=\"wp-block-paragraph\" id=\"com3a\"><a href=\"#com3\">3 <\/a>\u201cLas cifras no son neutrales\u201d. En Atlas de econom\u00eda cr\u00edtica. Le Monde DIplomatique Edici\u00f3n Cono Sur.. Capital Intelectual., pgs 10,11. 2018<\/p>\n","protected":false},"excerpt":{"rendered":"<p>Ing. Diana Guillen Una aseveraci\u00f3n muy com\u00fan es plantear que la econom\u00eda, por basarse en cifras, no miente. Casi podr\u00edamos&#46;&#46;&#46;<\/p>\n","protected":false},"author":1,"featured_media":436,"comment_status":"open","ping_status":"open","sticky":false,"template":"","format":"standard","meta":{"footnotes":""},"categories":[1],"tags":[],"class_list":["post-426","post","type-post","status-publish","format-standard","has-post-thumbnail","hentry","category-sin-categoria"],"_links":{"self":[{"href":"https:\/\/patriaproductiva.net\/blog\/wp-json\/wp\/v2\/posts\/426","targetHints":{"allow":["GET"]}}],"collection":[{"href":"https:\/\/patriaproductiva.net\/blog\/wp-json\/wp\/v2\/posts"}],"about":[{"href":"https:\/\/patriaproductiva.net\/blog\/wp-json\/wp\/v2\/types\/post"}],"author":[{"embeddable":true,"href":"https:\/\/patriaproductiva.net\/blog\/wp-json\/wp\/v2\/users\/1"}],"replies":[{"embeddable":true,"href":"https:\/\/patriaproductiva.net\/blog\/wp-json\/wp\/v2\/comments?post=426"}],"version-history":[{"count":7,"href":"https:\/\/patriaproductiva.net\/blog\/wp-json\/wp\/v2\/posts\/426\/revisions"}],"predecessor-version":[{"id":437,"href":"https:\/\/patriaproductiva.net\/blog\/wp-json\/wp\/v2\/posts\/426\/revisions\/437"}],"wp:featuredmedia":[{"embeddable":true,"href":"https:\/\/patriaproductiva.net\/blog\/wp-json\/wp\/v2\/media\/436"}],"wp:attachment":[{"href":"https:\/\/patriaproductiva.net\/blog\/wp-json\/wp\/v2\/media?parent=426"}],"wp:term":[{"taxonomy":"category","embeddable":true,"href":"https:\/\/patriaproductiva.net\/blog\/wp-json\/wp\/v2\/categories?post=426"},{"taxonomy":"post_tag","embeddable":true,"href":"https:\/\/patriaproductiva.net\/blog\/wp-json\/wp\/v2\/tags?post=426"}],"curies":[{"name":"wp","href":"https:\/\/api.w.org\/{rel}","templated":true}]}}