{"id":439,"date":"2021-08-22T11:57:10","date_gmt":"2021-08-22T14:57:10","guid":{"rendered":"https:\/\/patriaproductiva.net\/blog\/?p=439"},"modified":"2021-08-22T11:57:12","modified_gmt":"2021-08-22T14:57:12","slug":"preguntas-a-la-agroecologia","status":"publish","type":"post","link":"https:\/\/patriaproductiva.net\/blog\/preguntas-a-la-agroecologia\/","title":{"rendered":"Preguntas a la Agroecolog\u00eda"},"content":{"rendered":"\n<p class=\"has-text-align-right wp-block-paragraph\">Por Sandra Carlino<\/p>\n\n\n\n<div class=\"wp-block-image\"><figure class=\"aligncenter size-full is-resized\"><img fetchpriority=\"high\" decoding=\"async\" src=\"https:\/\/patriaproductiva.net\/blog\/wp-content\/uploads\/2021\/08\/agro.png\" alt=\"\" class=\"wp-image-440\" width=\"489\" height=\"267\" srcset=\"https:\/\/patriaproductiva.net\/blog\/wp-content\/uploads\/2021\/08\/agro.png 489w, https:\/\/patriaproductiva.net\/blog\/wp-content\/uploads\/2021\/08\/agro-300x164.png 300w\" sizes=\"(max-width: 489px) 100vw, 489px\" \/><\/figure><\/div>\n\n\n\n<p class=\"wp-block-paragraph\">La agroecolog\u00eda es un modelo productivo que tiene por objetivos la producci\u00f3n de alimentos de manera sostenible. es un modelo sociotecnol\u00f3gico que propone una forma diferente de producci\u00f3n al modelo productivo dominante.<\/p>\n\n\n\n<p class=\"wp-block-paragraph\">Este modelo ha tenido un recorrido en la Argentina, principalmente por su adopci\u00f3n desde la agricultura familiar. La masificaci\u00f3n del modelo agroecol\u00f3gico se ha producido en los \u00faltimos a\u00f1os, produciendo tensiones dentro de las instituciones del campo agropecuario, de la econom\u00eda y del desarrollo.<\/p>\n\n\n\n<p class=\"wp-block-paragraph\">Existe una visi\u00f3n est\u00e1ndar que la discusi\u00f3n al modelo productivo convencional con un alto uso de insumos, nace en las urbes, cuando en realidad la oposici\u00f3n al modelo industrial viene del coraz\u00f3n del modelo. Las comunidades que viven en el territorio comienzan a reclamar por el uso indiscriminado de agroqu\u00edmicos y la salud ambiental en los pueblos rurales que habitan en medio de la producci\u00f3n agropecuaria.&nbsp;<\/p>\n\n\n\n<p class=\"wp-block-paragraph\">ES en medio de la conflictividad en el territorio sobre las formas de producci\u00f3n agropecuaria, que la agroecolog\u00eda comienza a salir de las m\u00e1rgenes productivas, configur\u00e1ndose como un modelo que da soluci\u00f3n a los reclamos de un ambiente sano, alimentos seguros y saludables, habitabilidad y protecci\u00f3n de los servicios ecosist\u00e9micos<\/p>\n\n\n\n<h2 class=\"wp-block-heading\">\u00bfCu\u00e1les son los factores que potencian la masificaci\u00f3n de la agroecolog\u00eda en la Rep\u00fablica Argentina?<\/h2>\n\n\n\n<p class=\"wp-block-paragraph\">La adopci\u00f3n de este modelo en la argentina se puede remontar hacia la d\u00e9cada de los 90 del siglo pasado, si bien la agroecolog\u00eda como concepto desembarca en la academia una d\u00e9cada anterior, la producci\u00f3n de alimentos en forma \u201corg\u00e1nica\u201d, sin uso de agroqu\u00edmicos y con cuidado del ambiente, aparece como una estrategia de mercado debido a la creciente demanda en pa\u00edses centrales de este tipo de productos.<\/p>\n\n\n\n<p class=\"wp-block-paragraph\">La sanci\u00f3n de la ley de org\u00e1nicos y la implementaci\u00f3n de productores con vistas a la exportaci\u00f3n se podr\u00eda tomar como inicio, Por otro lado, las producciones familiares tambi\u00e9n comienzan a sentir la necesidad de producir cambios en sus procesos productivos debido a principalmente el precio de los insumos y la creciente conflictividad por el uso de los mismos.<\/p>\n\n\n\n<p class=\"wp-block-paragraph\">La aparici\u00f3n de un consumidor que se interesa por el proceso de producci\u00f3n de los alimentos, es uno de los factores claves que modelan el cambio agropecuario en todos sus aspectos, no ya productivo sino adem\u00e1s en la forma de comercializaci\u00f3n. productores agroecol\u00f3gicos, colectivos que propusieron los proyectos, comunidades preocupadas por alimentos saludables son las que posibilitaron formas de comercializaci\u00f3n de estos productos como las ferias en diferentes puntos o v\u00eda red social, instituciones. El acortamiento de las cadenas de mercantilizaci\u00f3n del productor al consumidor, fue una oportunidad para la adopci\u00f3n de este modelo en las producciones medianas y familiares.<\/p>\n\n\n\n<p class=\"wp-block-paragraph\">La sanci\u00f3n de marcos normativos en las ciudades sobre la prohibici\u00f3n de aplicaci\u00f3n de agroqu\u00edmicos en el ejido urbano o con diferentes distancias al \u00e1rea urbana, gener\u00f3 que los gobiernos locales junto a los productores comiencen a pensar en formas de producci\u00f3n diferentes en los espacios vacantes que dejan las normativas. &nbsp;Adem\u00e1s, las instituciones comienzan a generar pol\u00edticas p\u00fablicas, planes y programas de promoci\u00f3n del modelo agroecol\u00f3gico<\/p>\n\n\n\n<h2 class=\"wp-block-heading\">\u00bfLa agroecolog\u00eda puede cambiar la matriz productiva dentro de la econom\u00eda nacional?<\/h2>\n\n\n\n<p class=\"wp-block-paragraph\">La agroecolog\u00eda es una una propuesta sociotecnol\u00f3gica, puede contribuir a la producci\u00f3n de alimentos, pero no da respuesta a todo.<\/p>\n\n\n\n<p class=\"wp-block-paragraph\">La contribuci\u00f3n a la econom\u00eda nacional puede venir de la sustituci\u00f3n de importaciones, ya que se puede producir sin uso de insumos que son importados, o utiliza insumos locales.<\/p>\n\n\n\n<p class=\"wp-block-paragraph\">Puede contribuir a la necesaria discusi\u00f3n de la matriz productiva en el \u00e1mbito nacional, pero no da soluci\u00f3n a la totalidad del tema.<\/p>\n\n\n\n<h2 class=\"wp-block-heading\">\u00bfEn qu\u00e9 dimensi\u00f3n de la econom\u00eda nacional la agroecolog\u00eda contribuye?<\/h2>\n\n\n\n<p class=\"wp-block-paragraph\">El fortalecimiento del mercado interno, el acceso a los alimentos saludables y la configuraci\u00f3n de otra forma de comercializaci\u00f3n, mercados de cercan\u00eda, promoci\u00f3n del arraigo en el territorio y generaci\u00f3n de empleo, cabe destacar que las agriculturas familiares son de mano de obra intensiva, la construcci\u00f3n de trama social rural y urbana.<\/p>\n\n\n\n<p class=\"wp-block-paragraph\">La contribuci\u00f3n a la conservaci\u00f3n de la biodiversidad, protecci\u00f3n del suelo y la reducci\u00f3n de las emisiones de gases efectos invernadero (dado por la comercializaci\u00f3n en cercan\u00eda y el no uso de insumos derivados del petr\u00f3leo).<\/p>\n\n\n\n<h2 class=\"wp-block-heading\">\u00bfCu\u00e1les son las dificultades que afronta la agroecolog\u00eda?<\/h2>\n\n\n\n<p class=\"wp-block-paragraph\">La agroecolog\u00eda es una propuesta tecnol\u00f3gica, las tecnolog\u00edas \u2013todas las tecnolog\u00edas- desempe\u00f1an un papel central en los procesos de cambio social. Demarcan posiciones y conductas de los actores; condicionan estructuras de distribuci\u00f3n social, costos de producci\u00f3n, acceso a bienes y servicios; generan problemas sociales y ambientales; facilitan o dificultan su resoluci\u00f3n. social, posibilidades de ejercicio del poder, visiones acerca de lo que es posible o imposible. Las tecnolog\u00edas son sociales.<\/p>\n\n\n\n<p class=\"wp-block-paragraph\">No solo es un modelo de c\u00f3mo producir, pretende adem\u00e1s devolver la soberan\u00eda al productor, ligada a una forma de econom\u00eda, de organizaci\u00f3n social anclada en el territorio.<\/p>\n\n\n\n<p class=\"wp-block-paragraph\">En ese sentido requiere una decisi\u00f3n pol\u00edtica de adoptarla como se ha adoptado el modelo industrial.<\/p>\n\n\n\n<p class=\"wp-block-paragraph\">El modelo agroecol\u00f3gico a \u201cevolucionado\u201d gracias a su implementaci\u00f3n por parte de los productores y la adquisici\u00f3n de conocimientos emp\u00edricos que est\u00e1n dando soluciones t\u00e9cnicas a las producciones.<\/p>\n\n\n\n<p class=\"wp-block-paragraph\">El surgimiento de mercados alternativos por fuera de la cadena de supermercados, como necesidad de satisfacer una demanda, por dem\u00e1s creciente, de los consumidores que se interesan por estos productos es una realidad f\u00e1cilmente observable<\/p>\n\n\n\n<p class=\"wp-block-paragraph\">Una de las principales dificultades que afronta es el cambio en la conceptualizaci\u00f3n dentro de las instituciones que tiene poder de decisi\u00f3n, se requiere articular todas las iniciativas agroecol\u00f3gicas&nbsp; con el objetivo de fortalecer el mercado interno de alimentos, que promuevan la ocupaci\u00f3n del territorio, que fortalezcan los lazos sociales vigentes y posibiliten la densificaci\u00f3n del tejido de relaciones socioambientales , ya que esta son variables fundamentales si queremos preservar el ambiente, los servicios ecosist\u00e9micos, la biodiversidad y el suelo productivo para las pr\u00f3ximas generaciones.&nbsp;<\/p>\n","protected":false},"excerpt":{"rendered":"<p>Por Sandra Carlino La agroecolog\u00eda es un modelo productivo que tiene por objetivos la producci\u00f3n de alimentos de manera sostenible.&#46;&#46;&#46;<\/p>\n","protected":false},"author":1,"featured_media":440,"comment_status":"open","ping_status":"open","sticky":false,"template":"","format":"standard","meta":{"footnotes":""},"categories":[8,96,44,67],"tags":[],"class_list":["post-439","post","type-post","status-publish","format-standard","has-post-thumbnail","hentry","category-agroindustria","category-medio-ambiente","category-produccion","category-soberania-y-desarrollo"],"_links":{"self":[{"href":"https:\/\/patriaproductiva.net\/blog\/wp-json\/wp\/v2\/posts\/439","targetHints":{"allow":["GET"]}}],"collection":[{"href":"https:\/\/patriaproductiva.net\/blog\/wp-json\/wp\/v2\/posts"}],"about":[{"href":"https:\/\/patriaproductiva.net\/blog\/wp-json\/wp\/v2\/types\/post"}],"author":[{"embeddable":true,"href":"https:\/\/patriaproductiva.net\/blog\/wp-json\/wp\/v2\/users\/1"}],"replies":[{"embeddable":true,"href":"https:\/\/patriaproductiva.net\/blog\/wp-json\/wp\/v2\/comments?post=439"}],"version-history":[{"count":2,"href":"https:\/\/patriaproductiva.net\/blog\/wp-json\/wp\/v2\/posts\/439\/revisions"}],"predecessor-version":[{"id":442,"href":"https:\/\/patriaproductiva.net\/blog\/wp-json\/wp\/v2\/posts\/439\/revisions\/442"}],"wp:featuredmedia":[{"embeddable":true,"href":"https:\/\/patriaproductiva.net\/blog\/wp-json\/wp\/v2\/media\/440"}],"wp:attachment":[{"href":"https:\/\/patriaproductiva.net\/blog\/wp-json\/wp\/v2\/media?parent=439"}],"wp:term":[{"taxonomy":"category","embeddable":true,"href":"https:\/\/patriaproductiva.net\/blog\/wp-json\/wp\/v2\/categories?post=439"},{"taxonomy":"post_tag","embeddable":true,"href":"https:\/\/patriaproductiva.net\/blog\/wp-json\/wp\/v2\/tags?post=439"}],"curies":[{"name":"wp","href":"https:\/\/api.w.org\/{rel}","templated":true}]}}