{"id":455,"date":"2021-09-08T16:06:50","date_gmt":"2021-09-08T19:06:50","guid":{"rendered":"https:\/\/patriaproductiva.net\/blog\/?p=455"},"modified":"2021-09-08T16:06:52","modified_gmt":"2021-09-08T19:06:52","slug":"ganaderia-de-cria-el-viento-nos-une","status":"publish","type":"post","link":"https:\/\/patriaproductiva.net\/blog\/ganaderia-de-cria-el-viento-nos-une\/","title":{"rendered":"Ganader\u00eda de cr\u00eda: &#8220;El viento nos une&#8221;"},"content":{"rendered":"\n<p class=\"has-text-align-right wp-block-paragraph\">Por Mar\u00eda Rizzo<\/p>\n\n\n\n<p class=\"wp-block-paragraph\">Contrario a lo que algunos agoreros plantean sobre que este gobierno estar\u00eda arruinando a los productores ganaderos, los datos de nuestro dossier &#8220;A Los Bifes&#8221; (informe del Centro de Estudios Agrarios de abril de 2021), demuestran que&nbsp;la ganader\u00eda de cr\u00eda en el 2021 est\u00e1 entre los mejores m\u00e1rgenes de los \u00faltimos diez a\u00f1os.<\/p>\n\n\n\n<p class=\"wp-block-paragraph\">Para realizar esta comparaci\u00f3n, tomamos como par\u00e1metro el margen bruto (MB) de la cuenca del Salado, zona productora por excelencia de ganader\u00eda de cr\u00eda a nivel nacional; C\u00f3rdoba norte, como par\u00e1metro de regi\u00f3n semi\u00e1rida con una gran cultura ganadera; y a Salta, por un lado,&nbsp;y Chaco-Formosa este, por otro,como zonas de gran desarrollo ganadero en los \u00faltimos a\u00f1os<a>,<\/a>&nbsp;debido al corrimiento de la frontera agr\u00edcola, a partir de los datos trimestrales del informe de Resultados Ganaderos del Ministerio de Agricultura, Ganader\u00eda y Pesca de la Naci\u00f3n.<\/p>\n\n\n\n<p class=\"wp-block-paragraph\">Analizamos la serie&nbsp;2012-2021 y convertimos los m\u00e1rgenes de pesos a d\u00f3lares&nbsp;oficiales, cotizaci\u00f3n al 15 junio, y observamos que en&nbsp;el 2021 comparado con 2018 y 2019, \u00faltimos 2 a\u00f1os del gobierno de Macri, la actividad cuenta con mejores m\u00e1rgenes en todos los casos: 75% en Chaco-Formosa este, 80% en Salta, 67% en C\u00f3rdoba Norte y 56% en cuenca del Salado. En el 2015, el \u00faltimo a\u00f1o de gobierno de Cristina Fern\u00e1ndez, la actividad tambi\u00e9n se encontraba dentro de los mejores momentos, similar&nbsp;a la actualidad. El 2018 y 2019 fueron los peores a\u00f1os de la serie analizada.<\/p>\n\n\n\n<div class=\"wp-block-image\"><figure class=\"aligncenter\"><img decoding=\"async\" src=\"https:\/\/www.lapoliticaonline.com.ar\/files\/image\/73\/73958\/6131613276111.jpg\" alt=\"\"\/><\/figure><\/div>\n\n\n\n<p class=\"wp-block-paragraph\">La ganader\u00eda de cr\u00eda es el eslab\u00f3n de mayor cantidad de productores, cuenta con aproximadamente 160 mil productores en todo el pa\u00eds.&nbsp;Se caracteriza por ser el eslab\u00f3n que m\u00e1s tiempo requiere para obtener el producto de venta: el ternero. Adem\u00e1s hist\u00f3ricamente es usada como variable de ajuste dentro de la cadena c\u00e1rnica.<\/p>\n\n\n\n<p class=\"wp-block-paragraph\">Por esto las pol\u00edticas ganaderas son determinantes, lo que repercute r\u00e1pidamente en la decisi\u00f3n del productor de conservar o liquidar vientres, es decir vender o guardar &#8220;la maquinita de hacer terneros&#8221;. La retenci\u00f3n de vientres es otro dato que demuestra la mejor\u00eda del sector, aun a pesar del contexto de pandemia global y las urgencias que \u00e9sta gener\u00f3 relegando a segundo plano pol\u00edticas particulares para el sector ganadero.<\/p>\n\n\n\n<p class=\"wp-block-paragraph\"><strong>Microrregi\u00f3n ganadera en Mendoza un ejemplo federal de ganader\u00eda extrapampeana<\/strong><\/p>\n\n\n\n<p class=\"wp-block-paragraph\">Nuevos vientos que promueven una mirada integral y federal de la ganader\u00eda soplan y son necesarios. Pensar y ejecutar un plan ganadero como el que impulsa Anabel Fern\u00e1ndez Sagasti en la microrregi\u00f3n ganadera del este mendocino marca un rumbo hacia donde direccionar las pol\u00edticas agroalimentarias.<\/p>\n\n\n\n<p class=\"wp-block-paragraph\">La ganader\u00eda vacuna en Mendoza tiene un stock de alrededor de 470 mil animales y un destete del 47%. Se consumen aproximadamente 440 mil cabezas al a\u00f1o, de las cuales solo el 11% es engorde en Mendoza; el 73% se faena localmente y el restante ingresa faenado a la provincia, seg\u00fan datos del Observatorio Ganadero Mendoza. Por eso,&nbsp;impulsar la producci\u00f3n ganadera en la microrregi\u00f3n no solo apunta a la particularidad de esta actividad econ\u00f3mica directa, sino que tambi\u00e9n dinamiza la econom\u00eda de manera integral, haciendo que la producci\u00f3n primaria sea el motor de desarrollo territorial, integrando la industria frigor\u00edfica y las actividades econ\u00f3micas complementaria, como la metalmec\u00e1nica, los servicios, etc.<\/p>\n\n\n\n<p class=\"wp-block-paragraph\">De este modo,&nbsp;la producci\u00f3n y el abastecimiento de alimentos en zonas extra-pampeanas&nbsp;genera puestos de trabajos directos e indirectos, logrando crecimiento econ\u00f3mico y desarrollo territorial. Pero adem\u00e1s, permite la liberaci\u00f3n de saldos exportables de carne vacuna producida en zonas de mejores condiciones de competitividad global.&nbsp;esta manera,&nbsp;tambi\u00e9n contribuye a la generaci\u00f3n de divisas que nuestro pa\u00eds necesita para invertir en infraestructura, financiamiento, y para la implementaci\u00f3n de planes de desarrollo productivo, no solo un plan ganadero, sino un plan para una Argentina Productiva y Sustentable.<\/p>\n","protected":false},"excerpt":{"rendered":"<p>Por Mar\u00eda Rizzo Contrario a lo que algunos agoreros plantean sobre que este gobierno estar\u00eda arruinando a los productores ganaderos,&#46;&#46;&#46;<\/p>\n","protected":false},"author":1,"featured_media":457,"comment_status":"open","ping_status":"open","sticky":false,"template":"","format":"standard","meta":{"footnotes":""},"categories":[107,67],"tags":[112,108,110,111,109],"class_list":["post-455","post","type-post","status-publish","format-standard","has-post-thumbnail","hentry","category-ganaderia","category-soberania-y-desarrollo","tag-desarrollo-ganadero","tag-ganaderia-de-cria","tag-politicas-ganaderas","tag-produccion-ganadera","tag-productores"],"_links":{"self":[{"href":"https:\/\/patriaproductiva.net\/blog\/wp-json\/wp\/v2\/posts\/455","targetHints":{"allow":["GET"]}}],"collection":[{"href":"https:\/\/patriaproductiva.net\/blog\/wp-json\/wp\/v2\/posts"}],"about":[{"href":"https:\/\/patriaproductiva.net\/blog\/wp-json\/wp\/v2\/types\/post"}],"author":[{"embeddable":true,"href":"https:\/\/patriaproductiva.net\/blog\/wp-json\/wp\/v2\/users\/1"}],"replies":[{"embeddable":true,"href":"https:\/\/patriaproductiva.net\/blog\/wp-json\/wp\/v2\/comments?post=455"}],"version-history":[{"count":1,"href":"https:\/\/patriaproductiva.net\/blog\/wp-json\/wp\/v2\/posts\/455\/revisions"}],"predecessor-version":[{"id":458,"href":"https:\/\/patriaproductiva.net\/blog\/wp-json\/wp\/v2\/posts\/455\/revisions\/458"}],"wp:featuredmedia":[{"embeddable":true,"href":"https:\/\/patriaproductiva.net\/blog\/wp-json\/wp\/v2\/media\/457"}],"wp:attachment":[{"href":"https:\/\/patriaproductiva.net\/blog\/wp-json\/wp\/v2\/media?parent=455"}],"wp:term":[{"taxonomy":"category","embeddable":true,"href":"https:\/\/patriaproductiva.net\/blog\/wp-json\/wp\/v2\/categories?post=455"},{"taxonomy":"post_tag","embeddable":true,"href":"https:\/\/patriaproductiva.net\/blog\/wp-json\/wp\/v2\/tags?post=455"}],"curies":[{"name":"wp","href":"https:\/\/api.w.org\/{rel}","templated":true}]}}