{"id":472,"date":"2021-10-28T08:28:27","date_gmt":"2021-10-28T11:28:27","guid":{"rendered":"https:\/\/patriaproductiva.net\/blog\/?p=472"},"modified":"2021-10-28T08:28:28","modified_gmt":"2021-10-28T11:28:28","slug":"no-puedes-ir-en-contra-de-la-naturaleza","status":"publish","type":"post","link":"https:\/\/patriaproductiva.net\/blog\/no-puedes-ir-en-contra-de-la-naturaleza\/","title":{"rendered":"No puedes ir en contra de la naturaleza\u2026"},"content":{"rendered":"\n<p class=\"wp-block-paragraph\">Es com\u00fan escuchar\/leer los adjetivos \u201cecol\u00f3gico\u201d o \u201csustentable\u201d que se usan indistintamente dentro de una actividad (como podr\u00eda ser la miner\u00eda) para merituar un enfoque dado en relaci\u00f3n a otro. Pero es oportuno detenernos en ellos para analizar sus significados m\u00e1s precisamente.<\/p>\n\n\n\n<div class=\"wp-block-image\"><figure class=\"aligncenter\"><a href=\"https:\/\/www.notaderedaccion.com.ar\/noticias\/id-1282_No-puedes-ir-en-contra-de-la-naturaleza-\"><img decoding=\"async\" src=\"https:\/\/cdnproxy.turadioinfo.com\/media\/webp\/0\/0\/85\/251333\/noticias\/debfc4a5c1b4563c6b967b782ee7202e.jpeg\" alt=\"No puedes ir en contra de la naturaleza\u2026\"\/><\/a><\/figure><\/div>\n\n\n\n<p class=\"wp-block-paragraph\">Por:\u00a0<strong>Manuel Alejo P\u00e9rez<\/strong>\u00a0(*)<\/p>\n\n\n\n<p class=\"wp-block-paragraph\">Como ya mencion\u00e1ramos (Ver link en parte inferior de esta nota), la ecolog\u00eda es la rama de la biolog\u00eda que estudia las relaciones entre los seres vivos as\u00ed como con su ambiente. Claramente los cambios en el medio ambiente pueden afectar profundamente el proceso de la vida, como se ha documentado para las extinciones masivas causadas por diferentes fen\u00f3menos: la explosi\u00f3n de una supernova (hace 439 millones de a\u00f1os, entre Ordov\u00edcico y Sil\u00farico), vulcanismo an\u00f3malo (hace 367 millones de a\u00f1os, entre Dev\u00f3nico y Carbon\u00edfero) o el impacto de un meteorito (hace 65 millones de a\u00f1os, entre Cret\u00e1cico y Pale\u00f3geno).<\/p>\n\n\n\n<p class=\"wp-block-paragraph\">Asimismo, en este punto es importante enfatizar un concepto menos difundido: los seres vivos cambian el ambiente donde se desarrollan. La aparici\u00f3n de las cianobacterias aument\u00f3 la cantidad de ox\u00edgeno (O<sub>2<\/sub>) de la atm\u00f3sfera terrestre (periodo Arqueoz\u00f3ico) que, a su vez, form\u00f3 la capa de ozono (O<sub>3<\/sub>) que funcion\u00f3 como escudo contra la radiaci\u00f3n ultravioleta permitiendo a la vida salir de los oc\u00e9anos y colonizar la tierra. Menos conocido es que este aumento del ox\u00edgeno atmosf\u00e9rico, desencadena un proceso llamado la Gran Oxidaci\u00f3n que se estima gener\u00f3 2500 de los 5400 minerales conocidos.<\/p>\n\n\n\n<p class=\"wp-block-paragraph\">Por todo esto, la percepci\u00f3n popularizada que la vida y su medio ambiente formando un paisaje est\u00e1tico, sin cambio representa la ecolog\u00eda\u2026 dista mucho de lo que la historia del planeta parece contarnos: lo \u00fanico constante es el cambio!!! En consecuencia, la ecolog\u00eda es comprender la relaci\u00f3n din\u00e1mica entre vida y ambiente en su proceso de cambio. Entendida la inevitabilidad del proceso de cambio, pasemos a analizar el significado del adjetivo \u201csustentable\u201d. Deriva del lat\u00edn \u201csustinere\u201d, formado por \u201csub\u201d (debajo) y \u201ctenere\u201d (tomar), y atribuye al sustantivo la cualidad de \u201csostenerse\u201d, de \u201cmantenerse\u201d, de \u201cpermanencia\u201d.<\/p>\n\n\n\n<p class=\"wp-block-paragraph\">En este adjetivo subyace una impl\u00edcita referencia temporal, puesto que calificar un sustantivo como \u201csustentable\u201d requiere de una previa comprobaci\u00f3n de su permanencia con el transcurso del tiempo. \u00bfC\u00f3mo entonces \u201cecol\u00f3gico\u201d y \u201csustentable\u201d pueden usarse indistintamente con significados opuestos como cambio y permanencia?&#8230; Veamos esto en detalle.<\/p>\n\n\n\n<p class=\"wp-block-paragraph\">Cualquiera que sea la actividad humana que analicemos, es justo decir que siempre ser\u00e1 \u201cecol\u00f3gica\u201d pero s\u00f3lo en muy singulares contextos calificable como \u201csustentable\u201d. Ya comprendimos que la \u201cecolog\u00eda\u201d es la descripci\u00f3n desapasionada de las leyes que gobiernan los procesos de cambio de la naturaleza. Ahora necesitamos comprender que analizar la \u201csustentabilidad\u201d corresponde a una mirada antropoc\u00e9ntrica desarrollada con el objetivo de determinar el modo de influir, encauzar o conducir los procesos inevitables de cambio. Dif\u00edcilmente pueda aplicarse esta mirada a procesos de cambio agudos (cat\u00e1strofes naturales: impactos de meteoritos, explosiones de supernovas, etc.), pero si se puede usar en el an\u00e1lisis de procesos de cambios que ocurren en periodos de tiempo m\u00e1s extendidos (cambios ambientales provocados por la vida, fen\u00f3meno de deriva continental, etc.).<\/p>\n\n\n\n<p class=\"wp-block-paragraph\">El an\u00e1lisis de \u201csustentabilidad\u201d de una actividad humana debe considerar la disponibilidad de recursos, el consumo, sus cadencias de cambio y los efectos ambientales de los subproductos. El impulso de la industria en base a los combustibles f\u00f3siles puede haber parecido \u201csustentable\u201d en los comienzos de la revoluci\u00f3n industrial, cuando se los obten\u00eda en vastas cantidades, se los consum\u00eda muy lentamente y se cre\u00eda que la atmosfera se \u201cencargar\u00eda\u201d del humo y los gases producidos. Sin embargo, la comprensi\u00f3n actual de los eventos geol\u00f3gicos singulares que dieron origen a estos dep\u00f3sitos f\u00f3siles indica que son recursos no renovables y sabemos que sus subproductos son poluentes ambientales.<\/p>\n\n\n\n<p class=\"wp-block-paragraph\">As\u00ed, la primera lecci\u00f3n de \u201csustentabilidad\u201d ser\u00eda:&nbsp;<strong>ninguna actividad extractiva de un recurso es \u201csustentable\u201d sin un ciclo natural que lo restituya<\/strong>. En tal caso, tambi\u00e9n resulta oportuno analizar el efecto ambiental de los subproductos de la actividad. El consumo de combustibles f\u00f3siles como impulso del progreso desde la Revoluci\u00f3n Industrial (1760) al presente ha llevado a la constante acumulaci\u00f3n del di\u00f3xido de carbono (CO<sub>2<\/sub>, producto de la combusti\u00f3n) en nuestra atmosfera, sin que haya un ciclo natural que revierta este efecto.<\/p>\n\n\n\n<p class=\"wp-block-paragraph\">Como fichas de domin\u00f3 empuj\u00e1ndose en secuencia, el aumento de los niveles de di\u00f3xido de carbono atmosf\u00e9rico ha disparado otros fen\u00f3menos ambientales como el calentamiento global y la lluvia \u00e1cida. El consumo de un recurso natural no renovable tambi\u00e9n debe analizarse en t\u00e9rminos de los efectos derivados de la acumulaci\u00f3n de sus subproductos. Si James Watt no pudo prever los perjuicios que su invento (m\u00e1quina de vapor) acarrear\u00eda, hoy nos toca usar el conocimiento que develamos desde entonces para remediar los efectos ambientales indeseables del empleo de los combustibles f\u00f3siles.<\/p>\n\n\n\n<p class=\"wp-block-paragraph\">La agricultura habr\u00e1 parecido \u201csustentable\u201d a los pioneros de la antig\u00fcedad, cuando suelos desconocidos aun invitaban a la aventura m\u00e1s all\u00e1 del horizonte\u2026 pero \u00bfsigue siendo \u201csustentable\u201d en la era del cultivo extensivo, cuando ya es necesario \u201cnutrir\u201d los suelos con minerales (fertilizantes)? He aqu\u00ed otra lecci\u00f3n de \u201csustentabilidad\u201d:&nbsp;<strong>aun cuando un recurso pueda ser renovable, no se lo puede consumir a una velocidad mayor que la de su restituci\u00f3n por v\u00eda de un ciclo natural<\/strong>. Los resultados de ignorar o desatender estas reglas de \u201csustentabilidad\u201d pueden observarse en el estado actual de nuestro planeta.<\/p>\n\n\n\n<p class=\"wp-block-paragraph\">La explotaci\u00f3n de un recurso renovable sin permitir que se restituya mediante su ciclo natural puede dar lugar un escenario m\u00e1s complejo a\u00fan, dado que los ciclos naturales ya se han ensamblado e interconectando en la escala de tiempo de la geolog\u00eda. En este punto, cabe notar que a\u00fan \u201calteraciones\u201d dentro de un ciclo natural puede tener serias consecuencias.<\/p>\n\n\n\n<p class=\"wp-block-paragraph\">El peso de un \u00e1rbol es en un 70 % el peso del agua que contiene. Mientras vive, toda esta agua dentro del \u00e1rbol se encuentra fuera del ciclo din\u00e1mico precipitaci\u00f3n-escurrimiento-evaporaci\u00f3n. La deforestaci\u00f3n de bosques para generar superficies para siembra, restituye toda el agua retenida por los \u00e1rboles del bosque al ciclo del agua.<\/p>\n\n\n\n<p class=\"wp-block-paragraph\">Las cada vez m\u00e1s frecuentes inundaciones son una consecuencia de la deforestaci\u00f3n:&nbsp;<strong>toda esa agua que hoy sobra estuvo en bosques que ya no existen<\/strong>.<\/p>\n\n\n\n<p class=\"wp-block-paragraph\">En este punto, les lectores pueden pensar que analizar la \u201csustentabilidad\u201d prim\u00f3 sobre la \u201cecolog\u00eda\u201d\u2026 Aclaremos entonces que pensar y actuar en b\u00fasqueda de un desarrollo \u201csustentable\u201d es nuestra responsabilidad, porque a diferencia de los seres que nos pre-existieron somos los primeros dotados de conciencia para comprender el cosmos.<\/p>\n\n\n\n<p class=\"wp-block-paragraph\">La \u201csustentabilidad\u201d m\u00e1s importante es la de la vida y est\u00e1 en nuestras manos. Entender la \u201cecolog\u00eda\u201d es comprender c\u00f3mo opera la naturaleza, sin emociones ni antropocentrismo: somos tan solo una parte del mundo natural. Mientras escribo este p\u00e1rrafo final, viene a mi mente una canci\u00f3n llamada \u201cNing\u00fan cuento nuevo que contar\u201d (No new tell to tell, de Love &amp; Rockets) que canturrea esto:<\/p>\n\n\n\n<p class=\"wp-block-paragraph\">\u201cNo puedes ir en contra la naturaleza\u2026<\/p>\n\n\n\n<p class=\"wp-block-paragraph\">Porque cuando lo haces\u2026<\/p>\n\n\n\n<p class=\"wp-block-paragraph\">Ir en contra la naturaleza\u2026<\/p>\n\n\n\n<p class=\"wp-block-paragraph\">Es parte de la naturaleza tambi\u00e9n!!!\u2026\u201d<\/p>\n\n\n\n<p class=\"wp-block-paragraph\">Si vamos en contra de la naturaleza, lo que suceda con nosotros tambi\u00e9n ser\u00e1 parte de la naturaleza: la b\u00fasqueda de la \u201csustentabilidad\u201d es nuestra responsabilidad.<\/p>\n\n\n\n<p class=\"wp-block-paragraph\">Link:<\/p>\n\n\n\n<p class=\"wp-block-paragraph\"><a href=\"https:\/\/www.notaderedaccion.com.ar\/noticias\/id-1266_Consideraciones-de-Ecolog-a-y-Miner-a-para-analizar-el-porvenir_#Q29uc2lkZXJhY2lvbmVzIGRlIEVjb2xvZ8OtYSB5IE1pbmVyaWEgcGFyYSBhbmFsaXphciBlbCBwb3J2ZW5pcg==\">https:\/\/www.notaderedaccion.com.ar\/noticias\/id-1266_Consideraciones-de-Ecolog-a-y-Miner-a-para-analizar-el-porvenir_#Q29uc2lkZXJhY2lvbmVzIGRlIEVjb2xvZ8OtYSB5IE1pbmVyaWEgcGFyYSBhbmFsaXphciBlbCBwb3J2ZW5pcg==<\/a><\/p>\n\n\n\n<p class=\"wp-block-paragraph\">(*) Dr. en Qu\u00edmica. Investigador Independiente de CONICET. Proyecto Desarrollo de Miner\u00eda Sustentable.<\/p>\n","protected":false},"excerpt":{"rendered":"<p>Es com\u00fan escuchar\/leer los adjetivos \u201cecol\u00f3gico\u201d o \u201csustentable\u201d que se usan indistintamente dentro de una actividad (como podr\u00eda ser la&#46;&#46;&#46;<\/p>\n","protected":false},"author":1,"featured_media":473,"comment_status":"open","ping_status":"open","sticky":false,"template":"","format":"standard","meta":{"footnotes":""},"categories":[8,96,44],"tags":[],"class_list":["post-472","post","type-post","status-publish","format-standard","has-post-thumbnail","hentry","category-agroindustria","category-medio-ambiente","category-produccion"],"_links":{"self":[{"href":"https:\/\/patriaproductiva.net\/blog\/wp-json\/wp\/v2\/posts\/472","targetHints":{"allow":["GET"]}}],"collection":[{"href":"https:\/\/patriaproductiva.net\/blog\/wp-json\/wp\/v2\/posts"}],"about":[{"href":"https:\/\/patriaproductiva.net\/blog\/wp-json\/wp\/v2\/types\/post"}],"author":[{"embeddable":true,"href":"https:\/\/patriaproductiva.net\/blog\/wp-json\/wp\/v2\/users\/1"}],"replies":[{"embeddable":true,"href":"https:\/\/patriaproductiva.net\/blog\/wp-json\/wp\/v2\/comments?post=472"}],"version-history":[{"count":2,"href":"https:\/\/patriaproductiva.net\/blog\/wp-json\/wp\/v2\/posts\/472\/revisions"}],"predecessor-version":[{"id":475,"href":"https:\/\/patriaproductiva.net\/blog\/wp-json\/wp\/v2\/posts\/472\/revisions\/475"}],"wp:featuredmedia":[{"embeddable":true,"href":"https:\/\/patriaproductiva.net\/blog\/wp-json\/wp\/v2\/media\/473"}],"wp:attachment":[{"href":"https:\/\/patriaproductiva.net\/blog\/wp-json\/wp\/v2\/media?parent=472"}],"wp:term":[{"taxonomy":"category","embeddable":true,"href":"https:\/\/patriaproductiva.net\/blog\/wp-json\/wp\/v2\/categories?post=472"},{"taxonomy":"post_tag","embeddable":true,"href":"https:\/\/patriaproductiva.net\/blog\/wp-json\/wp\/v2\/tags?post=472"}],"curies":[{"name":"wp","href":"https:\/\/api.w.org\/{rel}","templated":true}]}}