{"id":513,"date":"2021-12-19T09:35:51","date_gmt":"2021-12-19T12:35:51","guid":{"rendered":"https:\/\/patriaproductiva.net\/blog\/?p=513"},"modified":"2021-12-19T09:51:31","modified_gmt":"2021-12-19T12:51:31","slug":"por-una-inclusion-de-genero-en-el-mar-ammafyl","status":"publish","type":"post","link":"https:\/\/patriaproductiva.net\/blog\/por-una-inclusion-de-genero-en-el-mar-ammafyl\/","title":{"rendered":"Por una inclusi\u00f3n de g\u00e9nero en el mar: AMAMFYL"},"content":{"rendered":"\n<p class=\"wp-block-paragraph\">Haciendo estelas en la mar.<\/p>\n\n\n\n<div class=\"wp-block-image\"><figure class=\"aligncenter size-full\"><img fetchpriority=\"high\" decoding=\"async\" width=\"590\" height=\"396\" src=\"https:\/\/patriaproductiva.net\/blog\/wp-content\/uploads\/2021\/12\/marinerasok.jpg\" alt=\"\" class=\"wp-image-516\" srcset=\"https:\/\/patriaproductiva.net\/blog\/wp-content\/uploads\/2021\/12\/marinerasok.jpg 590w, https:\/\/patriaproductiva.net\/blog\/wp-content\/uploads\/2021\/12\/marinerasok-300x201.jpg 300w\" sizes=\"(max-width: 590px) 100vw, 590px\" \/><\/figure><\/div>\n\n\n\n<p class=\"wp-block-paragraph\">Con una iniciativa formulada desde el 2020 y con el acompa\u00f1amiento al grupo de AMAMFYL por compa\u00f1eras del Instituto Patria, se desarroll\u00f3 la primera actividad oficial, en lo que ser\u00e1 recordado como el D\u00eda de la Mujer Mar\u00edtima y Diversidades Mar\u00edtimas Fluviales y Lacustres en el sal\u00f3n de videoconferencias de Senasa, en CABA.<br><br>Con la participaci\u00f3n de mas 30 compa\u00f1erxs y representantes del Ministerio de Trabajo, del Ministerio de Mujeres y Ministerio de Agricultura Ganader\u00eda y Pesca de Naci\u00f3n, compa\u00f1eras de ATE, SADOP, el Centro de Patrones y Oficiales Fluviales, de Pesca y de Cabotaje Mar\u00edtimo y Women&#8217;s International Shipping &amp; Trading Association\u00a0(WISTA), se asumi\u00f3 como un compromiso seguir trabajando para la incorporaci\u00f3n de m\u00e1s mujeres al sector parte de las actividades que se hab\u00edan planteado durante el a\u00f1o era poder introducir conversatorios charlas con los hombres del sector mar\u00edtimo lacustre y fluvial.  <\/p>\n\n\n\n<p class=\"wp-block-paragraph\">La siguiente nota muestra una de las experiencias que se pudieron llevar a cabo.<br><br>El 2 y 3 de diciembre se llev\u00f3 a cabo una charla sobre perspectiva de g\u00e9nero a bordo del B\/P Tai An de la empresa San Arawa. La charla es resultado de una propuesta del capit\u00e1n del buque,  Luciano Racioppi,  quien coment\u00f3 que hace un par de a\u00f1os sumaron en las pol\u00edticas de la empresa la figura de no discriminaci\u00f3n por g\u00e9nero, as\u00ed como de la armadora Cristina Cedrato que se sum\u00f3 y apoy\u00f3 esta iniciativa.  <br><\/p>\n\n\n\n<div class=\"wp-block-image\"><figure class=\"aligncenter size-large\"><img decoding=\"async\" width=\"1024\" height=\"473\" src=\"https:\/\/patriaproductiva.net\/blog\/wp-content\/uploads\/2021\/12\/WhatsApp-Image-2021-12-19-at-09.43.33-1024x473.jpeg\" alt=\"\" class=\"wp-image-520\" srcset=\"https:\/\/patriaproductiva.net\/blog\/wp-content\/uploads\/2021\/12\/WhatsApp-Image-2021-12-19-at-09.43.33-1024x473.jpeg 1024w, https:\/\/patriaproductiva.net\/blog\/wp-content\/uploads\/2021\/12\/WhatsApp-Image-2021-12-19-at-09.43.33-600x277.jpeg 600w, https:\/\/patriaproductiva.net\/blog\/wp-content\/uploads\/2021\/12\/WhatsApp-Image-2021-12-19-at-09.43.33-300x139.jpeg 300w, https:\/\/patriaproductiva.net\/blog\/wp-content\/uploads\/2021\/12\/WhatsApp-Image-2021-12-19-at-09.43.33-768x355.jpeg 768w, https:\/\/patriaproductiva.net\/blog\/wp-content\/uploads\/2021\/12\/WhatsApp-Image-2021-12-19-at-09.43.33.jpeg 1280w\" sizes=\"(max-width: 1024px) 100vw, 1024px\" \/><\/figure><\/div>\n\n\n\n<p class=\"wp-block-paragraph\"><br>Lucia di Pascuale, en calidad de representante de  AMAMFYL, abord\u00f3 en esa charla, en la cual participaron todos los tripulantes ,los conceptos de genero, sexo y los estereotipos atribuidos a cada uno de ellos y c\u00f3mo \u00e9stos repercuten en las oportunidades laborales y en la posibilidades de desarrollo profesional. <em>&#8220;Conversamos sobre las violencias que padecen los g\u00e9neros femeninos y transg\u00e9nero, c\u00f3mo por ejemplo la falta de acceso al trabajo o la estigmatizaci\u00f3n como portadoras de &#8220;mala suerte&#8221; a bordo&#8221;<\/em>, mencion\u00f3 di Pascale.<br><br>El encuentro cerr\u00f3 con una reflexi\u00f3n sobre la necesidad de quela realidad cambie en este sector y c\u00f3mo pueden trabajar todas y todos los que son parte de \u00e9l.<\/p>\n\n\n\n<p class=\"wp-block-paragraph\">Por \u00faltimo, Lucila di Pascale, agradeci\u00f3 tambi\u00e9n a la empresa SAN ARAWA S. A.  por facilitar el espacio para la charla, la cual espera se traduzca en la inclusi\u00f3n de mujeres y diversidades a bordo de sus buques.<\/p>\n\n\n\n<p class=\"wp-block-paragraph\"><br><\/p>\n","protected":false},"excerpt":{"rendered":"<p>Haciendo estelas en la mar. Con una iniciativa formulada desde el 2020 y con el acompa\u00f1amiento al grupo de AMAMFYL&#46;&#46;&#46;<\/p>\n","protected":false},"author":1,"featured_media":516,"comment_status":"open","ping_status":"open","sticky":false,"template":"","format":"standard","meta":{"footnotes":""},"categories":[38],"tags":[],"class_list":["post-513","post","type-post","status-publish","format-standard","has-post-thumbnail","hentry","category-sociedad-y-politica"],"_links":{"self":[{"href":"https:\/\/patriaproductiva.net\/blog\/wp-json\/wp\/v2\/posts\/513","targetHints":{"allow":["GET"]}}],"collection":[{"href":"https:\/\/patriaproductiva.net\/blog\/wp-json\/wp\/v2\/posts"}],"about":[{"href":"https:\/\/patriaproductiva.net\/blog\/wp-json\/wp\/v2\/types\/post"}],"author":[{"embeddable":true,"href":"https:\/\/patriaproductiva.net\/blog\/wp-json\/wp\/v2\/users\/1"}],"replies":[{"embeddable":true,"href":"https:\/\/patriaproductiva.net\/blog\/wp-json\/wp\/v2\/comments?post=513"}],"version-history":[{"count":4,"href":"https:\/\/patriaproductiva.net\/blog\/wp-json\/wp\/v2\/posts\/513\/revisions"}],"predecessor-version":[{"id":521,"href":"https:\/\/patriaproductiva.net\/blog\/wp-json\/wp\/v2\/posts\/513\/revisions\/521"}],"wp:featuredmedia":[{"embeddable":true,"href":"https:\/\/patriaproductiva.net\/blog\/wp-json\/wp\/v2\/media\/516"}],"wp:attachment":[{"href":"https:\/\/patriaproductiva.net\/blog\/wp-json\/wp\/v2\/media?parent=513"}],"wp:term":[{"taxonomy":"category","embeddable":true,"href":"https:\/\/patriaproductiva.net\/blog\/wp-json\/wp\/v2\/categories?post=513"},{"taxonomy":"post_tag","embeddable":true,"href":"https:\/\/patriaproductiva.net\/blog\/wp-json\/wp\/v2\/tags?post=513"}],"curies":[{"name":"wp","href":"https:\/\/api.w.org\/{rel}","templated":true}]}}