{"id":525,"date":"2022-01-04T14:05:00","date_gmt":"2022-01-04T17:05:00","guid":{"rendered":"https:\/\/patriaproductiva.net\/blog\/?p=525"},"modified":"2022-01-04T14:05:02","modified_gmt":"2022-01-04T17:05:02","slug":"rompiendo-el-techo-de-cristal","status":"publish","type":"post","link":"https:\/\/patriaproductiva.net\/blog\/rompiendo-el-techo-de-cristal\/","title":{"rendered":"Rompiendo el techo de cristal"},"content":{"rendered":"\n<p class=\"wp-block-paragraph\"><strong>Fran Bubani es la primera investigadora trans del Conicet. Tecn\u00f3loga, cient\u00edfica del Centro At\u00f3mico de Bariloche, Fran rompe los moldes y hace de su carrera un ejemplo.<\/strong><\/p>\n\n\n\n<p class=\"wp-block-paragraph\"><strong> Por Marcelo Parra<\/strong><\/p>\n\n\n\n<div class=\"wp-block-image\"><figure class=\"aligncenter size-full\"><img fetchpriority=\"high\" decoding=\"async\" width=\"768\" height=\"1024\" src=\"https:\/\/patriaproductiva.net\/blog\/wp-content\/uploads\/2022\/01\/bubani.jpg\" alt=\"\" class=\"wp-image-526\" srcset=\"https:\/\/patriaproductiva.net\/blog\/wp-content\/uploads\/2022\/01\/bubani.jpg 768w, https:\/\/patriaproductiva.net\/blog\/wp-content\/uploads\/2022\/01\/bubani-600x800.jpg 600w, https:\/\/patriaproductiva.net\/blog\/wp-content\/uploads\/2022\/01\/bubani-225x300.jpg 225w\" sizes=\"(max-width: 768px) 100vw, 768px\" \/><\/figure><\/div>\n\n\n\n<p class=\"wp-block-paragraph\">Esta nota no deber\u00eda ser escrita. Si la humanidad fuera un lugar de gente respetable, esta ser\u00eda la No nota.<\/p>\n\n\n\n<p class=\"wp-block-paragraph\">Nunca jam\u00e1s hubiese visto la luz. Pero como ya sabemos, nos falta mucho todav\u00eda para dejar de ser un cambalache. As\u00ed, en nombre de la moral, nos metemos en la cama de otros. De manera obscena miramos aquello que no nos corresponde ver.<\/p>\n\n\n\n<p class=\"wp-block-paragraph\">Opinamos, analizamos, censuramos y hasta aceptamos lo que otres sienten o deben sentir. Ah\u00ed la nota cobra sentido. Porque es la historia de alguien que rompi\u00f3 el techo de cristal. Alguien que pudo, frente a lo escrito y a lo no escrito, avanzar tras su destino y militar su camino.<\/p>\n\n\n\n<p class=\"wp-block-paragraph\">Hablamos de Fran Bubani, tecn\u00f3loga, cient\u00edfica y desempe\u00f1ando sus tareas en el Centro At\u00f3mico Bariloche. La primera investigadora trans del CONICET y la primera persona trans en incorporarse al Instituto Balseiro.<\/p>\n\n\n\n<p class=\"wp-block-paragraph\">\u201cYo nunca hab\u00eda pensado en hacer la transici\u00f3n de g\u00e9nero. Como la ingenier\u00eda mec\u00e1nica es un \u00e1rea que todav\u00eda est\u00e1 muy dominada por varones, me parec\u00eda imposible poder hacerlo. Pero en un momento no pude m\u00e1s\u201d cuenta Fran.<\/p>\n\n\n\n<p class=\"wp-block-paragraph\">Criada en Belo Horizonte, nunca dud\u00f3 de su vocaci\u00f3n. Estudi\u00f3 Ingenier\u00eda Mec\u00e1nica. Logr\u00f3 la Maestr\u00eda, el Doctorado y el Post Doc.<\/p>\n\n\n\n<p class=\"wp-block-paragraph\">En medio de todo esto conoci\u00f3 Bariloche y en 2016 se vino a investigar a nuestro pa\u00eds. Aqu\u00ed decidi\u00f3 pasar por la cirug\u00eda de reasignaci\u00f3n de g\u00e9nero y obtener su documento con la identidad autopercibida. Ten\u00eda 39 a\u00f1os y dej\u00f3 de lado el teatro en el que viv\u00eda.<\/p>\n\n\n\n<p class=\"wp-block-paragraph\">\u201cMe sorprendi\u00f3 mucho ser la primera que pidi\u00f3 el cambio, despu\u00e9s de ocho a\u00f1os de la Ley de Identidad de G\u00e9nero\u201d declara y agrega \u201cTuve buenas sorpresas, como me pas\u00f3 en el CONICET. La manera en la que se manej\u00f3 la parte administrativa fue un ejemplo de c\u00f3mo deber\u00edan funcionar las instituciones de Argentina \u2013asegura-. Di la noticia cuando ten\u00eda fecha de la cirug\u00eda, porque ten\u00eda que tramitar la licencia m\u00e9dica para operarme, y no tuve ning\u00fan tipo de problema. Despu\u00e9s, cuando fui a presentar mi nuevo DNI, tambi\u00e9n: todo fue sin cuestionamientos ni barreras, inmediato, como corresponde. Fue espectacular\u201d.<\/p>\n\n\n\n<p class=\"wp-block-paragraph\">Pero tambi\u00e9n cuenta que alguna gente que la conoci\u00f3 antes, todav\u00eda no acepta que ella no quiera vivir m\u00e1s en la hipocres\u00eda.<\/p>\n\n\n\n<p class=\"wp-block-paragraph\">Durante la pandemia tuvo que soportar que en una cl\u00ednica de la ciudad la llamaran por su nombre anterior. Acostumbrada a la lucha no tard\u00f3 en hacer saber la situaci\u00f3n. Por ella y por otres. La cl\u00ednica termin\u00f3 pidiendo perd\u00f3n por la escena. \u201cYo ten\u00eda una carga muy grande por no ser aut\u00e9ntica. Eso ya est\u00e1\u201d, dice. \u201cPresentarme y vivir como realmente soy, tener el reconocimiento de mi identidad de g\u00e9nero autopercibida, es muy importante, me da much\u00edsima calidad de vida, me hace sentir mucho mejor. Aunque sigue siendo una lucha constante el tema de que algunas personas lo tomen en serio, respeten y cumplan el marco legal\u201d.<\/p>\n\n\n\n<p class=\"wp-block-paragraph\">En relaci\u00f3n a su trabajo actual en el Centro At\u00f3mico Bariloche, explica que se dedica al estudio de materiales. \u201cLa ingenier\u00eda de los materiales est\u00e1 en todas las \u00e1reas de la vida cotidiana: en la ropa que usamos, en los materiales que se usan en salud, dentro del cuerpo humano, en pr\u00f3tesis, hasta en los autos y los aviones. Quienes nos dedicamos a esto podemos ayudar en distintos desarrollos que tienen impacto en la vida cotidiana\u201d, explica Bubani. \u201cEn mi caso particular, estudio e intento predecir c\u00f3mo se van a comportar los materiales en un proceso de fabricaci\u00f3n o en una m\u00e1quina como puede ser un avi\u00f3n, o un auto. Es algo que permite garantizar que una pieza va a ser segura\u201d. Tambi\u00e9n se\u00f1ala que el ambiente cient\u00edfico es Patriarcal y Machista y que a su entender tendr\u00e1n que pasar varias generaciones antes de terminar con este tipo de discriminaci\u00f3n. A veces las historias tienen un final feliz. Fran Bubani le encontr\u00f3 la vuelta.-<\/p>\n","protected":false},"excerpt":{"rendered":"<p>Fran Bubani es la primera investigadora trans del Conicet. Tecn\u00f3loga, cient\u00edfica del Centro At\u00f3mico de Bariloche, Fran rompe los moldes&#46;&#46;&#46;<\/p>\n","protected":false},"author":1,"featured_media":527,"comment_status":"open","ping_status":"open","sticky":false,"template":"","format":"standard","meta":{"footnotes":""},"categories":[38],"tags":[],"class_list":["post-525","post","type-post","status-publish","format-standard","has-post-thumbnail","hentry","category-sociedad-y-politica"],"_links":{"self":[{"href":"https:\/\/patriaproductiva.net\/blog\/wp-json\/wp\/v2\/posts\/525","targetHints":{"allow":["GET"]}}],"collection":[{"href":"https:\/\/patriaproductiva.net\/blog\/wp-json\/wp\/v2\/posts"}],"about":[{"href":"https:\/\/patriaproductiva.net\/blog\/wp-json\/wp\/v2\/types\/post"}],"author":[{"embeddable":true,"href":"https:\/\/patriaproductiva.net\/blog\/wp-json\/wp\/v2\/users\/1"}],"replies":[{"embeddable":true,"href":"https:\/\/patriaproductiva.net\/blog\/wp-json\/wp\/v2\/comments?post=525"}],"version-history":[{"count":1,"href":"https:\/\/patriaproductiva.net\/blog\/wp-json\/wp\/v2\/posts\/525\/revisions"}],"predecessor-version":[{"id":528,"href":"https:\/\/patriaproductiva.net\/blog\/wp-json\/wp\/v2\/posts\/525\/revisions\/528"}],"wp:featuredmedia":[{"embeddable":true,"href":"https:\/\/patriaproductiva.net\/blog\/wp-json\/wp\/v2\/media\/527"}],"wp:attachment":[{"href":"https:\/\/patriaproductiva.net\/blog\/wp-json\/wp\/v2\/media?parent=525"}],"wp:term":[{"taxonomy":"category","embeddable":true,"href":"https:\/\/patriaproductiva.net\/blog\/wp-json\/wp\/v2\/categories?post=525"},{"taxonomy":"post_tag","embeddable":true,"href":"https:\/\/patriaproductiva.net\/blog\/wp-json\/wp\/v2\/tags?post=525"}],"curies":[{"name":"wp","href":"https:\/\/api.w.org\/{rel}","templated":true}]}}