{"id":615,"date":"2022-01-11T12:11:29","date_gmt":"2022-01-11T15:11:29","guid":{"rendered":"https:\/\/patriaproductiva.net\/blog\/?p=615"},"modified":"2022-01-11T12:11:31","modified_gmt":"2022-01-11T15:11:31","slug":"cual-es-el-sentido-de-la-inteligencia-artificial","status":"publish","type":"post","link":"https:\/\/patriaproductiva.net\/blog\/cual-es-el-sentido-de-la-inteligencia-artificial\/","title":{"rendered":"\u00bfCu\u00e1l es el sentido de la inteligencia artificial?"},"content":{"rendered":"\n<p class=\"wp-block-paragraph\">En tiempos de Big Data, el an\u00e1lisis de la informaci\u00f3n se ha transformado en una de las herramientas fundamentales para la toma de decisiones, tanto en \u00e1mbitos p\u00fablicos como privados. En ese contexto, donde el poder transformador de la inteligencia artificial puede convertirse en usina de oportunidades o amenaza de exclusi\u00f3n, la educaci\u00f3n cumple un rol fundamental a la hora de resignificar los nuevos desarrollos digitales y determinar c\u00f3mo interactuamos frente ellos. Hoy, m\u00e1s que nunca, la tecnolog\u00eda est\u00e1 disponible, pero el gran desaf\u00edo es c\u00f3mo y para qu\u00e9 vamos a utilizarla.<\/p>\n\n\n\n<p class=\"wp-block-paragraph\">Por Roberto Olivieri*<\/p>\n\n\n\n<div class=\"wp-block-image\"><figure class=\"aligncenter size-full\"><img fetchpriority=\"high\" decoding=\"async\" width=\"950\" height=\"534\" src=\"https:\/\/patriaproductiva.net\/blog\/wp-content\/uploads\/2022\/01\/intelignencia-artificail-796657.webp\" alt=\"\" class=\"wp-image-616\"\/><\/figure><\/div>\n\n\n\n<p class=\"wp-block-paragraph\">La tecnolog\u00eda contin\u00faa avanzando y cada vez se pueden observar con m\u00e1s claridad los alcances de las transformaciones que provoca en los h\u00e1bitos culturales y sociales de las personas, tanto en lo que respecta a los modos de acceder a la informaci\u00f3n y a las industrias culturales como a las formas de intercambios comerciales y de servicios.<\/p>\n\n\n\n<p class=\"wp-block-paragraph\">En ese contexto, donde la innovaci\u00f3n no se detiene, cada una de nuestras acciones alimenta una gran memoria digital que utiliza esa informaci\u00f3n para anticipar nuevas conductas. El Big Data -o macrodatos- es un t\u00e9rmino que hace referencia a una cantidad de informaci\u00f3n tal que supera la capacidad del software convencional para ser capturada, administrada y procesada en un tiempo razonable.<\/p>\n\n\n\n<p class=\"wp-block-paragraph\">Esta informaci\u00f3n crece constantemente. Seg\u00fan las estimaciones que pueden encontrarse en la red el l\u00edmite superior de procesamiento ha ido creciendo a lo largo de los a\u00f1os. Se estima que el mundo almacen\u00f3 unos 5 zettabytes (1000 millones de terabytes) en 2014, la mitad de todo el \u201cpeso\u201d de internet para estos d\u00edas que ya supera los 10 zettabyte (la dimensi\u00f3n de este volumen si se pone esta informaci\u00f3n en libros, convirtiendo las im\u00e1genes a su equivalente en letras, se podr\u00eda hacer 4500 pilas de libros que lleguen hasta el sol). Esa es la energ\u00eda de la que se alimenta la inteligencia artificial, que se ha convertido en la gran protagonista de la revoluci\u00f3n digital dada su capacidad para replicar las cualidades de la inteligencia humana.<\/p>\n\n\n\n<p class=\"wp-block-paragraph\">Indudablemente, la AI, as\u00ed conocida por sus siglas en ingl\u00e9s (artificial intelligence), desempe\u00f1a un papel esencial en nuestra vida cotidiana y tiene un enorme potencial para nuestra sociedad. Sin embargo, su poder transformador trae consigo desaf\u00edos importantes, que van desde la generaci\u00f3n de nuevas oportunidades en el acceso a la informaci\u00f3n y mejoras en los procesos de toma de decisiones hasta el riesgo de reproducir desigualdades o exclusiones en las b\u00fasquedas de empleo.<\/p>\n\n\n\n<p class=\"wp-block-paragraph\">As\u00ed, la inteligencia artificial es una herramienta que puede resultar sumamente provechosa para solucionar diferentes problem\u00e1ticas sociales y avanzar en saldar viejas y nuevas demandas, pero al mismo tiempo puede constituirse en una gran amenaza. Hoy, la tecnolog\u00eda est\u00e1 disponible, pero el gran desaf\u00edo es c\u00f3mo y para qu\u00e9 vamos a utilizarla.<\/p>\n\n\n\n<p class=\"wp-block-paragraph\"><strong>TECNOLOG\u00cdAS<\/strong> <strong>PARA LA IGUALDAD<\/strong><\/p>\n\n\n\n<p class=\"wp-block-paragraph\">La reflexi\u00f3n sobre los fines de la tecnolog\u00eda se encuentra cada vez m\u00e1s presente como tema de debate en el \u00e1mbito acad\u00e9mico. Semanas atr\u00e1s, la Fundaci\u00f3n Foro del Sur organiz\u00f3 la charla \u201cMujeres en la econom\u00eda digital\u201d en el marco de \u201cLas Argentinas Trabajamos\u201d, iniciativa de la que particip\u00f3 Renata \u00c1vila, abogada guatemalteca especializada en la intersecci\u00f3n de los derechos humanos con la tecnolog\u00eda.&nbsp;<\/p>\n\n\n\n<p class=\"wp-block-paragraph\">\u201cNuestro desaf\u00edo es c\u00f3mo superamos la desigualdad en la era de los algoritmos\u201d, profundiz\u00f3 \u00c1vila al ser consultada por el suplemento Educaci\u00f3n con motivo de su visita al pa\u00eds. Claro, es que suele decirse que la tecnolog\u00eda es el gran igualador de g\u00e9nero porque es neutral. \u00bfPero es esto cierto? La incorporaci\u00f3n de la tecnolog\u00eda a los procesos productivos trae evidentes consecuencias en los trabajadores en general, \u00bfpero impacta de igual manera en las mujeres? \u00bfQu\u00e9 les espera a las trabajadoras en la era del Big Data y los algoritmos?<\/p>\n\n\n\n<p class=\"wp-block-paragraph\">\u201cHay un mont\u00f3n de mecanismos de decisi\u00f3n automatizados, dise\u00f1ados por gente, pero que act\u00faan independiente de los humanos. Entonces, en lugar de tener personas leyendo curriculum se tiene un sistema que busca por ellos, ahorrando tiempo y dinero, con par\u00e1metros que pueden ser, por ejemplo, \u2018hombres o mujeres que no tengan hijos\u2019, porque no quiero que falten al trabajo. Eso es ilegal (&#8230;). Ya desde la oferta laboral se pueden tener sesgos, podemos pedir a la empresa de sistemas, por ejemplo, que no le muestre nuestros avisos laborales a mujeres \u2018pa\u00f1uelos verdes\u2019. Pero esto se puede dar vuelta. Queremos que la tecnolog\u00eda vuelva a ser nuestra, para defender los avances sociales que tuvimos\u201d, advirti\u00f3 la especialista.&nbsp;<\/p>\n\n\n\n<p class=\"wp-block-paragraph\">Esta idea de apropiaci\u00f3n de la tecnolog\u00eda es, sin duda, uno de los grandes desaf\u00edos de la educaci\u00f3n hoy. C\u00f3mo entender el comportamiento humano a trav\u00e9s de los datos y c\u00f3mo usar esos datos de una manera positiva para la sociedad, son parte de las reflexiones que demanda la actualidad.<\/p>\n\n\n\n<p class=\"wp-block-paragraph\">\u201cEsa es la nueva formaci\u00f3n digital que deben tener los chicos y las chicas, no dejemos que los eduquen los gigantes tecnol\u00f3gicos sobre c\u00f3mo debe ser su percepci\u00f3n de la tecnolog\u00eda. Eso no es suficiente. Hemos pasado de una d\u00e9cada intensa, la del 2000, donde \u00e9ramos creadores de tecnolog\u00eda, de periodismo ciudadano y de Wikipedia, a ser una d\u00e9cada haragana, pasiva y de consumo, moviendo un dedo y alimentando los sistemas de inteligencia artificial\u201d, afirm\u00f3 \u00c1vila.<\/p>\n\n\n\n<p class=\"wp-block-paragraph\"><strong>\u201c<\/strong><strong>Hemos pasado de una d<\/strong><strong>\u00e9<\/strong><strong>cada intensa, la del 2000, donde&nbsp;<\/strong><strong>\u00e9<\/strong><strong>ramos creadores de tecnolog\u00eda, de periodismo ciudadano y de Wikipedia, a ser una d<\/strong><strong>\u00e9cada haragana, pasiva y de consumo, moviendo un dedo y alimentando los sistemas de inteligencia artificial\u201d.&nbsp;<\/strong>Renata \u00c1vila.<\/p>\n\n\n\n<p class=\"wp-block-paragraph\"><strong>EL APORTE DE LAS B\u00daSQUEDAS<\/strong><\/p>\n\n\n\n<p class=\"wp-block-paragraph\">Para acompa\u00f1ar el desarrollo tecnol\u00f3gico y generar una ciudadan\u00eda cr\u00edtica que pueda comprender la instalaci\u00f3n de estos fen\u00f3menos en nuestra vida cotidiana, la educaci\u00f3n superior fue testigo de una serie de reflexiones en torno al v\u00ednculo de la inteligencia artificial con la filosof\u00eda y la pol\u00edtica.<\/p>\n\n\n\n<p class=\"wp-block-paragraph\">Invitado por la Federaci\u00f3n de Docentes de las Universidades (FEDUN), el cientista de datos y economista norteamericano Seth Stephens Davidowitz visit\u00f3 nuestro pa\u00eds recientemente para brindar una serie de charlas en la Universidad de Buenos Aires (UBA), la Universidad Nacional de San Mart\u00edn (UNSAM) y el XIII Congreso en Econom\u00eda y Gesti\u00f3n ECON 2019.&nbsp; Sus exposiciones buscaron acercar este reciente campo de estudio a docentes e investigadores de las universidades p\u00fablicas argentinas.<\/p>\n\n\n\n<p class=\"wp-block-paragraph\">El economista, que tambi\u00e9n obtuvo un m\u00e1ster en Filosof\u00eda en la Universidad de Stanford, se dedica al an\u00e1lisis cr\u00edtico de datos. Tras su paso por Google, donde hizo aportes en el desarrollo de Google Trends, se aboc\u00f3 al estudio de la conducta de los usuarios de Google y sus b\u00fasquedas, que fueron volcadas en Todo el mundo miente, libro que plantea que, en privado, la gente es mucho m\u00e1s sincera que en sus manifestaciones p\u00fablicas.<\/p>\n\n\n\n<p class=\"wp-block-paragraph\">Pero las b\u00fasquedas de los usuarios quedan en un registro que las vuelve p\u00fablicas -en el mejor de los casos, an\u00f3nimas-, visibles y tentadoras para todo aquel que sepa c\u00f3mo verlas y para qu\u00e9 usarlas. En efecto, a trav\u00e9s de b\u00fasquedas de Google se obtienen nuevos conocimientos que permiten medir socialmente cuestiones como el racismo, el aborto, el abuso infantil, la preferencia sexual, la ansiedad, entre muchos otros temas.<\/p>\n\n\n\n<p class=\"wp-block-paragraph\">En este sentido, Davidowitz explic\u00f3 que, al combinar encuestas tradicionales con datos de los usuarios en internet, se pueden realizar importantes predicciones sobre el comportamiento humano. Bajo la premisa de que \u201ctodos mienten\u201d, el especialista norteamericano sostiene que las personas no suelen ser honestas sobre sus pensamientos y sus acciones, pero en la intimidad de su hogar, computadora en mano, suelen realizar b\u00fasquedas que permiten ubicar a Google como una fuente de esa informaci\u00f3n. Internet se torna as\u00ed en una herramienta m\u00e1s transparente que las respuestas que se dan en encuestas o grupos focales.<\/p>\n\n\n\n<p class=\"wp-block-paragraph\">\u201cHemos detectado, luego de las investigaciones, que la gente suele mentir en la mayor\u00eda de sus interacciones pero que, por alg\u00fan motivo, tiende a ser muy honesta con Google. Tal vez esto tiene que ver con que las personas se sienten c\u00f3modas y buscan lo que realmente les interesa, desean y piensan\u201d, explic\u00f3 el especialista.<\/p>\n\n\n\n<p class=\"wp-block-paragraph\">Otro punto sobre el que profundiz\u00f3 Davidowitz gir\u00f3 en torno a c\u00f3mo la sociedad puede apropiarse de estos datos de forma positiva, corri\u00e9ndose del uso que realizan las corporaciones, para hacer importantes aportes al bien com\u00fan. Al respecto, puso como ejemplo el tema de la salud y se refiri\u00f3 a una investigaci\u00f3n en desarrollo vinculada al c\u00e1ncer de p\u00e1ncreas, en la que se hizo una pesquisa de las b\u00fasquedas en Google de pacientes que sufr\u00edan esta enfermedad. Una vez establecidos estos patrones de b\u00fasqueda, se sintetiz\u00f3 la informaci\u00f3n para saber qu\u00e9 s\u00edntomas buscaban. Esta informaci\u00f3n usada correctamente \u201cpuede ser sumamente importante para realizar diagn\u00f3sticos prematuros\u201d, dijo.<\/p>\n\n\n\n<p class=\"wp-block-paragraph\">Pero tambi\u00e9n expres\u00f3 que existe un gran debate y un enorme desaf\u00edo a\u00fan sobre este tema, y enfatiz\u00f3 en que debe crearse todo un aparato de legislaciones claras e instancias gubernamentales que se encarguen de dirigir y controlar el uso de los datos.<\/p>\n\n\n\n<p class=\"wp-block-paragraph\"><strong>\u201cLa gente suele mentir en la mayor\u00eda de sus interacciones, pero, por alg\u00fan motivo, tiende a ser muy honesta con Google. Tal vez esto tiene que ver con que las personas se sienten c\u00f3modas y buscan lo que realmente les interesa, desean y piensan\u201d.&nbsp;<\/strong>Seth Stephens Davidowitz.<\/p>\n\n\n\n<p class=\"wp-block-paragraph\"><strong>TECNOLOG\u00cdA Y PODER<\/strong><\/p>\n\n\n\n<p class=\"wp-block-paragraph\">\u201cLa tecnolog\u00eda es pol\u00edtica y la tecnolog\u00eda no est\u00e1 aislada de esta disputa por el poder\u201d. Con esta frase, Renata \u00c1vila ilustra de manera taxativa el rol de la tecnolog\u00eda en las sociedades actuales.&nbsp; Tal como destacamos anteriormente, la especialista guatemalteca plantea tambi\u00e9n un desaf\u00edo en relaci\u00f3n a pensar el uso de la inteligencia artificial en el marco de una estrategia nacional superior que la contenga.<\/p>\n\n\n\n<p class=\"wp-block-paragraph\">\u201cNo estamos desarrollando la tecnolog\u00eda que la gente necesita y no estamos dando las oportunidades que nuestros sectores necesitan para desarrollarse. Tenemos que desarrollar una estrategia de innovaci\u00f3n social digital, una estrategia de inteligencia artificial nacional que debe incluir un cap\u00edtulo sobre esto, con presupuesto, con medidas espec\u00edficas y con modelos de cooperaci\u00f3n\u201d, expres\u00f3.<\/p>\n\n\n\n<p class=\"wp-block-paragraph\">El trabajo de expertos en la materia, como es el caso de las reflexiones de \u00c1vila o Davidowitz, puede leerse en una clave interesante de cara al futuro: la tecnolog\u00eda tiene el potencial de mejorar la vida de todos los habitantes de la tierra, pero debemos buscar la forma de que esta premisa no quede solo en buenas intenciones o, peor a\u00fan, se limite a reproducir las desigualdades hist\u00f3ricas y preexistentes.<\/p>\n\n\n\n<p class=\"wp-block-paragraph\">Este es, sin duda, uno de los retos m\u00e1s importantes del presente, y la universidad puede contribuir a comprender los alcances de los avances tecnol\u00f3gicos y realizar la tarea de resignificarlos con el objetivo de lograr que se conviertan en mecanismos de inclusi\u00f3n y no de exclusi\u00f3n, en herramientas que brinden m\u00e1s oportunidades en lugar de generar selecci\u00f3n y m\u00e1s desigualdad.<\/p>\n\n\n\n<p class=\"wp-block-paragraph\"><em>*Docente UBA<\/em><br>** Nota original publicada en Perfil el 27-10-2019.<\/p>\n","protected":false},"excerpt":{"rendered":"<p>En tiempos de Big Data, el an\u00e1lisis de la informaci\u00f3n se ha transformado en una de las herramientas fundamentales para&#46;&#46;&#46;<\/p>\n","protected":false},"author":1,"featured_media":616,"comment_status":"open","ping_status":"open","sticky":false,"template":"","format":"standard","meta":{"footnotes":""},"categories":[38],"tags":[],"class_list":["post-615","post","type-post","status-publish","format-standard","has-post-thumbnail","hentry","category-sociedad-y-politica"],"_links":{"self":[{"href":"https:\/\/patriaproductiva.net\/blog\/wp-json\/wp\/v2\/posts\/615","targetHints":{"allow":["GET"]}}],"collection":[{"href":"https:\/\/patriaproductiva.net\/blog\/wp-json\/wp\/v2\/posts"}],"about":[{"href":"https:\/\/patriaproductiva.net\/blog\/wp-json\/wp\/v2\/types\/post"}],"author":[{"embeddable":true,"href":"https:\/\/patriaproductiva.net\/blog\/wp-json\/wp\/v2\/users\/1"}],"replies":[{"embeddable":true,"href":"https:\/\/patriaproductiva.net\/blog\/wp-json\/wp\/v2\/comments?post=615"}],"version-history":[{"count":2,"href":"https:\/\/patriaproductiva.net\/blog\/wp-json\/wp\/v2\/posts\/615\/revisions"}],"predecessor-version":[{"id":618,"href":"https:\/\/patriaproductiva.net\/blog\/wp-json\/wp\/v2\/posts\/615\/revisions\/618"}],"wp:featuredmedia":[{"embeddable":true,"href":"https:\/\/patriaproductiva.net\/blog\/wp-json\/wp\/v2\/media\/616"}],"wp:attachment":[{"href":"https:\/\/patriaproductiva.net\/blog\/wp-json\/wp\/v2\/media?parent=615"}],"wp:term":[{"taxonomy":"category","embeddable":true,"href":"https:\/\/patriaproductiva.net\/blog\/wp-json\/wp\/v2\/categories?post=615"},{"taxonomy":"post_tag","embeddable":true,"href":"https:\/\/patriaproductiva.net\/blog\/wp-json\/wp\/v2\/tags?post=615"}],"curies":[{"name":"wp","href":"https:\/\/api.w.org\/{rel}","templated":true}]}}