{"id":694,"date":"2022-04-21T11:34:46","date_gmt":"2022-04-21T14:34:46","guid":{"rendered":"https:\/\/patriaproductiva.net\/blog\/?p=694"},"modified":"2022-05-25T13:06:39","modified_gmt":"2022-05-25T16:06:39","slug":"tiempo-de-utopias","status":"publish","type":"post","link":"https:\/\/patriaproductiva.net\/blog\/tiempo-de-utopias\/","title":{"rendered":"Tiempo de Utop\u00edas"},"content":{"rendered":"\n<figure class=\"wp-block-image size-large\"><img fetchpriority=\"high\" decoding=\"async\" width=\"1024\" height=\"576\" src=\"https:\/\/patriaproductiva.net\/blog\/wp-content\/uploads\/2022\/04\/FONDO-PARA-TV-PATRIA-PRODUCTIVA-1024x576.jpg\" alt=\"\" class=\"wp-image-695\" srcset=\"https:\/\/patriaproductiva.net\/blog\/wp-content\/uploads\/2022\/04\/FONDO-PARA-TV-PATRIA-PRODUCTIVA-1024x576.jpg 1024w, https:\/\/patriaproductiva.net\/blog\/wp-content\/uploads\/2022\/04\/FONDO-PARA-TV-PATRIA-PRODUCTIVA-300x169.jpg 300w, https:\/\/patriaproductiva.net\/blog\/wp-content\/uploads\/2022\/04\/FONDO-PARA-TV-PATRIA-PRODUCTIVA-768x432.jpg 768w, https:\/\/patriaproductiva.net\/blog\/wp-content\/uploads\/2022\/04\/FONDO-PARA-TV-PATRIA-PRODUCTIVA-1536x864.jpg 1536w, https:\/\/patriaproductiva.net\/blog\/wp-content\/uploads\/2022\/04\/FONDO-PARA-TV-PATRIA-PRODUCTIVA-2048x1152.jpg 2048w, https:\/\/patriaproductiva.net\/blog\/wp-content\/uploads\/2022\/04\/FONDO-PARA-TV-PATRIA-PRODUCTIVA-600x338.jpg 600w\" sizes=\"(max-width: 1024px) 100vw, 1024px\" \/><\/figure>\n\n\n\n<p class=\"wp-block-paragraph\">La Comisi\u00f3n de Desarrollo Productivo del Instituto Patria lanza la Revista Patria Productiva.<\/p>\n\n\n\n<p class=\"wp-block-paragraph\">&#8220;Nace la revista Patria Productiva, dedicada a nuestros militantes, a los militantes de las distintas organizaciones o partidos nacionales y populares y a todos aquellos que comprendan que la Patria es el Otro, todos los que compartan nuestro sue\u00f1o de una Patria Libre, Justa y Soberana&#8221;.<\/p>\n\n\n\n<p class=\"wp-block-paragraph\">Con esta premisa se presenta la nueva revista digital Patria Productiva producida por la Comisi\u00f3n de Desarrollo Productivo del Instituto Patria y que tendr\u00e1 su lanzamiento este viernes 22 de abril, a las 18, en la sede de Rodriguez Pe\u00f1a 80 (tambi\u00e9n se podr\u00e1 seguir en vivo a trav\u00e9s de <strong>ZOOM<\/strong> y del <a rel=\"noreferrer noopener\" href=\"https:\/\/www.facebook.com\/PatriaProductiva-113660987000376\" data-type=\"URL\" data-id=\"https:\/\/www.facebook.com\/PatriaProductiva-113660987000376\" target=\"_blank\"><strong>Facebook de la Comisi\u00f3n<\/strong><\/a>.).<\/p>\n\n\n\n<p class=\"wp-block-paragraph\">&#8220;La publicaci\u00f3n, -dirigida por la Ingeniera <strong>Diana Guill\u00e9n<\/strong>-, tiene como objetivo crear una nueva herramienta de divulgaci\u00f3n, debate y formaci\u00f3n&#8221;, expresan desde la Coordinaci\u00f3n de la Comisi\u00f3n.<\/p>\n\n\n\n<p class=\"wp-block-paragraph\">Vale destacar que el contenido de Patria Productiva es el resultado del trabajo que se viene llevando adelante desde la Comisi\u00f3n de Desarrollo Productivo, a trav\u00e9s de la creaci\u00f3n de distintos foros de intercambio y debate con la participaci\u00f3n de compa\u00f1eras y compa\u00f1eros de todo el pa\u00eds ( _Foro de Integraci\u00f3n Productiva, Industria y Miner\u00eda, Alimentos, Diversidad, mujeres, g\u00e9nero, etnias y pueblos originarios por la Patria Productiva, Agroforestal y Pesquero, Agropymes y Cultivos Alternativos_ ).<\/p>\n\n\n\n<p class=\"wp-block-paragraph\">&#8220;Siempre con la misi\u00f3n fundamental de abordar los temas donde consideramos oportuno intervenir desde la generaci\u00f3n de ideas y la puesta en com\u00fan, contribuyendo a la producci\u00f3n colectiva de conocimiento que pueda servir para propiciar el debate en todo el territorio nacional&#8221;, enfatizaron desde la coordinaci\u00f3n.<\/p>\n\n\n\n<p class=\"has-large-font-size wp-block-paragraph\"><em><strong><a href=\"https:\/\/patriaproductiva.net\/blog\/wp-content\/uploads\/2022\/04\/PATRIA-PRODUCTIVA-N%C2%B00.pdf\" data-type=\"URL\" data-id=\"https:\/\/patriaproductiva.net\/blog\/wp-content\/uploads\/2022\/04\/PATRIA-PRODUCTIVA-N%C2%B00.pdf\">Descargar el n\u00famero cero de Patria Productiva.<\/a><\/strong><\/em><\/p>\n\n\n\n<p class=\"wp-block-paragraph\"><\/p>\n","protected":false},"excerpt":{"rendered":"<p>Nace la revista Patria Productiva, dedicada a nuestros militantes, a los militantes de las distintas organizaciones o partidos nacionales y populares y a todos aquellos que comprendan que la Patria es el Otro, todos los que compartan nuestro sue\u00f1o de una Patria Libre, Justa y Soberana<\/p>\n","protected":false},"author":1,"featured_media":695,"comment_status":"open","ping_status":"open","sticky":false,"template":"","format":"standard","meta":{"footnotes":""},"categories":[1],"tags":[],"class_list":["post-694","post","type-post","status-publish","format-standard","has-post-thumbnail","hentry","category-sin-categoria"],"_links":{"self":[{"href":"https:\/\/patriaproductiva.net\/blog\/wp-json\/wp\/v2\/posts\/694","targetHints":{"allow":["GET"]}}],"collection":[{"href":"https:\/\/patriaproductiva.net\/blog\/wp-json\/wp\/v2\/posts"}],"about":[{"href":"https:\/\/patriaproductiva.net\/blog\/wp-json\/wp\/v2\/types\/post"}],"author":[{"embeddable":true,"href":"https:\/\/patriaproductiva.net\/blog\/wp-json\/wp\/v2\/users\/1"}],"replies":[{"embeddable":true,"href":"https:\/\/patriaproductiva.net\/blog\/wp-json\/wp\/v2\/comments?post=694"}],"version-history":[{"count":4,"href":"https:\/\/patriaproductiva.net\/blog\/wp-json\/wp\/v2\/posts\/694\/revisions"}],"predecessor-version":[{"id":702,"href":"https:\/\/patriaproductiva.net\/blog\/wp-json\/wp\/v2\/posts\/694\/revisions\/702"}],"wp:featuredmedia":[{"embeddable":true,"href":"https:\/\/patriaproductiva.net\/blog\/wp-json\/wp\/v2\/media\/695"}],"wp:attachment":[{"href":"https:\/\/patriaproductiva.net\/blog\/wp-json\/wp\/v2\/media?parent=694"}],"wp:term":[{"taxonomy":"category","embeddable":true,"href":"https:\/\/patriaproductiva.net\/blog\/wp-json\/wp\/v2\/categories?post=694"},{"taxonomy":"post_tag","embeddable":true,"href":"https:\/\/patriaproductiva.net\/blog\/wp-json\/wp\/v2\/tags?post=694"}],"curies":[{"name":"wp","href":"https:\/\/api.w.org\/{rel}","templated":true}]}}