{"id":787,"date":"2022-05-25T13:20:46","date_gmt":"2022-05-25T16:20:46","guid":{"rendered":"https:\/\/patriaproductiva.net\/blog\/?p=787"},"modified":"2022-05-25T13:25:48","modified_gmt":"2022-05-25T16:25:48","slug":"banderas-en-tu-corazon","status":"publish","type":"post","link":"https:\/\/patriaproductiva.net\/blog\/banderas-en-tu-corazon\/","title":{"rendered":"\u201cBanderas en tu coraz\u00f3n\u201d"},"content":{"rendered":"\n<p class=\"wp-block-paragraph\">Discurso de Marcelo Molina compa\u00f1ero montonero fallecido 1955-2021<\/p>\n\n\n\n<figure class=\"wp-block-image size-large\"><img fetchpriority=\"high\" decoding=\"async\" width=\"1024\" height=\"663\" src=\"https:\/\/patriaproductiva.net\/blog\/wp-content\/uploads\/2022\/05\/41d4665cb15fe9a6ae05aa617e799bfe-1-1024x663.jpg\" alt=\"\" class=\"wp-image-788\" srcset=\"https:\/\/patriaproductiva.net\/blog\/wp-content\/uploads\/2022\/05\/41d4665cb15fe9a6ae05aa617e799bfe-1-1024x663.jpg 1024w, https:\/\/patriaproductiva.net\/blog\/wp-content\/uploads\/2022\/05\/41d4665cb15fe9a6ae05aa617e799bfe-1-300x194.jpg 300w, https:\/\/patriaproductiva.net\/blog\/wp-content\/uploads\/2022\/05\/41d4665cb15fe9a6ae05aa617e799bfe-1-768x497.jpg 768w, https:\/\/patriaproductiva.net\/blog\/wp-content\/uploads\/2022\/05\/41d4665cb15fe9a6ae05aa617e799bfe-1-1536x995.jpg 1536w, https:\/\/patriaproductiva.net\/blog\/wp-content\/uploads\/2022\/05\/41d4665cb15fe9a6ae05aa617e799bfe-1-600x389.jpg 600w, https:\/\/patriaproductiva.net\/blog\/wp-content\/uploads\/2022\/05\/41d4665cb15fe9a6ae05aa617e799bfe-1.jpg 1600w\" sizes=\"(max-width: 1024px) 100vw, 1024px\" \/><\/figure>\n\n\n\n<p class=\"wp-block-paragraph\">Estamos en las v\u00edsperas del Veinticinco de Mayo. Momento hist\u00f3rico recordado por muchos que alentamos la pasi\u00f3n de continuar siendo argentinos. Pero esta pr\u00f3xima conmemoraci\u00f3n se agranda por que se cumplir\u00e1n doscientos cinco a\u00f1os desde aquel primer Veinticinco.<\/p>\n\n\n\n<p class=\"wp-block-paragraph\"><br>No comentar\u00e9 de las an\u00e9cdotas de aquel Veinticinco: de las mazamorreras, ni de los paraguas, ni siquiera de las \u2018escarapelas blanquicelestes\u2019 de French y Beruti, que no fueron tales, ni de la pintura de Blanes que nos muestra, como en una foto familiar armoniosa, a los integrantes de aquella Primer Junta. No.<\/p>\n\n\n\n<p class=\"wp-block-paragraph\"><br>Hablar\u00e9 de los intereses en pugna de esos hombres y mujeres y de los dos proyectos pol\u00edticos para organizar al pa\u00eds que surgieron entonces, y que a\u00fan perduran. Porque, amigos, no pod\u00eda haber armon\u00eda, aunque el cuadro y la historia mitrista as\u00ed lo fantasearan, entre un proyecto transformador, revolucionario, nacional, inclusivo, como el que sostuvieran Mariano Moreno, Belgrano, Monteagudo, Castelli, respetuosos de los sectores m\u00e1s humillados y uno conservador, excluyente, regional como el de Cornelio Saavedra, Alvear, Rivadavia, aliados al capital ingl\u00e9s. Ambos proyectos pretendieron darle forma al nuevo pa\u00eds. Las batallas a los realistas las ganaron los revolucionarios, los conservadores acabaron con Mariano Moreno y s\u00f3lo la influencia de San Mart\u00edn permiti\u00f3 que el Congreso de Tucum\u00e1n declarara la Independencia que ya hab\u00eda adelantado Don Jos\u00e9 de Artigas.<\/p>\n\n\n\n<p class=\"wp-block-paragraph\"><br>Luchas pol\u00edticas sin tregua con h\u00e9roes ocultados y \u2018pr\u00f3ceres\u2019 inflados para explicar lo que puede parecer inexplicable: per\u00edodos de la Argentina empobrecida, envilecida.<\/p>\n\n\n\n<p class=\"wp-block-paragraph\"><br>Fueron las dictaduras las manifestaciones m\u00e1s claras del proyecto conservador y el mismo proyecto se meti\u00f3 en la democracia malvendiendo riquezas acumuladas durante d\u00e9cadas, ampliando la corrupci\u00f3n como forma pol\u00edtica con el acuerdo de tantos\u2026La secuela: la marginalidad, el empobrecimiento, la \u2018inseguridad\u2019 el fruto natural de a\u00f1os de injusticia, el resultado de los sectores conservadores.<\/p>\n\n\n\n<p class=\"wp-block-paragraph\"><br>El conservador, hoy, no necesita de los milicos: se organiza en fuerza pol\u00edtica y mediante la televisi\u00f3n, radios y diarios machacan su mensaje mentiroso de desesperanza y olvido, de una vida superficial y oscura con una \u00fanica meta para las mayor\u00edas: sobrevivir rumiando resentimientos y que ni siquiera reconozcan a un gobierno que los protege y hace prosperar.<\/p>\n\n\n\n<p class=\"wp-block-paragraph\"><br>Tantos a\u00f1os desde la dictadura y males de la democracia mal entendida nos han dejado reales patolog\u00edas culturales: apat\u00eda, mediocridad, desconfianza, utilitarismo, descompromiso, rencores que se manifiestan en odio y deseos de venganza al boleo, que son dirigidos.<\/p>\n\n\n\n<p class=\"wp-block-paragraph\"><br>Es falso y de una candidez rayana en la m\u00e1s profunda ignorancia creer que la culpa la tienen \u00a1los pol\u00edticos! La cantinela que les perpetr\u00f3 la dictadura. En todo caso la culpa la tenemos todos: algunos por no haber hallado la mejor manera pol\u00edtica para hacer un pa\u00eds mejor y muchos, muchos, muchos por haber mirado para otro lado, por no ocuparse, por dejarle las manos libres a los peores, a los que para obtener, conservar y mantener sus privilegios entintaron de sangre popular una y otra vez nuestra historia.<\/p>\n\n\n\n<p class=\"wp-block-paragraph\"><br>En todo este tiempo la Argentina ha estado en proceso de construcci\u00f3n y destrucci\u00f3n. \u00a1Qu\u00e9 a nadie esto parezca extra\u00f1o! Los proyectos en pugna est\u00e1n, tambi\u00e9n hoy, en acci\u00f3n: el pa\u00eds sojero y agroexportador con poblaci\u00f3n escasa y salud y educaci\u00f3n privadas, receloso de sus vecinos y el pa\u00eds industrialista, que tiene al ser humano educado, sano, con perspectivas de un futuro posible, sin pagar por esto, que busca reconstruir la Patria Grande de San Mart\u00edn, Artigas, Bol\u00edvar desarrollando la industria, la ciencia propia y el arte nacionales.<\/p>\n\n\n\n<p class=\"wp-block-paragraph\"><br>\u00a1Hacer pol\u00edtica! \u00a1Meterse hasta el cuello en las cosas del pa\u00eds! \u00a1No estarse sentado esperando que las soluciones caigan del cielo, criticando! \u00a1Involucrarse, ser partes!<\/p>\n\n\n\n<p class=\"wp-block-paragraph\"><br>\u00a1Ponernos \u201cBanderas en el coraz\u00f3n\u201d como dice la canci\u00f3n de los Redondos! Enamorarse de la \u2018novia olvidada\u2019 como llamara Leopoldo Marechal a la Patria.<\/p>\n\n\n\n<p class=\"wp-block-paragraph\"><br>As\u00ed, entonces, ya los argentinos ocupados en sus reales asuntos, comprometidos, dignos, \u00a1Qu\u00e9 bueno ser\u00e1 festejar el Veinticinco de Mayo con todo su anecdotario! porque las escenas de la mazamorrera y los paraguas, que muchos recuerdan como \u00fanico testimonio patri\u00f3tico de sus vidas, estar\u00e1n en el lugarcito que les corresponde: s\u00f3lo una an\u00e9cdota graciosa \u00a1Viva la Patria!<\/p>\n","protected":false},"excerpt":{"rendered":"<p>Discurso de Marcelo Molina compa\u00f1ero montonero fallecido 1955-2021<\/p>\n","protected":false},"author":1,"featured_media":788,"comment_status":"open","ping_status":"open","sticky":false,"template":"","format":"standard","meta":{"footnotes":""},"categories":[38],"tags":[115,114],"class_list":["post-787","post","type-post","status-publish","format-standard","has-post-thumbnail","hentry","category-sociedad-y-politica","tag-momento-historico","tag-veinticinco-de-mayo"],"_links":{"self":[{"href":"https:\/\/patriaproductiva.net\/blog\/wp-json\/wp\/v2\/posts\/787","targetHints":{"allow":["GET"]}}],"collection":[{"href":"https:\/\/patriaproductiva.net\/blog\/wp-json\/wp\/v2\/posts"}],"about":[{"href":"https:\/\/patriaproductiva.net\/blog\/wp-json\/wp\/v2\/types\/post"}],"author":[{"embeddable":true,"href":"https:\/\/patriaproductiva.net\/blog\/wp-json\/wp\/v2\/users\/1"}],"replies":[{"embeddable":true,"href":"https:\/\/patriaproductiva.net\/blog\/wp-json\/wp\/v2\/comments?post=787"}],"version-history":[{"count":2,"href":"https:\/\/patriaproductiva.net\/blog\/wp-json\/wp\/v2\/posts\/787\/revisions"}],"predecessor-version":[{"id":790,"href":"https:\/\/patriaproductiva.net\/blog\/wp-json\/wp\/v2\/posts\/787\/revisions\/790"}],"wp:featuredmedia":[{"embeddable":true,"href":"https:\/\/patriaproductiva.net\/blog\/wp-json\/wp\/v2\/media\/788"}],"wp:attachment":[{"href":"https:\/\/patriaproductiva.net\/blog\/wp-json\/wp\/v2\/media?parent=787"}],"wp:term":[{"taxonomy":"category","embeddable":true,"href":"https:\/\/patriaproductiva.net\/blog\/wp-json\/wp\/v2\/categories?post=787"},{"taxonomy":"post_tag","embeddable":true,"href":"https:\/\/patriaproductiva.net\/blog\/wp-json\/wp\/v2\/tags?post=787"}],"curies":[{"name":"wp","href":"https:\/\/api.w.org\/{rel}","templated":true}]}}