{"id":834,"date":"2023-06-26T11:18:54","date_gmt":"2023-06-26T14:18:54","guid":{"rendered":"https:\/\/patriaproductiva.net\/blog\/?p=834"},"modified":"2023-06-26T11:34:29","modified_gmt":"2023-06-26T14:34:29","slug":"todo-precio-es-politico","status":"publish","type":"post","link":"https:\/\/patriaproductiva.net\/blog\/todo-precio-es-politico\/","title":{"rendered":"Todo precio es pol\u00edtico"},"content":{"rendered":"\n<p class=\"wp-block-paragraph\"><em>_Desde la Comisi\u00f3n Patria Productiva se dio inicio al ciclo de charlas &#8220;Todo precio es pol\u00edtico&#8221; con &#8220;Al pan pan&#8221;; un analisis de la Cadena de Cereales y Oleaginosas argentinas, a cargo de Mar\u00eda Rizzo y Mat\u00edas Strasorier del Centro de Estudios Agrarios (CEA)._<\/em><\/p>\n\n\n\n<figure class=\"wp-block-image size-large is-resized\"><img fetchpriority=\"high\" decoding=\"async\" src=\"https:\/\/patriaproductiva.net\/blog\/wp-content\/uploads\/2023\/06\/WhatsApp-Image-2023-06-23-at-3.55.51-PM-1024x683.jpeg\" alt=\"\" class=\"wp-image-836\" width=\"768\" height=\"512\" srcset=\"https:\/\/patriaproductiva.net\/blog\/wp-content\/uploads\/2023\/06\/WhatsApp-Image-2023-06-23-at-3.55.51-PM-1024x683.jpeg 1024w, https:\/\/patriaproductiva.net\/blog\/wp-content\/uploads\/2023\/06\/WhatsApp-Image-2023-06-23-at-3.55.51-PM-300x200.jpeg 300w, https:\/\/patriaproductiva.net\/blog\/wp-content\/uploads\/2023\/06\/WhatsApp-Image-2023-06-23-at-3.55.51-PM-768x512.jpeg 768w, https:\/\/patriaproductiva.net\/blog\/wp-content\/uploads\/2023\/06\/WhatsApp-Image-2023-06-23-at-3.55.51-PM-1536x1024.jpeg 1536w, https:\/\/patriaproductiva.net\/blog\/wp-content\/uploads\/2023\/06\/WhatsApp-Image-2023-06-23-at-3.55.51-PM-600x400.jpeg 600w, https:\/\/patriaproductiva.net\/blog\/wp-content\/uploads\/2023\/06\/WhatsApp-Image-2023-06-23-at-3.55.51-PM.jpeg 1599w\" sizes=\"(max-width: 768px) 100vw, 768px\" \/><\/figure>\n\n\n\n<p class=\"wp-block-paragraph\"><\/p>\n\n\n\n<p class=\"wp-block-paragraph\">Con participaci\u00f3n presencial en la sede del Instituto y transmisi\u00f3n simult\u00e1nea a trav\u00e9s de la plataforma virtual Zoom, la Comisi\u00f3n Patria Productiva inaugur\u00f3 ayer el ciclo de charlas \u201cTodo precio es pol\u00edtico\u201d, con un an\u00e1lisis de la cadena de cereales y oleaginosas argentinas bajo el t\u00edtulo \u201cAl pan pan\u201d, a cargo de los especialistas del Centro de Estudios Agrarios (CEA), Mar\u00eda Rizzo y Mat\u00edas Strasorier.<\/p>\n\n\n\n<p class=\"wp-block-paragraph\">El conversatorio estuvo coordinado por la Coordinadora de la Comisi\u00f3n, Diana Guill\u00e9n quien agradeci\u00f3 la participaci\u00f3n y el trabajo conjunto con el CEA y destac\u00f3: \u201ciniciamos un ciclo de charlas que tiene que ver con un mandato muy claro que tenemos desde nuestro espacio pol\u00edtico y es que debemos aportar informaci\u00f3n para que la ciudadan\u00eda conozca quienes son los formadores de precios y como se presiona sobre la inflaci\u00f3n\u201d.<\/p>\n\n\n\n<figure class=\"wp-block-image size-large is-resized\"><img decoding=\"async\" src=\"https:\/\/patriaproductiva.net\/blog\/wp-content\/uploads\/2023\/06\/WhatsApp-Image-2023-06-23-at-3.56.22-PM-1024x683.jpeg\" alt=\"\" class=\"wp-image-835\" width=\"768\" height=\"512\" srcset=\"https:\/\/patriaproductiva.net\/blog\/wp-content\/uploads\/2023\/06\/WhatsApp-Image-2023-06-23-at-3.56.22-PM-1024x683.jpeg 1024w, https:\/\/patriaproductiva.net\/blog\/wp-content\/uploads\/2023\/06\/WhatsApp-Image-2023-06-23-at-3.56.22-PM-300x200.jpeg 300w, https:\/\/patriaproductiva.net\/blog\/wp-content\/uploads\/2023\/06\/WhatsApp-Image-2023-06-23-at-3.56.22-PM-768x512.jpeg 768w, https:\/\/patriaproductiva.net\/blog\/wp-content\/uploads\/2023\/06\/WhatsApp-Image-2023-06-23-at-3.56.22-PM-1536x1024.jpeg 1536w, https:\/\/patriaproductiva.net\/blog\/wp-content\/uploads\/2023\/06\/WhatsApp-Image-2023-06-23-at-3.56.22-PM-600x400.jpeg 600w, https:\/\/patriaproductiva.net\/blog\/wp-content\/uploads\/2023\/06\/WhatsApp-Image-2023-06-23-at-3.56.22-PM.jpeg 1599w\" sizes=\"(max-width: 768px) 100vw, 768px\" \/><\/figure>\n\n\n\n<p class=\"wp-block-paragraph\"><\/p>\n\n\n\n<p class=\"wp-block-paragraph\">\u201cEstamos profundamente convencidos que en la Argentina los precios no los marca el mercado sino las posiciones oligop\u00f3licas, y es por eso que nos propusimos estas cinco charlas bajo el t\u00edtulo Todo precio es pol\u00edtico y que hoy se inicia con el an\u00e1lisis de la cadena granaria\u201d, concluy\u00f3 al presentar a los expositores.<\/p>\n\n\n\n<p class=\"wp-block-paragraph\"><\/p>\n\n\n\n<p class=\"wp-block-paragraph\"><strong>Al pan, pan<\/strong><\/p>\n\n\n\n<p class=\"wp-block-paragraph\">Durante su exposici\u00f3n, Rizzo y Strasorier llevaron adelante un minucioso estudio poniendo de relieve los n\u00fameros a partir de los cuales se van desencadenando conceptos y reflexiones en torno a la conformaci\u00f3n de los precios en el pa\u00eds. \u201cNuestra Argentina se ha disputado entre la patria primarizada y la patria productiva desarrollada. Producimos&nbsp;casi 150 millones de toneladas de cereales y oleaginosas\u201d, explican.<\/p>\n\n\n\n<figure class=\"wp-block-image size-large is-resized\"><img decoding=\"async\" src=\"https:\/\/patriaproductiva.net\/blog\/wp-content\/uploads\/2023\/06\/WhatsApp-Image-2023-06-23-at-3.56.22-PM2-1024x683.jpeg\" alt=\"\" class=\"wp-image-837\" width=\"768\" height=\"512\" srcset=\"https:\/\/patriaproductiva.net\/blog\/wp-content\/uploads\/2023\/06\/WhatsApp-Image-2023-06-23-at-3.56.22-PM2-1024x683.jpeg 1024w, https:\/\/patriaproductiva.net\/blog\/wp-content\/uploads\/2023\/06\/WhatsApp-Image-2023-06-23-at-3.56.22-PM2-300x200.jpeg 300w, https:\/\/patriaproductiva.net\/blog\/wp-content\/uploads\/2023\/06\/WhatsApp-Image-2023-06-23-at-3.56.22-PM2-768x512.jpeg 768w, https:\/\/patriaproductiva.net\/blog\/wp-content\/uploads\/2023\/06\/WhatsApp-Image-2023-06-23-at-3.56.22-PM2-1536x1024.jpeg 1536w, https:\/\/patriaproductiva.net\/blog\/wp-content\/uploads\/2023\/06\/WhatsApp-Image-2023-06-23-at-3.56.22-PM2-600x400.jpeg 600w, https:\/\/patriaproductiva.net\/blog\/wp-content\/uploads\/2023\/06\/WhatsApp-Image-2023-06-23-at-3.56.22-PM2.jpeg 1599w\" sizes=\"(max-width: 768px) 100vw, 768px\" \/><\/figure>\n\n\n\n<p class=\"wp-block-paragraph\"><\/p>\n\n\n\n<p class=\"wp-block-paragraph\">\u201c\u00bfPor qu\u00e9 todo precio es pol\u00edtico? Empez\u00e1s a escarbar, y encontr\u00e1s qu\u00e9 pasa, por qu\u00e9 aumentan los precios, d\u00f3nde est\u00e1 la disputa pol\u00edtica\u201d \u2013contin\u00faan al repasar las g\u00f3ndolas de un supermercado o las estanter\u00edas de los comercios barriales. \u201cPor ejemplo, el 87% de la comercializaci\u00f3n de la molienda de harina para pan, la manejan 3 empresas:. En la molienda de harina para fideos, el 92% se concentra en 4 empresas y en la industria de los fideos, el 81% est\u00e1 en manos de 5 empresas, pero solo una maneja el 38%\u201d, se\u00f1alan.<\/p>\n\n\n\n<p class=\"wp-block-paragraph\"><\/p>\n\n\n\n<p class=\"wp-block-paragraph\">Mientras la disertaci\u00f3n avanza sobre los datos se refuerza la idea de la importancia que tiene conocer la realidad concreta: \u201cExportamos 14 millones y medio de toneladas de trigo la campa\u00f1a pasada 2021\/2022. Encima, por la guerra entre la OTAN (Organizaci\u00f3n del Tratado del Atl\u00e1ntico Norte por sus siglas en ingl\u00e9s) con Rusia, nos gener\u00f3 que suba el precio internacional. Ahora, \u00bfqu\u00e9 paso en la mesa de los argentinos?\u201d.<\/p>\n\n\n\n<figure class=\"wp-block-image size-large is-resized\"><img loading=\"lazy\" decoding=\"async\" src=\"https:\/\/patriaproductiva.net\/blog\/wp-content\/uploads\/2023\/06\/WhatsApp-Image-2023-06-23-at-3.56.23-PM-1024x682.jpeg\" alt=\"\" class=\"wp-image-838\" width=\"768\" height=\"512\" srcset=\"https:\/\/patriaproductiva.net\/blog\/wp-content\/uploads\/2023\/06\/WhatsApp-Image-2023-06-23-at-3.56.23-PM-1024x682.jpeg 1024w, https:\/\/patriaproductiva.net\/blog\/wp-content\/uploads\/2023\/06\/WhatsApp-Image-2023-06-23-at-3.56.23-PM-300x200.jpeg 300w, https:\/\/patriaproductiva.net\/blog\/wp-content\/uploads\/2023\/06\/WhatsApp-Image-2023-06-23-at-3.56.23-PM-768x512.jpeg 768w, https:\/\/patriaproductiva.net\/blog\/wp-content\/uploads\/2023\/06\/WhatsApp-Image-2023-06-23-at-3.56.23-PM-600x400.jpeg 600w, https:\/\/patriaproductiva.net\/blog\/wp-content\/uploads\/2023\/06\/WhatsApp-Image-2023-06-23-at-3.56.23-PM.jpeg 1280w\" sizes=\"(max-width: 768px) 100vw, 768px\" \/><\/figure>\n\n\n\n<p class=\"wp-block-paragraph\"> <\/p>\n\n\n\n<p class=\"wp-block-paragraph\">\u201cSi los precios internacionales del trigo fueron tan favorables, y con lo que cosechamos \u00bfc\u00f3mo puede ser que los fideos aumenten el 102%?\u201d, fueron algunas de las preguntas que dejaron pensando al auditorio.<\/p>\n\n\n\n<p class=\"wp-block-paragraph\"><\/p>\n\n\n\n<p class=\"wp-block-paragraph\">Los encuentros, organizados de manera conjunta con el CEA y que tendr\u00e1n lugar los jueves a las 18 hasta el 20 de julio, adem\u00e1s del cap\u00edtulo dedicado a los cereales y oleaginosas realizado ayer, abordar\u00e1n la concentraci\u00f3n en las cadenas de prote\u00edna animal (Las vaquitas son ajenas, 29 de junio); la econom\u00eda bimonetaria y su impacto (D\u00f3lar influencer en el campo, 6 de julio); la pelea por la cuenca del plata (Obligados por la vuelta, 13 de julio); y Construyendo un nuevo modelo agroalimentario (20 de julio).<\/p>\n\n\n\n<p class=\"wp-block-paragraph\"><\/p>\n\n\n\n<figure class=\"wp-block-embed is-type-video is-provider-youtube wp-block-embed-youtube wp-embed-aspect-16-9 wp-has-aspect-ratio\"><div class=\"wp-block-embed__wrapper\">\n<div class=\"video-container\"><iframe title=\"CICLO DE CHARLAS \u00abTODO PRECIO ES POL\u00cdTICO\u00bb\" width=\"500\" height=\"281\" src=\"https:\/\/www.youtube.com\/embed\/PPl-C7y5_yo?feature=oembed&#038;wmode=opaque\" frameborder=\"0\" allow=\"accelerometer; autoplay; clipboard-write; encrypted-media; gyroscope; picture-in-picture; web-share\" referrerpolicy=\"strict-origin-when-cross-origin\" allowfullscreen><\/iframe><\/div>\n<\/div><\/figure>\n\n\n\n<hr class=\"wp-block-separator has-alpha-channel-opacity\"\/>\n\n\n\n<p class=\"wp-block-paragraph\"><strong>Pr\u00f3ximo jueves misma hora mismo lugar<\/strong><\/p>\n\n\n\n<p class=\"wp-block-paragraph\">El pr\u00f3ximo jueves 29, a las 18, el ciclo continuar\u00e1 con la charla &nbsp;<strong>\u00abLas vaquitas son ajenas\u00bb<\/strong>, destinado al abordaje de la concentraci\u00f3n en las cadenas de prote\u00edna animal \u00bfd\u00f3nde? en la sede del instituto, Rodr\u00edguez Pe\u00f1a 80, CABA.<\/p>\n\n\n\n<p class=\"wp-block-paragraph\">En la oportunidad contaremos con la presencia del Med. Vet. <strong>Laureano Sosa<\/strong> y el Dr.&nbsp;<strong>Mat\u00edas Strasorier&nbsp;<\/strong> del CEA (Centro de Estudios Agrarios) con la coordinaci\u00f3n de&nbsp;<strong>Diana Guill\u00e9n<\/strong>.<\/p>\n\n\n\n<p class=\"wp-block-paragraph\">La charla de desarrollar\u00e1 de manera presencial y virtual, es gratuita y para informes enviar un correo a:<\/p>\n\n\n\n<p class=\"wp-block-paragraph\"><a href=\"mailto:patriaproductiva.net@gmail.com\">p<strong>atriaproductiva.net@gmail.com<\/strong><\/a><\/p>\n","protected":false},"excerpt":{"rendered":"<p>_Desde la Comisi\u00f3n Patria Productiva se dio inicio al ciclo de charlas &#8220;Todo precio es pol\u00edtico&#8221; con &#8220;Al pan pan&#8221;;&#46;&#46;&#46;<\/p>\n","protected":false},"author":1,"featured_media":839,"comment_status":"open","ping_status":"open","sticky":false,"template":"","format":"standard","meta":{"footnotes":""},"categories":[8,39,107,44,67],"tags":[66,74,93,94,89,48],"class_list":["post-834","post","type-post","status-publish","format-standard","has-post-thumbnail","hentry","category-agroindustria","category-aparato-productivo","category-ganaderia","category-produccion","category-soberania-y-desarrollo","tag-desarrollo","tag-desarrollo-productivo","tag-inflacion","tag-pobreza","tag-sectores-en-disputa","tag-sustentabilidad"],"_links":{"self":[{"href":"https:\/\/patriaproductiva.net\/blog\/wp-json\/wp\/v2\/posts\/834","targetHints":{"allow":["GET"]}}],"collection":[{"href":"https:\/\/patriaproductiva.net\/blog\/wp-json\/wp\/v2\/posts"}],"about":[{"href":"https:\/\/patriaproductiva.net\/blog\/wp-json\/wp\/v2\/types\/post"}],"author":[{"embeddable":true,"href":"https:\/\/patriaproductiva.net\/blog\/wp-json\/wp\/v2\/users\/1"}],"replies":[{"embeddable":true,"href":"https:\/\/patriaproductiva.net\/blog\/wp-json\/wp\/v2\/comments?post=834"}],"version-history":[{"count":6,"href":"https:\/\/patriaproductiva.net\/blog\/wp-json\/wp\/v2\/posts\/834\/revisions"}],"predecessor-version":[{"id":847,"href":"https:\/\/patriaproductiva.net\/blog\/wp-json\/wp\/v2\/posts\/834\/revisions\/847"}],"wp:featuredmedia":[{"embeddable":true,"href":"https:\/\/patriaproductiva.net\/blog\/wp-json\/wp\/v2\/media\/839"}],"wp:attachment":[{"href":"https:\/\/patriaproductiva.net\/blog\/wp-json\/wp\/v2\/media?parent=834"}],"wp:term":[{"taxonomy":"category","embeddable":true,"href":"https:\/\/patriaproductiva.net\/blog\/wp-json\/wp\/v2\/categories?post=834"},{"taxonomy":"post_tag","embeddable":true,"href":"https:\/\/patriaproductiva.net\/blog\/wp-json\/wp\/v2\/tags?post=834"}],"curies":[{"name":"wp","href":"https:\/\/api.w.org\/{rel}","templated":true}]}}