{"id":864,"date":"2023-07-10T14:54:28","date_gmt":"2023-07-10T17:54:28","guid":{"rendered":"https:\/\/patriaproductiva.net\/blog\/?p=864"},"modified":"2023-07-10T14:54:30","modified_gmt":"2023-07-10T17:54:30","slug":"la-economia-bimonetaria-y-la-importancia-estrategica-de-profundizar-un-modelo-basado-en-el-desarrollo-productivo","status":"publish","type":"post","link":"https:\/\/patriaproductiva.net\/blog\/la-economia-bimonetaria-y-la-importancia-estrategica-de-profundizar-un-modelo-basado-en-el-desarrollo-productivo\/","title":{"rendered":"La econom\u00eda bimonetaria y la importancia estrat\u00e9gica de profundizar un modelo basado en el desarrollo productivo"},"content":{"rendered":"\n<p class=\"wp-block-paragraph\"><em><strong>En un nuevo encuentro organizado por la Comisi\u00f3n de Desarrollo Productivo en el marco del ciclo de charlas &#8220;Todo precio es pol\u00edtico&#8221;, Diana Guill\u00e9n y Mat\u00edas Strasorier del Centro de Estudios Agrarios (CEA analizaron el proceso hist\u00f3rico de endeudamiento externo profundizado por la \u00faltima dictadura militar y sus consecuencias en la econom\u00eda actual.<\/strong><\/em><\/p>\n\n\n\n<figure class=\"wp-block-image size-large is-resized\"><img fetchpriority=\"high\" decoding=\"async\" src=\"https:\/\/patriaproductiva.net\/blog\/wp-content\/uploads\/2023\/07\/WhatsApp-Image-2023-07-10-at-9.59.01-AM-1024x682.jpeg\" alt=\"\" class=\"wp-image-865\" width=\"768\" height=\"512\" srcset=\"https:\/\/patriaproductiva.net\/blog\/wp-content\/uploads\/2023\/07\/WhatsApp-Image-2023-07-10-at-9.59.01-AM-1024x682.jpeg 1024w, https:\/\/patriaproductiva.net\/blog\/wp-content\/uploads\/2023\/07\/WhatsApp-Image-2023-07-10-at-9.59.01-AM-300x200.jpeg 300w, https:\/\/patriaproductiva.net\/blog\/wp-content\/uploads\/2023\/07\/WhatsApp-Image-2023-07-10-at-9.59.01-AM-768x512.jpeg 768w, https:\/\/patriaproductiva.net\/blog\/wp-content\/uploads\/2023\/07\/WhatsApp-Image-2023-07-10-at-9.59.01-AM-600x400.jpeg 600w, https:\/\/patriaproductiva.net\/blog\/wp-content\/uploads\/2023\/07\/WhatsApp-Image-2023-07-10-at-9.59.01-AM.jpeg 1280w\" sizes=\"(max-width: 768px) 100vw, 768px\" \/><\/figure>\n\n\n\n<p class=\"wp-block-paragraph\"><\/p>\n\n\n\n<p class=\"wp-block-paragraph\">Luego de realizar un an\u00e1lisis pormenorizado de la concentraci\u00f3n de las cadenas granarias y de la carne, y sus consecuencias en la formaci\u00f3n de los precios de los alimentos, el recorrido propuesto a trav\u00e9s del ciclo de charlas \u201cTodo precio es pol\u00edtico\u201d, organizado por la Comisi\u00f3n de Desarrollo Productivo, lleg\u00f3 a su tercer estaci\u00f3n para abordar los alcances de la econom\u00eda bimonetaria y su impacto en nuestra vida cotidiana.<\/p>\n\n\n\n<p class=\"wp-block-paragraph\"> Nuevamente con asistencia presencial en la sede del Instituto y transmisi\u00f3n simult\u00e1nea, la coordinadora de la Comisi\u00f3n, Diana Guill\u00e9n y Mat\u00edas Strasorier, del Centro de Estudios Agrarios (CEA) convocaron a reflexionar sobre las implicancias que tiene el peso del d\u00f3lar en nuestra econom\u00eda, poniendo el \u00e9nfasis en las causas y ofreciendo una mirada alternativa para poder avanzar, definitivamente, en consolidar un modelo de pa\u00eds basado en el desarrollo productivo nacional.<\/p>\n\n\n\n<p class=\"wp-block-paragraph\">En la apertura del conversatorio, Strasorier, explic\u00f3 que para avanzar en el an\u00e1lisis es importante tomar como punto de partida la frase de Cristina Fern\u00e1ndez de Kirchner en una de sus \u00faltimas disertaciones realizada en la provincia del Chaco: \u201cEl principal problema que tiene la argentina es la econom\u00eda bimonetaria, la importancia del d\u00f3lar en forma total y absoluta en la formaci\u00f3n de precios&#8221;.<\/p>\n\n\n\n<figure class=\"wp-block-image size-large is-resized\"><img decoding=\"async\" src=\"https:\/\/patriaproductiva.net\/blog\/wp-content\/uploads\/2023\/07\/WhatsApp-Image-2023-07-10-at-9.59.00-AM1-1024x683.jpeg\" alt=\"\" class=\"wp-image-866\" width=\"768\" height=\"512\" srcset=\"https:\/\/patriaproductiva.net\/blog\/wp-content\/uploads\/2023\/07\/WhatsApp-Image-2023-07-10-at-9.59.00-AM1-1024x683.jpeg 1024w, https:\/\/patriaproductiva.net\/blog\/wp-content\/uploads\/2023\/07\/WhatsApp-Image-2023-07-10-at-9.59.00-AM1-300x200.jpeg 300w, https:\/\/patriaproductiva.net\/blog\/wp-content\/uploads\/2023\/07\/WhatsApp-Image-2023-07-10-at-9.59.00-AM1-768x512.jpeg 768w, https:\/\/patriaproductiva.net\/blog\/wp-content\/uploads\/2023\/07\/WhatsApp-Image-2023-07-10-at-9.59.00-AM1-1536x1024.jpeg 1536w, https:\/\/patriaproductiva.net\/blog\/wp-content\/uploads\/2023\/07\/WhatsApp-Image-2023-07-10-at-9.59.00-AM1-600x400.jpeg 600w, https:\/\/patriaproductiva.net\/blog\/wp-content\/uploads\/2023\/07\/WhatsApp-Image-2023-07-10-at-9.59.00-AM1.jpeg 1599w\" sizes=\"(max-width: 768px) 100vw, 768px\" \/><\/figure>\n\n\n\n<p class=\"wp-block-paragraph\"><\/p>\n\n\n\n<p class=\"wp-block-paragraph\">\u201cSe debe dar una discusi\u00f3n de todos los partidos porque todos se van a tropezar con el esquema de la econom\u00eda bimonteria, y ahora mucho m\u00e1s porque hay una deuda con el Fondo Monetario Internacional, con condicionamientos, que est\u00e1 exigiendo siempre devaluaci\u00f3n permanente por arriba del precio del \u00edndice de precios al consumidor y la tasa de inter\u00e9s por arriba de eso\u201d, hab\u00eda expresado con contundencia la vicepresidenta.<\/p>\n\n\n\n<p class=\"wp-block-paragraph\">\u201cEn esta direcci\u00f3n, -continu\u00f3 la coordinadora de la Comisi\u00f3n de Desarrollo Productivo-, para poder entender la influencia del d\u00f3lar en nuestra econom\u00eda cotidiana, consideramos necesario hacer un an\u00e1lisis hist\u00f3rico que tiene en la \u00faltima dictadura militar un punto de inflexi\u00f3n\u201d.<\/p>\n\n\n\n<p class=\"wp-block-paragraph\">\u201cPartimos de la imposici\u00f3n del neoliberalismo financiero en 1976 con la dictadura\u201d, expone con claridad el power point en pantalla poniendo el foco en c\u00f3mo el gobierno de facto profundiz\u00f3 el endeudamiento interno, a trav\u00e9s de la nacionalizaci\u00f3n de la deuda privada, y externa con el Fondo Monetario, gener\u00f3 un crecimiento del capital financiero, incrementando el desempleo, y provocando que la especulaci\u00f3n sea moneda corriente en nuestro pa\u00eds, entre otros indicadores.<\/p>\n\n\n\n<figure class=\"wp-block-image size-large is-resized\"><img decoding=\"async\" src=\"https:\/\/patriaproductiva.net\/blog\/wp-content\/uploads\/2023\/07\/WhatsApp-Image-2023-07-10-at-9.59.00-AM-1024x683.jpeg\" alt=\"\" class=\"wp-image-867\" width=\"768\" height=\"512\" srcset=\"https:\/\/patriaproductiva.net\/blog\/wp-content\/uploads\/2023\/07\/WhatsApp-Image-2023-07-10-at-9.59.00-AM-1024x683.jpeg 1024w, https:\/\/patriaproductiva.net\/blog\/wp-content\/uploads\/2023\/07\/WhatsApp-Image-2023-07-10-at-9.59.00-AM-300x200.jpeg 300w, https:\/\/patriaproductiva.net\/blog\/wp-content\/uploads\/2023\/07\/WhatsApp-Image-2023-07-10-at-9.59.00-AM-768x512.jpeg 768w, https:\/\/patriaproductiva.net\/blog\/wp-content\/uploads\/2023\/07\/WhatsApp-Image-2023-07-10-at-9.59.00-AM-1536x1024.jpeg 1536w, https:\/\/patriaproductiva.net\/blog\/wp-content\/uploads\/2023\/07\/WhatsApp-Image-2023-07-10-at-9.59.00-AM-600x400.jpeg 600w, https:\/\/patriaproductiva.net\/blog\/wp-content\/uploads\/2023\/07\/WhatsApp-Image-2023-07-10-at-9.59.00-AM.jpeg 1599w\" sizes=\"(max-width: 768px) 100vw, 768px\" \/><\/figure>\n\n\n\n<p class=\"wp-block-paragraph\"><\/p>\n\n\n\n<p class=\"wp-block-paragraph\"><strong>La influencia del d\u00f3lar<\/strong><\/p>\n\n\n\n<p class=\"wp-block-paragraph\">\u201cEl d\u00f3lar influencer es como denominamos al&nbsp;conjunto conformado por el d\u00f3lar ilegal \u2013 llamado \u201cd\u00f3lar blue\u201d-, junto al d\u00f3lar MEP&nbsp;(Mercado Electr\u00f3nico de Pagos) y al d\u00f3lar CCL&nbsp;(contado con liquidaci\u00f3n), ambas legales. Estas tres variantes de la moneda estadounidense ejercen influencia desde mecanismos especulativos sobre la econom\u00eda real de la Argentina. Es decir,&nbsp;impactan en la econom\u00eda cotidiana de los productores hasta los trabajadores, pasando por los empresarios PyMEs, cooperativas, peque\u00f1os comerciantes\u201d, explica Strasorier.<\/p>\n\n\n\n<p class=\"wp-block-paragraph\">El estudio contin\u00faa poniendo el foco en qu\u00e9 piensa, por ejemplo, un productor de soja, cuyos costos est\u00e1n dolarizados y su visi\u00f3n del problema tambi\u00e9n, aunque parad\u00f3jicamente, en la vida real no vea ni un d\u00f3lar. El productor observa la cotizaci\u00f3n de una tonelada (Tn) de soja en Chicago, por ejemplo, USD 540 la Tn \u2013 cotizaci\u00f3n al 24 de abril-, de los cuales descuenta los derechos de exportaci\u00f3n y otros grav\u00e1menes, alrededor de un 34%, es decir USD 183 por Tn, con lo cual su tonelada de soja en Argentina vale USD 357. \u201cToda la operaci\u00f3n se realiza en pesos argentinos ($), no en d\u00f3lares estadounidenses (USD), es decir que se tiene que realizar el cambio de moneda, y es aqu\u00ed donde empieza la influencia especulativa del \u201cd\u00f3lar influencer\u201d, enfatiza el m\u00e9dico veterinario del CEA.<\/p>\n\n\n\n<p class=\"wp-block-paragraph\">Es por ello que consideramos, que uando nuestra conductora Cristina Fernandez de Kirchner indica que se debe dar una discusi\u00f3n de todos los partidos porque todos se van a tropezar con el esquema de la econom\u00eda bimonteria, pone el foco en uno de nuestros principales problemas. Complejizado ahora mucho m\u00e1s porque hay una deuda con el Fondo Monetario Internacional, con condicionamientos, que est\u00e1 exigiendo siempre devaluaci\u00f3n permanente por arriba del precio del \u00edndice de precios al consumidor y la tasa de inter\u00e9s por arriba de eso, tal como dijo Cristina tambi\u00e9n en Chaco, y es lo que proponemos repensar cuando hablamos de los precios\u201d, expres\u00f3 Strasorier.<\/p>\n\n\n\n<figure class=\"wp-block-image size-large is-resized\"><img loading=\"lazy\" decoding=\"async\" src=\"https:\/\/patriaproductiva.net\/blog\/wp-content\/uploads\/2023\/07\/WhatsApp-Image-2023-07-10-at-9.59.01-AM2-1024x566.jpeg\" alt=\"\" class=\"wp-image-868\" width=\"768\" height=\"425\" srcset=\"https:\/\/patriaproductiva.net\/blog\/wp-content\/uploads\/2023\/07\/WhatsApp-Image-2023-07-10-at-9.59.01-AM2-1024x566.jpeg 1024w, https:\/\/patriaproductiva.net\/blog\/wp-content\/uploads\/2023\/07\/WhatsApp-Image-2023-07-10-at-9.59.01-AM2-300x166.jpeg 300w, https:\/\/patriaproductiva.net\/blog\/wp-content\/uploads\/2023\/07\/WhatsApp-Image-2023-07-10-at-9.59.01-AM2-768x424.jpeg 768w, https:\/\/patriaproductiva.net\/blog\/wp-content\/uploads\/2023\/07\/WhatsApp-Image-2023-07-10-at-9.59.01-AM2-600x331.jpeg 600w, https:\/\/patriaproductiva.net\/blog\/wp-content\/uploads\/2023\/07\/WhatsApp-Image-2023-07-10-at-9.59.01-AM2.jpeg 1280w\" sizes=\"(max-width: 768px) 100vw, 768px\" \/><\/figure>\n\n\n\n<p class=\"wp-block-paragraph\"><\/p>\n\n\n\n<p class=\"wp-block-paragraph\"><strong>Patria primarizada vs. Patria productiva<\/strong><\/p>\n\n\n\n<p class=\"wp-block-paragraph\">\u201cLo que est\u00e1 en juego es la discusi\u00f3n de dos modelos de pa\u00eds: o un modelo de patria primarizada y especulaci\u00f3n financiera sobre la base de la econom\u00eda bimonetaria o un modelo de patria productiva que genere divisas e ingresos que permita el desarrollo para el pa\u00eds y todos los argentinos\u201d, concluyeron Guill\u00e9n y Strasorier.<\/p>\n\n\n\n<p class=\"wp-block-paragraph\">Los encuentros del ciclo, organizados de manera conjunta con el CEA y que tienen lugar los jueves a las 18 hs hasta el 20 de julio, ya abordaron la concentraci\u00f3n en las cadenas granar\u00edas y de prote\u00edna animal y la econom\u00eda bimonetaria y su impacto (D\u00f3lar influencer en el campo, 6 de julio); y continuar\u00e1 con \u201cLa pelea por la Cuenca del Plata (Obligados por la vuelta, 13 de julio)\u201d; y \u201cConstruyendo un nuevo modelo agroalimentario (20 de julio)\u201d.<\/p>\n\n\n\n<figure class=\"wp-block-embed is-type-video is-provider-youtube wp-block-embed-youtube wp-embed-aspect-16-9 wp-has-aspect-ratio\"><div class=\"wp-block-embed__wrapper\">\n<div class=\"video-container\"><iframe title=\"Ciclo de charlas &quot;TODO PRECIO ES POL\u00cdTICO&quot;\" width=\"500\" height=\"281\" src=\"https:\/\/www.youtube.com\/embed\/wyWQfDTeLg4?feature=oembed&#038;wmode=opaque\" frameborder=\"0\" allow=\"accelerometer; autoplay; clipboard-write; encrypted-media; gyroscope; picture-in-picture; web-share\" referrerpolicy=\"strict-origin-when-cross-origin\" allowfullscreen><\/iframe><\/div>\n<\/div><\/figure>\n\n\n\n<p class=\"wp-block-paragraph\"><\/p>\n\n\n\n<p class=\"wp-block-paragraph\"><strong>Sobre la pr\u00f3xima charla<\/strong><\/p>\n\n\n\n<p class=\"wp-block-paragraph\">El pr\u00f3ximo jueves 13 de julio a las 18 hs, en la sede del Instituto Patria, ser\u00e1 el turno de la charla &#8220;Obligados por la vuelta. La pelea por la Cuenca del Plata&#8221;.<\/p>\n\n\n\n<p class=\"wp-block-paragraph\">En la oportunidad contaremos con la presencia del Dr. Mat\u00edas Strasorier, el Dr. Fernando Rizza (Centro de Estudios Agrarios &#8211; CEA) y la coordinaci\u00f3n de Diana Guill\u00e9n.<\/p>\n\n\n\n<p class=\"wp-block-paragraph\">La charla se desarrollar\u00e1 de manera presencial y virtual en forma gratuita.<\/p>\n\n\n\n<p class=\"wp-block-paragraph\">Para participar, enviar un correo a: patriaproductiva.net@gmail.com<\/p>\n","protected":false},"excerpt":{"rendered":"<p>En un nuevo encuentro organizado por la Comisi\u00f3n de Desarrollo Productivo en el marco del ciclo de charlas &#8220;Todo precio&#46;&#46;&#46;<\/p>\n","protected":false},"author":1,"featured_media":868,"comment_status":"open","ping_status":"open","sticky":false,"template":"","format":"standard","meta":{"footnotes":""},"categories":[8,39,44,67],"tags":[66,74,93,89],"class_list":["post-864","post","type-post","status-publish","format-standard","has-post-thumbnail","hentry","category-agroindustria","category-aparato-productivo","category-produccion","category-soberania-y-desarrollo","tag-desarrollo","tag-desarrollo-productivo","tag-inflacion","tag-sectores-en-disputa"],"_links":{"self":[{"href":"https:\/\/patriaproductiva.net\/blog\/wp-json\/wp\/v2\/posts\/864","targetHints":{"allow":["GET"]}}],"collection":[{"href":"https:\/\/patriaproductiva.net\/blog\/wp-json\/wp\/v2\/posts"}],"about":[{"href":"https:\/\/patriaproductiva.net\/blog\/wp-json\/wp\/v2\/types\/post"}],"author":[{"embeddable":true,"href":"https:\/\/patriaproductiva.net\/blog\/wp-json\/wp\/v2\/users\/1"}],"replies":[{"embeddable":true,"href":"https:\/\/patriaproductiva.net\/blog\/wp-json\/wp\/v2\/comments?post=864"}],"version-history":[{"count":1,"href":"https:\/\/patriaproductiva.net\/blog\/wp-json\/wp\/v2\/posts\/864\/revisions"}],"predecessor-version":[{"id":869,"href":"https:\/\/patriaproductiva.net\/blog\/wp-json\/wp\/v2\/posts\/864\/revisions\/869"}],"wp:featuredmedia":[{"embeddable":true,"href":"https:\/\/patriaproductiva.net\/blog\/wp-json\/wp\/v2\/media\/868"}],"wp:attachment":[{"href":"https:\/\/patriaproductiva.net\/blog\/wp-json\/wp\/v2\/media?parent=864"}],"wp:term":[{"taxonomy":"category","embeddable":true,"href":"https:\/\/patriaproductiva.net\/blog\/wp-json\/wp\/v2\/categories?post=864"},{"taxonomy":"post_tag","embeddable":true,"href":"https:\/\/patriaproductiva.net\/blog\/wp-json\/wp\/v2\/tags?post=864"}],"curies":[{"name":"wp","href":"https:\/\/api.w.org\/{rel}","templated":true}]}}