{"id":872,"date":"2023-08-08T13:36:06","date_gmt":"2023-08-08T16:36:06","guid":{"rendered":"https:\/\/patriaproductiva.net\/blog\/?p=872"},"modified":"2023-08-08T13:36:07","modified_gmt":"2023-08-08T16:36:07","slug":"nuevo-modelo-agroalimentario-y-la-discusion-de-los-programas-que-estan-en-disputa","status":"publish","type":"post","link":"https:\/\/patriaproductiva.net\/blog\/nuevo-modelo-agroalimentario-y-la-discusion-de-los-programas-que-estan-en-disputa\/","title":{"rendered":"Nuevo modelo agroalimentario y la discusi\u00f3n de los programas que est\u00e1n en disputa"},"content":{"rendered":"\n<p class=\"wp-block-paragraph\"><strong><em>Se realiz\u00f3 la \u00faltima charla del Ciclo: \u201cTodo precio es pol\u00edtico\u201d, organizado por la Comisi\u00f3n de Desarrollo Productivo.<\/em><\/strong><\/p>\n\n\n\n<figure class=\"wp-block-image size-large\"><img fetchpriority=\"high\" decoding=\"async\" width=\"1024\" height=\"682\" src=\"https:\/\/patriaproductiva.net\/blog\/wp-content\/uploads\/2023\/08\/WhatsApp-Image-2023-08-05-at-10.06.38-AM-1024x682.jpeg\" alt=\"\" class=\"wp-image-873\" srcset=\"https:\/\/patriaproductiva.net\/blog\/wp-content\/uploads\/2023\/08\/WhatsApp-Image-2023-08-05-at-10.06.38-AM-1024x682.jpeg 1024w, https:\/\/patriaproductiva.net\/blog\/wp-content\/uploads\/2023\/08\/WhatsApp-Image-2023-08-05-at-10.06.38-AM-300x200.jpeg 300w, https:\/\/patriaproductiva.net\/blog\/wp-content\/uploads\/2023\/08\/WhatsApp-Image-2023-08-05-at-10.06.38-AM-768x512.jpeg 768w, https:\/\/patriaproductiva.net\/blog\/wp-content\/uploads\/2023\/08\/WhatsApp-Image-2023-08-05-at-10.06.38-AM-600x400.jpeg 600w, https:\/\/patriaproductiva.net\/blog\/wp-content\/uploads\/2023\/08\/WhatsApp-Image-2023-08-05-at-10.06.38-AM.jpeg 1280w\" sizes=\"(max-width: 1024px) 100vw, 1024px\" \/><\/figure>\n\n\n\n<p class=\"wp-block-paragraph\">El ciclo de charlas \u201cTodo precio es pol\u00edtico\u201d, organizado por la Comisi\u00f3n de Desarrollo Productivo, lleg\u00f3 a su quinta y \u00faltima presentaci\u00f3n bajo el t\u00edtulo \u201cConstruyendo un nuevo modelo agroalimentario\u201d, a cargo de la presidenta de la Comisi\u00f3n, Diana Guill\u00e9n y de Mat\u00edas Strasorier del Centro de Estudios Agrarios (CEA).<\/p>\n\n\n\n<p class=\"wp-block-paragraph\">Con \u00e9nfasis en el desarrollo de la zona extrapampeana y en la necesidad de avanzar en producciones regionales, sustentables e inclusivas, el encuentro del \u00faltimo jueves tuvo el objetivo de exponer las oportunidades que tiene nuestro pa\u00eds de profundizar un nuevo modelo de producci\u00f3n agroalimentaria.<\/p>\n\n\n\n<figure class=\"wp-block-image size-large\"><img decoding=\"async\" width=\"1024\" height=\"682\" src=\"https:\/\/patriaproductiva.net\/blog\/wp-content\/uploads\/2023\/08\/WhatsApp-Image-2023-08-05-at-10.06.38-AM1-1024x682.jpeg\" alt=\"\" class=\"wp-image-874\" srcset=\"https:\/\/patriaproductiva.net\/blog\/wp-content\/uploads\/2023\/08\/WhatsApp-Image-2023-08-05-at-10.06.38-AM1-1024x682.jpeg 1024w, https:\/\/patriaproductiva.net\/blog\/wp-content\/uploads\/2023\/08\/WhatsApp-Image-2023-08-05-at-10.06.38-AM1-300x200.jpeg 300w, https:\/\/patriaproductiva.net\/blog\/wp-content\/uploads\/2023\/08\/WhatsApp-Image-2023-08-05-at-10.06.38-AM1-768x512.jpeg 768w, https:\/\/patriaproductiva.net\/blog\/wp-content\/uploads\/2023\/08\/WhatsApp-Image-2023-08-05-at-10.06.38-AM1-600x400.jpeg 600w, https:\/\/patriaproductiva.net\/blog\/wp-content\/uploads\/2023\/08\/WhatsApp-Image-2023-08-05-at-10.06.38-AM1.jpeg 1280w\" sizes=\"(max-width: 1024px) 100vw, 1024px\" \/><\/figure>\n\n\n\n<p class=\"wp-block-paragraph\">\u201cLa propuesta que nos planteamos desde la Comisi\u00f3n de Desarrollo Productivo, con este Ciclo que culmina hoy, es debatir sobre el modelo de producci\u00f3n agropecuaria en Argentina, que se fue desarrollando sobre una base muy fuerte en La Pampa h\u00fameda y de agricultura extensiva. Y nos propusimos hacernos preguntas y compartir propuestas que son las bases para encarar un nuevo modelo agroalimentario\u201d, manifest\u00f3 Guill\u00e9n en la apertura.<\/p>\n\n\n\n<p class=\"wp-block-paragraph\">En esta direcci\u00f3n, el quinto conversatorio se plante\u00f3 como disparador analizar al sector agroalimentario, actualmente el m\u00e1s importante sector econ\u00f3mico en cuanto a generador de divisas, como parte de los proyectos que est\u00e1n en disputa. \u201cQueremos discutir programas, y queremos discutirlos con datos\u201d, se\u00f1al\u00f3 Strasorier al introducir interrogantes como \u00bfCu\u00e1l es el plan para el agro en marco de un programa de pa\u00eds? \u00bfQu\u00e9 modelo agroalimentario necesita un programa de gobierno inclusivo, federal y nacional?<\/p>\n\n\n\n<figure class=\"wp-block-image size-large\"><img decoding=\"async\" width=\"1024\" height=\"682\" src=\"https:\/\/patriaproductiva.net\/blog\/wp-content\/uploads\/2023\/08\/WhatsApp-Image-2023-08-05-at-10.06.38-AM2-1024x682.jpeg\" alt=\"\" class=\"wp-image-875\" srcset=\"https:\/\/patriaproductiva.net\/blog\/wp-content\/uploads\/2023\/08\/WhatsApp-Image-2023-08-05-at-10.06.38-AM2-1024x682.jpeg 1024w, https:\/\/patriaproductiva.net\/blog\/wp-content\/uploads\/2023\/08\/WhatsApp-Image-2023-08-05-at-10.06.38-AM2-300x200.jpeg 300w, https:\/\/patriaproductiva.net\/blog\/wp-content\/uploads\/2023\/08\/WhatsApp-Image-2023-08-05-at-10.06.38-AM2-768x512.jpeg 768w, https:\/\/patriaproductiva.net\/blog\/wp-content\/uploads\/2023\/08\/WhatsApp-Image-2023-08-05-at-10.06.38-AM2-600x400.jpeg 600w, https:\/\/patriaproductiva.net\/blog\/wp-content\/uploads\/2023\/08\/WhatsApp-Image-2023-08-05-at-10.06.38-AM2.jpeg 1280w\" sizes=\"(max-width: 1024px) 100vw, 1024px\" \/><\/figure>\n\n\n\n<p class=\"wp-block-paragraph\">Entre las definiciones compartidas, Guill\u00e9n y Strasorier expusieron sobre la necesidad de desarrollar a las econom\u00edas regionales, de generar m\u00e1s valor agregado en origen, de acortar los canales de distribuci\u00f3n de alimentos, en beneficio tanto en los peque\u00f1os productores como de los consumidores, y de avanzar en producciones sustentables.<\/p>\n\n\n\n<figure class=\"wp-block-image size-large\"><img loading=\"lazy\" decoding=\"async\" width=\"1024\" height=\"682\" src=\"https:\/\/patriaproductiva.net\/blog\/wp-content\/uploads\/2023\/08\/WhatsApp-Image-2023-08-05-at-10.06.39-AM-1024x682.jpeg\" alt=\"\" class=\"wp-image-877\" srcset=\"https:\/\/patriaproductiva.net\/blog\/wp-content\/uploads\/2023\/08\/WhatsApp-Image-2023-08-05-at-10.06.39-AM-1024x682.jpeg 1024w, https:\/\/patriaproductiva.net\/blog\/wp-content\/uploads\/2023\/08\/WhatsApp-Image-2023-08-05-at-10.06.39-AM-300x200.jpeg 300w, https:\/\/patriaproductiva.net\/blog\/wp-content\/uploads\/2023\/08\/WhatsApp-Image-2023-08-05-at-10.06.39-AM-768x512.jpeg 768w, https:\/\/patriaproductiva.net\/blog\/wp-content\/uploads\/2023\/08\/WhatsApp-Image-2023-08-05-at-10.06.39-AM-600x400.jpeg 600w, https:\/\/patriaproductiva.net\/blog\/wp-content\/uploads\/2023\/08\/WhatsApp-Image-2023-08-05-at-10.06.39-AM.jpeg 1280w\" sizes=\"(max-width: 1024px) 100vw, 1024px\" \/><\/figure>\n\n\n\n<p class=\"wp-block-paragraph\">Compartimos la charla completa a continuaci\u00f3n.<\/p>\n\n\n\n<figure class=\"wp-block-embed is-type-video is-provider-youtube wp-block-embed-youtube wp-embed-aspect-16-9 wp-has-aspect-ratio\"><div class=\"wp-block-embed__wrapper\">\n<div class=\"video-container\"><iframe title=\"Ciclo de charlas &quot;TODO PRECIO ES POL\u00cdTICO&quot;\" width=\"500\" height=\"281\" src=\"https:\/\/www.youtube.com\/embed\/yLtsvk_blN0?feature=oembed&#038;wmode=opaque\" frameborder=\"0\" allow=\"accelerometer; autoplay; clipboard-write; encrypted-media; gyroscope; picture-in-picture; web-share\" referrerpolicy=\"strict-origin-when-cross-origin\" allowfullscreen><\/iframe><\/div>\n<\/div><\/figure>\n\n\n\n<p class=\"wp-block-paragraph\"><strong>Todo el ciclo<\/strong><\/p>\n\n\n\n<p class=\"wp-block-paragraph\">El ciclo \u201cTodo Precio es Pol\u00edtico\u201d, a trav\u00e9s de cinco charlas, realiz\u00f3 un recorrido que inici\u00f3 con un an\u00e1lisis pormenorizado de la concentraci\u00f3n de las cadenas granarias y de la carne, y sus consecuencias en la formaci\u00f3n de los precios de los alimentos; que luego continu\u00f3 con el abordaje del impacto de la econom\u00eda bimonetaria en el desarrollo productivo, para continuar con el debate en torno al dragado y balizamiento de la Cuenca del Plata, conocida como Hidrov\u00eda, y finalizar con las discusiones en torno a la necesidad de proponer un nuevo modelo agroalimentario.<\/p>\n\n\n\n<p class=\"wp-block-paragraph\">En cada una de las charlas, Guill\u00e9n y Strasorier, estuvieron acompa\u00f1ados por Mar\u00eda Rizzo, Laureano Sosa y Fernando Rizza, tambi\u00e9n del CEA.<\/p>\n","protected":false},"excerpt":{"rendered":"<p>Se realiz\u00f3 la \u00faltima charla del Ciclo: \u201cTodo precio es pol\u00edtico\u201d, organizado por la Comisi\u00f3n de Desarrollo Productivo. El ciclo&#46;&#46;&#46;<\/p>\n","protected":false},"author":1,"featured_media":873,"comment_status":"open","ping_status":"open","sticky":false,"template":"","format":"standard","meta":{"footnotes":""},"categories":[8,39,107,44,67,38],"tags":[66,74,93,94,45],"class_list":["post-872","post","type-post","status-publish","format-standard","has-post-thumbnail","hentry","category-agroindustria","category-aparato-productivo","category-ganaderia","category-produccion","category-soberania-y-desarrollo","category-sociedad-y-politica","tag-desarrollo","tag-desarrollo-productivo","tag-inflacion","tag-pobreza","tag-pymes"],"_links":{"self":[{"href":"https:\/\/patriaproductiva.net\/blog\/wp-json\/wp\/v2\/posts\/872","targetHints":{"allow":["GET"]}}],"collection":[{"href":"https:\/\/patriaproductiva.net\/blog\/wp-json\/wp\/v2\/posts"}],"about":[{"href":"https:\/\/patriaproductiva.net\/blog\/wp-json\/wp\/v2\/types\/post"}],"author":[{"embeddable":true,"href":"https:\/\/patriaproductiva.net\/blog\/wp-json\/wp\/v2\/users\/1"}],"replies":[{"embeddable":true,"href":"https:\/\/patriaproductiva.net\/blog\/wp-json\/wp\/v2\/comments?post=872"}],"version-history":[{"count":1,"href":"https:\/\/patriaproductiva.net\/blog\/wp-json\/wp\/v2\/posts\/872\/revisions"}],"predecessor-version":[{"id":878,"href":"https:\/\/patriaproductiva.net\/blog\/wp-json\/wp\/v2\/posts\/872\/revisions\/878"}],"wp:featuredmedia":[{"embeddable":true,"href":"https:\/\/patriaproductiva.net\/blog\/wp-json\/wp\/v2\/media\/873"}],"wp:attachment":[{"href":"https:\/\/patriaproductiva.net\/blog\/wp-json\/wp\/v2\/media?parent=872"}],"wp:term":[{"taxonomy":"category","embeddable":true,"href":"https:\/\/patriaproductiva.net\/blog\/wp-json\/wp\/v2\/categories?post=872"},{"taxonomy":"post_tag","embeddable":true,"href":"https:\/\/patriaproductiva.net\/blog\/wp-json\/wp\/v2\/tags?post=872"}],"curies":[{"name":"wp","href":"https:\/\/api.w.org\/{rel}","templated":true}]}}