{"id":881,"date":"2023-09-13T00:19:11","date_gmt":"2023-09-13T03:19:11","guid":{"rendered":"https:\/\/patriaproductiva.net\/blog\/?p=881"},"modified":"2023-09-13T00:23:56","modified_gmt":"2023-09-13T03:23:56","slug":"comenzo-el-curso-debates-para-un-desarrollo-productivo-nacional","status":"publish","type":"post","link":"https:\/\/patriaproductiva.net\/blog\/comenzo-el-curso-debates-para-un-desarrollo-productivo-nacional\/","title":{"rendered":"Comenz\u00f3 el curso Debates para un desarrollo productivo nacional: \u201cCada vez que la derecha decide asaltar el Estado, lo hace primero endeud\u00e1ndonos&#8221;"},"content":{"rendered":"\n<p class=\"wp-block-paragraph\"><em><strong>Nueva propuesta de la Comisi\u00f3n de Desarrollo Productivo con el objetivo de enriquecer el pensamiento cr\u00edtico y aportar a la direccionalidad del rumbo pol\u00edtico \u2013 econ\u00f3mico.<\/strong><\/em><\/p>\n\n\n\n<p class=\"wp-block-paragraph\">Continuando con las actividades destinadas a brindar herramientas para la discusi\u00f3n en torno al desarrollo productivo de la Argentina y debatir sobre los desaf\u00edos actuales con el fin de enriquecer el pensamiento cr\u00edtico y aportar a la direccionalidad del rumbo pol\u00edtico \u2013 econ\u00f3mico, la Comisi\u00f3n de Desarrollo Productivo del Instituto Patria inici\u00f3 el curso \u201cDebates para un desarrollo productivo nacional\u201d. La apertura estuvo a cargo de la Coordinadora de la Comisi\u00f3n, Diana Guill\u00e9n y la Coordinadora General de Comisiones, Claudia Bernazza.<\/p>\n\n\n\n<figure class=\"wp-block-image size-large\"><img fetchpriority=\"high\" decoding=\"async\" width=\"1024\" height=\"682\" src=\"https:\/\/patriaproductiva.net\/blog\/wp-content\/uploads\/2023\/09\/WhatsApp-Image-2023-09-11-at-8.18.50-PM-1024x682.jpeg\" alt=\"\" class=\"wp-image-882\" srcset=\"https:\/\/patriaproductiva.net\/blog\/wp-content\/uploads\/2023\/09\/WhatsApp-Image-2023-09-11-at-8.18.50-PM-1024x682.jpeg 1024w, https:\/\/patriaproductiva.net\/blog\/wp-content\/uploads\/2023\/09\/WhatsApp-Image-2023-09-11-at-8.18.50-PM-300x200.jpeg 300w, https:\/\/patriaproductiva.net\/blog\/wp-content\/uploads\/2023\/09\/WhatsApp-Image-2023-09-11-at-8.18.50-PM-768x512.jpeg 768w, https:\/\/patriaproductiva.net\/blog\/wp-content\/uploads\/2023\/09\/WhatsApp-Image-2023-09-11-at-8.18.50-PM-600x400.jpeg 600w, https:\/\/patriaproductiva.net\/blog\/wp-content\/uploads\/2023\/09\/WhatsApp-Image-2023-09-11-at-8.18.50-PM.jpeg 1280w\" sizes=\"(max-width: 1024px) 100vw, 1024px\" \/><\/figure>\n\n\n\n<p class=\"wp-block-paragraph\"><\/p>\n\n\n\n<p class=\"wp-block-paragraph\">\u201cLos cursos del Instituto Patria buscan llevar adelante la agenda que forma parte del ADN del peronismo. En este caso, la comisi\u00f3n de desarrollo productivo nos da la posibilidad de conocer la historia de las pol\u00edticas de desarrollo nacional\u201d, expres\u00f3 Bernazza al invitar a continuar participando de la actividad formativa.<\/p>\n\n\n\n<p class=\"wp-block-paragraph\">La propuesta convoca a profundizar los debates del desarrollo nacional. En particular sobre los hechos en los que se sentaron las bases de la desigualdad actual entre regiones con alt\u00edsimos niveles de tecnolog\u00eda aplicada versus otras que no han podido desplegar sus potencialidades. Se trata de desentra\u00f1ar las desigualdades existentes en un territorio de 2,78 millones de km cuadrados, con 18 ecoregiones, 46 millones de habitantes, una educaci\u00f3n que se reconoce por su calidad, un sistema cient\u00edfico tecnol\u00f3gico de excelencia, feracidad de sus suelos, energ\u00edas renovables y no renovables, recursos naturales y agua dulce en abundancia. Todos elementos que ayudan a brindar ventajas comparativas y competitivas a nuestro sector productor primario o secundario y por ende al pa\u00eds, mientras que por otro lado, casi la mitad de la poblaci\u00f3n se encuentra bajo la l\u00ednea de pobreza, padeciendo marginalidad laboral y empleo registrado con sueldos que no alcanzan a cubrir las necesidades de las familias.<\/p>\n\n\n\n<figure class=\"wp-block-image size-large\"><img decoding=\"async\" width=\"1024\" height=\"576\" src=\"https:\/\/patriaproductiva.net\/blog\/wp-content\/uploads\/2023\/09\/WhatsApp-Image-2023-09-13-at-12.05.12-AM1-1024x576.jpeg\" alt=\"\" class=\"wp-image-883\" srcset=\"https:\/\/patriaproductiva.net\/blog\/wp-content\/uploads\/2023\/09\/WhatsApp-Image-2023-09-13-at-12.05.12-AM1-1024x576.jpeg 1024w, https:\/\/patriaproductiva.net\/blog\/wp-content\/uploads\/2023\/09\/WhatsApp-Image-2023-09-13-at-12.05.12-AM1-300x169.jpeg 300w, https:\/\/patriaproductiva.net\/blog\/wp-content\/uploads\/2023\/09\/WhatsApp-Image-2023-09-13-at-12.05.12-AM1-768x432.jpeg 768w, https:\/\/patriaproductiva.net\/blog\/wp-content\/uploads\/2023\/09\/WhatsApp-Image-2023-09-13-at-12.05.12-AM1-1536x864.jpeg 1536w, https:\/\/patriaproductiva.net\/blog\/wp-content\/uploads\/2023\/09\/WhatsApp-Image-2023-09-13-at-12.05.12-AM1-600x338.jpeg 600w, https:\/\/patriaproductiva.net\/blog\/wp-content\/uploads\/2023\/09\/WhatsApp-Image-2023-09-13-at-12.05.12-AM1.jpeg 1600w\" sizes=\"(max-width: 1024px) 100vw, 1024px\" \/><\/figure>\n\n\n\n<p class=\"wp-block-paragraph\"><\/p>\n\n\n\n<p class=\"wp-block-paragraph\">\u201cLa situaci\u00f3n actual tiene sus ra\u00edces en la colonia. Y en c\u00f3mo se fue dando un desarrollo inequitativo desde hace 200 a\u00f1os. Y es por ello que decidimos comenzar este curso hablando de c\u00f3mo se fue dando el desarrollo desde la \u00e9poca de la colonia\u201d, explic\u00f3 Guill\u00e9n y resalt\u00f3: \u201cCada vez que la derecha decide asaltar el Estado, lo hace primero endeud\u00e1ndonos, con un empr\u00e9stito, como ocurri\u00f3 con los endeudamientos en el gobierno de Rivadavia, con la dictadura y recientemente durante los 4 a\u00f1os de Macri\u201d.<\/p>\n\n\n\n<p class=\"wp-block-paragraph\">Bajo el t\u00edtulo \u201cLa estructura productiva colonial y el desarrollo desigual en la Argentina\u201d, a cargo de Guill\u00e9n y Vilma Cabrera, se dio comienzo al primero de los cuatro encuentros que se desarrollar\u00e1n todos los jueves de septiembre, entre las 18 y las 20, de manera presencial o virtual.<\/p>\n\n\n\n<figure class=\"wp-block-image size-large\"><img decoding=\"async\" width=\"1024\" height=\"682\" src=\"https:\/\/patriaproductiva.net\/blog\/wp-content\/uploads\/2023\/09\/WhatsApp-Image-2023-09-11-at-8.18.51-PM-1024x682.jpeg\" alt=\"\" class=\"wp-image-884\" srcset=\"https:\/\/patriaproductiva.net\/blog\/wp-content\/uploads\/2023\/09\/WhatsApp-Image-2023-09-11-at-8.18.51-PM-1024x682.jpeg 1024w, https:\/\/patriaproductiva.net\/blog\/wp-content\/uploads\/2023\/09\/WhatsApp-Image-2023-09-11-at-8.18.51-PM-300x200.jpeg 300w, https:\/\/patriaproductiva.net\/blog\/wp-content\/uploads\/2023\/09\/WhatsApp-Image-2023-09-11-at-8.18.51-PM-768x512.jpeg 768w, https:\/\/patriaproductiva.net\/blog\/wp-content\/uploads\/2023\/09\/WhatsApp-Image-2023-09-11-at-8.18.51-PM-600x400.jpeg 600w, https:\/\/patriaproductiva.net\/blog\/wp-content\/uploads\/2023\/09\/WhatsApp-Image-2023-09-11-at-8.18.51-PM.jpeg 1280w\" sizes=\"(max-width: 1024px) 100vw, 1024px\" \/><\/figure>\n\n\n\n<p class=\"wp-block-paragraph\"><\/p>\n\n\n\n<p class=\"wp-block-paragraph\">Durante la exposici\u00f3n, Guill\u00e9n y Cabrera realizaron un recorrido por el desarrollo de los entramados agroalimentarios en torno al puerto, pasando por el eje mercado externo versus el desarrollo nacional. Con un fuerte anclaje en aprender del pasado para construir y pensar la acci\u00f3n en el presente y de cara al futuro. La exposici\u00f3n tambi\u00e9n dedic\u00f3 un espacio a repensar la potencia productiva extra-pampeana y al rol de las nuevas tecnolog\u00edas y la infraestructura para el desarrollo de esta regi\u00f3n.<\/p>\n\n\n\n<figure class=\"wp-block-image size-large\"><img loading=\"lazy\" decoding=\"async\" width=\"1024\" height=\"682\" src=\"https:\/\/patriaproductiva.net\/blog\/wp-content\/uploads\/2023\/09\/WhatsApp-Image-2023-09-11-at-8.18.51-PM2-1024x682.jpeg\" alt=\"\" class=\"wp-image-885\" srcset=\"https:\/\/patriaproductiva.net\/blog\/wp-content\/uploads\/2023\/09\/WhatsApp-Image-2023-09-11-at-8.18.51-PM2-1024x682.jpeg 1024w, https:\/\/patriaproductiva.net\/blog\/wp-content\/uploads\/2023\/09\/WhatsApp-Image-2023-09-11-at-8.18.51-PM2-300x200.jpeg 300w, https:\/\/patriaproductiva.net\/blog\/wp-content\/uploads\/2023\/09\/WhatsApp-Image-2023-09-11-at-8.18.51-PM2-768x512.jpeg 768w, https:\/\/patriaproductiva.net\/blog\/wp-content\/uploads\/2023\/09\/WhatsApp-Image-2023-09-11-at-8.18.51-PM2-600x400.jpeg 600w, https:\/\/patriaproductiva.net\/blog\/wp-content\/uploads\/2023\/09\/WhatsApp-Image-2023-09-11-at-8.18.51-PM2.jpeg 1280w\" sizes=\"(max-width: 1024px) 100vw, 1024px\" \/><\/figure>\n\n\n\n<p class=\"wp-block-paragraph\"><\/p>\n\n\n\n<p class=\"wp-block-paragraph\"><strong>Sobre la continuidad del curso<\/strong><\/p>\n\n\n\n<p class=\"wp-block-paragraph\">Clase 2: jueves 14 de setiembre 2023.<\/p>\n\n\n\n<p class=\"wp-block-paragraph\">La estructura agraria de la zona n\u00facleo durante el siglo XX<\/p>\n\n\n\n<p class=\"wp-block-paragraph\">Temas: Composici\u00f3n de la estructura productiva agraria de la zona n\u00facleo en la actualidad, actores que participan: due\u00f1o de la tierra, contratista o propietario de los servicios de laboreo, financista. Proyectos en disputa: agroindustria o primarizaci\u00f3n. Influencia de la econom\u00eda bimonetaria. Legislaci\u00f3n sobre el arrendamiento, el uso de suelos, la aplicaci\u00f3n de agroqu\u00edmicos y fertilizantes, el uso de los recursos h\u00eddricos y forestales.<\/p>\n\n\n\n<p class=\"wp-block-paragraph\">Clase 3: jueves 21 de setiembre 2023.<\/p>\n\n\n\n<p class=\"wp-block-paragraph\">Redistribuci\u00f3n de la renta<\/p>\n\n\n\n<p class=\"wp-block-paragraph\">Temas: El desarrollo primario y la industria complementaria de la producci\u00f3n agropecuaria o minera-energ\u00e9tica o agroalimentaria. Construcci\u00f3n de una industria federal para el desarrollo territorial. Las PyMEs y las cooperativas como sujetos de las pol\u00edticas p\u00fablicas. Precios de los alimentos: pol\u00edticas y desaf\u00edos.<\/p>\n\n\n\n<p class=\"wp-block-paragraph\">Clase 4: jueves 28 de setiembre 2023.<\/p>\n\n\n\n<p class=\"wp-block-paragraph\">Industrializaci\u00f3n y nuevas tecnolog\u00edas<\/p>\n\n\n\n<p class=\"wp-block-paragraph\">Temas: La irrupci\u00f3n de las nuevas tecnolog\u00edas en la industria: IA, rob\u00f3tica, IoT, 5-6 G, blockchain. Mudar la f\u00e1brica a la casa. Uberizaci\u00f3n: las plataformas como organizadoras del trabajo. Desaf\u00edos para la soberan\u00eda nacional.<\/p>\n\n\n\n<p class=\"wp-block-paragraph\">Coordinaci\u00f3n acad\u00e9mica: Diana Guill\u00e9n.<\/p>\n\n\n\n<p class=\"wp-block-paragraph\">Coordinaci\u00f3n ejecutiva: Vilma Cabrera, Edith Olmedo.<\/p>\n\n\n\n<p class=\"wp-block-paragraph\"><strong>M\u00e1s informaci\u00f3n acerca de c\u00f3mo participar:<\/strong><\/p>\n\n\n\n<figure class=\"wp-block-embed is-type-wp-embed is-provider-instituto-patria wp-block-embed-instituto-patria\"><div class=\"wp-block-embed__wrapper\">\n<blockquote class=\"wp-embedded-content\" data-secret=\"7HnR9WFhDX\"><a href=\"https:\/\/www.institutopatria.com.ar\/debate-para-un-desarrollo-productivo-nacional\/\">DEBATES PARA UN DESARROLLO PRODUCTIVO NACIONAL<\/a><\/blockquote><iframe class=\"wp-embedded-content\" sandbox=\"allow-scripts\" security=\"restricted\" style=\"position: absolute; clip: rect(1px, 1px, 1px, 1px);\" title=\"\u00abDEBATES PARA UN DESARROLLO PRODUCTIVO NACIONAL\u00bb \u2014 Instituto PATRIA\" src=\"https:\/\/www.institutopatria.com.ar\/debate-para-un-desarrollo-productivo-nacional\/embed\/#?secret=wrM7W9DPu5#?secret=7HnR9WFhDX\" data-secret=\"7HnR9WFhDX\" width=\"500\" height=\"282\" frameborder=\"0\" marginwidth=\"0\" marginheight=\"0\" scrolling=\"no\"><\/iframe>\n<\/div><\/figure>\n","protected":false},"excerpt":{"rendered":"<p>Nueva propuesta de la Comisi\u00f3n de Desarrollo Productivo con el objetivo de enriquecer el pensamiento cr\u00edtico y aportar a la&#46;&#46;&#46;<\/p>\n","protected":false},"author":1,"featured_media":883,"comment_status":"open","ping_status":"open","sticky":false,"template":"","format":"standard","meta":{"footnotes":""},"categories":[8,39,107,96,44,67,38],"tags":[74],"class_list":["post-881","post","type-post","status-publish","format-standard","has-post-thumbnail","hentry","category-agroindustria","category-aparato-productivo","category-ganaderia","category-medio-ambiente","category-produccion","category-soberania-y-desarrollo","category-sociedad-y-politica","tag-desarrollo-productivo"],"_links":{"self":[{"href":"https:\/\/patriaproductiva.net\/blog\/wp-json\/wp\/v2\/posts\/881","targetHints":{"allow":["GET"]}}],"collection":[{"href":"https:\/\/patriaproductiva.net\/blog\/wp-json\/wp\/v2\/posts"}],"about":[{"href":"https:\/\/patriaproductiva.net\/blog\/wp-json\/wp\/v2\/types\/post"}],"author":[{"embeddable":true,"href":"https:\/\/patriaproductiva.net\/blog\/wp-json\/wp\/v2\/users\/1"}],"replies":[{"embeddable":true,"href":"https:\/\/patriaproductiva.net\/blog\/wp-json\/wp\/v2\/comments?post=881"}],"version-history":[{"count":2,"href":"https:\/\/patriaproductiva.net\/blog\/wp-json\/wp\/v2\/posts\/881\/revisions"}],"predecessor-version":[{"id":888,"href":"https:\/\/patriaproductiva.net\/blog\/wp-json\/wp\/v2\/posts\/881\/revisions\/888"}],"wp:featuredmedia":[{"embeddable":true,"href":"https:\/\/patriaproductiva.net\/blog\/wp-json\/wp\/v2\/media\/883"}],"wp:attachment":[{"href":"https:\/\/patriaproductiva.net\/blog\/wp-json\/wp\/v2\/media?parent=881"}],"wp:term":[{"taxonomy":"category","embeddable":true,"href":"https:\/\/patriaproductiva.net\/blog\/wp-json\/wp\/v2\/categories?post=881"},{"taxonomy":"post_tag","embeddable":true,"href":"https:\/\/patriaproductiva.net\/blog\/wp-json\/wp\/v2\/tags?post=881"}],"curies":[{"name":"wp","href":"https:\/\/api.w.org\/{rel}","templated":true}]}}