{"id":890,"date":"2023-09-17T14:58:05","date_gmt":"2023-09-17T17:58:05","guid":{"rendered":"https:\/\/patriaproductiva.net\/blog\/?p=890"},"modified":"2023-09-17T14:59:31","modified_gmt":"2023-09-17T17:59:31","slug":"segunda-clase-del-curso-debates-para-un-desarrollo-productivo-nacional-la-estructura-agraria-de-la-zona-nucleo-durante-el-siglo-xx","status":"publish","type":"post","link":"https:\/\/patriaproductiva.net\/blog\/segunda-clase-del-curso-debates-para-un-desarrollo-productivo-nacional-la-estructura-agraria-de-la-zona-nucleo-durante-el-siglo-xx\/","title":{"rendered":"Segunda clase del curso Debates para un desarrollo productivo nacional: &#8220;La estructura agraria de la zona n\u00facleo durante el siglo XX&#8221;"},"content":{"rendered":"\n<p class=\"wp-block-paragraph\"><strong><em>La nueva propuesta de la Comisi\u00f3n de Desarrollo Productivo tuvo su segundo encuentro enfocado en la necesidad de seguir trabajando por un desarrollo agroalimentario federal e inclusivo.<\/em><\/strong><\/p>\n\n\n\n<figure class=\"wp-block-image size-large\"><img fetchpriority=\"high\" decoding=\"async\" width=\"1024\" height=\"682\" src=\"https:\/\/patriaproductiva.net\/blog\/wp-content\/uploads\/2023\/09\/WhatsApp-Image-2023-09-15-at-7.09.32-PM-1024x682.jpeg\" alt=\"\" class=\"wp-image-891\" srcset=\"https:\/\/patriaproductiva.net\/blog\/wp-content\/uploads\/2023\/09\/WhatsApp-Image-2023-09-15-at-7.09.32-PM-1024x682.jpeg 1024w, https:\/\/patriaproductiva.net\/blog\/wp-content\/uploads\/2023\/09\/WhatsApp-Image-2023-09-15-at-7.09.32-PM-300x200.jpeg 300w, https:\/\/patriaproductiva.net\/blog\/wp-content\/uploads\/2023\/09\/WhatsApp-Image-2023-09-15-at-7.09.32-PM-768x512.jpeg 768w, https:\/\/patriaproductiva.net\/blog\/wp-content\/uploads\/2023\/09\/WhatsApp-Image-2023-09-15-at-7.09.32-PM-600x400.jpeg 600w, https:\/\/patriaproductiva.net\/blog\/wp-content\/uploads\/2023\/09\/WhatsApp-Image-2023-09-15-at-7.09.32-PM.jpeg 1280w\" sizes=\"(max-width: 1024px) 100vw, 1024px\" \/><\/figure>\n\n\n\n<p class=\"wp-block-paragraph\"><\/p>\n\n\n\n<p class=\"wp-block-paragraph\">El curso \u201cDebates para un desarrollo productivo nacional\u201d, organizado por la Comisi\u00f3n de Desarrollo Productivo del Instituto Patria tuvo su segunda jornada destinada a analizar &#8220;La estructura agraria de la zona n\u00facleo durante el siglo XX&#8221;, a cargo de la Subsecretaria de Peque\u00f1os y Medianos Productores de la Secretar\u00eda de Agricultura, Ganader\u00eda y Pesca, Milagros Barbieri, del director del Instituto de Estudios para el Desarrollo Productivo y la Innovaci\u00f3n de la Universidad Nacional de Jos\u00e9 C. Paz, Ernesto Matto, y del Director del Centro de Estudios Agrarios (CEA), Mat\u00edas Strasorier.<\/p>\n\n\n\n<figure class=\"wp-block-image size-large\"><img decoding=\"async\" width=\"1024\" height=\"682\" src=\"https:\/\/patriaproductiva.net\/blog\/wp-content\/uploads\/2023\/09\/WhatsApp-Image-2023-09-15-at-7.09.31-PM-1024x682.jpeg\" alt=\"\" class=\"wp-image-892\" srcset=\"https:\/\/patriaproductiva.net\/blog\/wp-content\/uploads\/2023\/09\/WhatsApp-Image-2023-09-15-at-7.09.31-PM-1024x682.jpeg 1024w, https:\/\/patriaproductiva.net\/blog\/wp-content\/uploads\/2023\/09\/WhatsApp-Image-2023-09-15-at-7.09.31-PM-300x200.jpeg 300w, https:\/\/patriaproductiva.net\/blog\/wp-content\/uploads\/2023\/09\/WhatsApp-Image-2023-09-15-at-7.09.31-PM-768x512.jpeg 768w, https:\/\/patriaproductiva.net\/blog\/wp-content\/uploads\/2023\/09\/WhatsApp-Image-2023-09-15-at-7.09.31-PM-600x400.jpeg 600w, https:\/\/patriaproductiva.net\/blog\/wp-content\/uploads\/2023\/09\/WhatsApp-Image-2023-09-15-at-7.09.31-PM.jpeg 1280w\" sizes=\"(max-width: 1024px) 100vw, 1024px\" \/><\/figure>\n\n\n\n<p class=\"wp-block-paragraph\"><\/p>\n\n\n\n<p class=\"wp-block-paragraph\">Durante la segunda exposici\u00f3n de la propuesta formativa, que fue presentada por Mat\u00edas Strasorier y Vilma Cabrera quienes dieron la bienvenida, Barbieri destac\u00f3 la necesidad de seguir trabajando \u00a0en la construcci\u00f3n de \u201cun modelo de producci\u00f3n de alimentos que sea sustentable, en t\u00e9rminos econ\u00f3micos, sociales y ambientales\u201d, y agreg\u00f3: \u201cesto no se puede lograr si no tenemos un Estado que dialogue con los peque\u00f1os y medianos productores, que conforme un bloque entre productores, gobiernos locales y nacional que puedan llevar adelante en conjunto, una pol\u00edtica organizada de producci\u00f3n de territorio\u201d.<\/p>\n\n\n\n<figure class=\"wp-block-image size-large\"><img decoding=\"async\" width=\"1024\" height=\"682\" src=\"https:\/\/patriaproductiva.net\/blog\/wp-content\/uploads\/2023\/09\/WhatsApp-Image-2023-09-15-at-7.09.30-PM-1024x682.jpeg\" alt=\"\" class=\"wp-image-893\" srcset=\"https:\/\/patriaproductiva.net\/blog\/wp-content\/uploads\/2023\/09\/WhatsApp-Image-2023-09-15-at-7.09.30-PM-1024x682.jpeg 1024w, https:\/\/patriaproductiva.net\/blog\/wp-content\/uploads\/2023\/09\/WhatsApp-Image-2023-09-15-at-7.09.30-PM-300x200.jpeg 300w, https:\/\/patriaproductiva.net\/blog\/wp-content\/uploads\/2023\/09\/WhatsApp-Image-2023-09-15-at-7.09.30-PM-768x512.jpeg 768w, https:\/\/patriaproductiva.net\/blog\/wp-content\/uploads\/2023\/09\/WhatsApp-Image-2023-09-15-at-7.09.30-PM-600x400.jpeg 600w, https:\/\/patriaproductiva.net\/blog\/wp-content\/uploads\/2023\/09\/WhatsApp-Image-2023-09-15-at-7.09.30-PM.jpeg 1280w\" sizes=\"(max-width: 1024px) 100vw, 1024px\" \/><\/figure>\n\n\n\n<p class=\"wp-block-paragraph\"><\/p>\n\n\n\n<p class=\"wp-block-paragraph\">Por su parte, Mattos enfatiz\u00f3: \u201cEs muy importante compartir los aportes y experiencias de las provincias, conocer c\u00f3mo se llevan adelante en el territorio, y c\u00f3mo van nutriendo el camino para construir una Argentina m\u00e1s productiva y con m\u00e1s Estado\u201d.<\/p>\n\n\n\n<figure class=\"wp-block-image size-large\"><img loading=\"lazy\" decoding=\"async\" width=\"1024\" height=\"682\" src=\"https:\/\/patriaproductiva.net\/blog\/wp-content\/uploads\/2023\/09\/WhatsApp-Image-2023-09-15-at-7.09.31-PM1-1024x682.jpeg\" alt=\"\" class=\"wp-image-894\" srcset=\"https:\/\/patriaproductiva.net\/blog\/wp-content\/uploads\/2023\/09\/WhatsApp-Image-2023-09-15-at-7.09.31-PM1-1024x682.jpeg 1024w, https:\/\/patriaproductiva.net\/blog\/wp-content\/uploads\/2023\/09\/WhatsApp-Image-2023-09-15-at-7.09.31-PM1-300x200.jpeg 300w, https:\/\/patriaproductiva.net\/blog\/wp-content\/uploads\/2023\/09\/WhatsApp-Image-2023-09-15-at-7.09.31-PM1-768x512.jpeg 768w, https:\/\/patriaproductiva.net\/blog\/wp-content\/uploads\/2023\/09\/WhatsApp-Image-2023-09-15-at-7.09.31-PM1-600x400.jpeg 600w, https:\/\/patriaproductiva.net\/blog\/wp-content\/uploads\/2023\/09\/WhatsApp-Image-2023-09-15-at-7.09.31-PM1.jpeg 1280w\" sizes=\"(max-width: 1024px) 100vw, 1024px\" \/><\/figure>\n\n\n\n<p class=\"wp-block-paragraph\"><\/p>\n\n\n\n<p class=\"wp-block-paragraph\"><strong>Sobre la continuidad del curso<\/strong><\/p>\n\n\n\n<p class=\"wp-block-paragraph\">El pr\u00f3ximo encuentro tendr\u00e1 lugar el jueves 21 de setiembre 2023 y abordar\u00e1 como eje tem\u00e1tico central la \u201cRedistribuci\u00f3n de la renta\u201d.<\/p>\n\n\n\n<p class=\"wp-block-paragraph\">Temas: El desarrollo primario y la industria complementaria de la producci\u00f3n agropecuaria o minera-energ\u00e9tica o agroalimentaria. Construcci\u00f3n de una industria federal para el desarrollo territorial. Las PyMEs y las cooperativas como sujetos de las pol\u00edticas p\u00fablicas. Precios de los alimentos: pol\u00edticas y desaf\u00edos.<\/p>\n\n\n\n<p class=\"wp-block-paragraph\">Asimismo, la clase 4 &#8211; jueves 28 de setiembre 2023-, abordar\u00e1 la \u201cIndustrializaci\u00f3n y nuevas tecnolog\u00edas\u201d.<\/p>\n\n\n\n<p class=\"wp-block-paragraph\">Temas: La irrupci\u00f3n de las nuevas tecnolog\u00edas en la industria: IA, rob\u00f3tica, IoT, 5-6 G, blockchain. Mudar la f\u00e1brica a la casa. Uberizaci\u00f3n: las plataformas como organizadoras del trabajo. Desaf\u00edos para la soberan\u00eda nacional.<\/p>\n\n\n\n<p class=\"wp-block-paragraph\"><strong>M\u00e1s informaci\u00f3n acerca de c\u00f3mo participar:<\/strong><\/p>\n\n\n\n<figure class=\"wp-block-embed is-type-wp-embed is-provider-instituto-patria wp-block-embed-instituto-patria\"><div class=\"wp-block-embed__wrapper\">\n<blockquote class=\"wp-embedded-content\" data-secret=\"Uk4sgkDfkl\"><a href=\"https:\/\/www.institutopatria.com.ar\/debate-para-un-desarrollo-productivo-nacional\/\">DEBATES PARA UN DESARROLLO PRODUCTIVO NACIONAL<\/a><\/blockquote><iframe class=\"wp-embedded-content\" sandbox=\"allow-scripts\" security=\"restricted\" style=\"position: absolute; clip: rect(1px, 1px, 1px, 1px);\" title=\"\u00abDEBATES PARA UN DESARROLLO PRODUCTIVO NACIONAL\u00bb \u2014 Instituto PATRIA\" src=\"https:\/\/www.institutopatria.com.ar\/debate-para-un-desarrollo-productivo-nacional\/embed\/#?secret=s1P2nP5ngX#?secret=Uk4sgkDfkl\" data-secret=\"Uk4sgkDfkl\" width=\"500\" height=\"282\" frameborder=\"0\" marginwidth=\"0\" marginheight=\"0\" scrolling=\"no\"><\/iframe>\n<\/div><\/figure>\n","protected":false},"excerpt":{"rendered":"<p>La nueva propuesta de la Comisi\u00f3n de Desarrollo Productivo tuvo su segundo encuentro enfocado en la necesidad de seguir trabajando&#46;&#46;&#46;<\/p>\n","protected":false},"author":1,"featured_media":891,"comment_status":"open","ping_status":"open","sticky":false,"template":"","format":"standard","meta":{"footnotes":""},"categories":[8,39,107,96,44,67,38],"tags":[74,89],"class_list":["post-890","post","type-post","status-publish","format-standard","has-post-thumbnail","hentry","category-agroindustria","category-aparato-productivo","category-ganaderia","category-medio-ambiente","category-produccion","category-soberania-y-desarrollo","category-sociedad-y-politica","tag-desarrollo-productivo","tag-sectores-en-disputa"],"_links":{"self":[{"href":"https:\/\/patriaproductiva.net\/blog\/wp-json\/wp\/v2\/posts\/890","targetHints":{"allow":["GET"]}}],"collection":[{"href":"https:\/\/patriaproductiva.net\/blog\/wp-json\/wp\/v2\/posts"}],"about":[{"href":"https:\/\/patriaproductiva.net\/blog\/wp-json\/wp\/v2\/types\/post"}],"author":[{"embeddable":true,"href":"https:\/\/patriaproductiva.net\/blog\/wp-json\/wp\/v2\/users\/1"}],"replies":[{"embeddable":true,"href":"https:\/\/patriaproductiva.net\/blog\/wp-json\/wp\/v2\/comments?post=890"}],"version-history":[{"count":2,"href":"https:\/\/patriaproductiva.net\/blog\/wp-json\/wp\/v2\/posts\/890\/revisions"}],"predecessor-version":[{"id":896,"href":"https:\/\/patriaproductiva.net\/blog\/wp-json\/wp\/v2\/posts\/890\/revisions\/896"}],"wp:featuredmedia":[{"embeddable":true,"href":"https:\/\/patriaproductiva.net\/blog\/wp-json\/wp\/v2\/media\/891"}],"wp:attachment":[{"href":"https:\/\/patriaproductiva.net\/blog\/wp-json\/wp\/v2\/media?parent=890"}],"wp:term":[{"taxonomy":"category","embeddable":true,"href":"https:\/\/patriaproductiva.net\/blog\/wp-json\/wp\/v2\/categories?post=890"},{"taxonomy":"post_tag","embeddable":true,"href":"https:\/\/patriaproductiva.net\/blog\/wp-json\/wp\/v2\/tags?post=890"}],"curies":[{"name":"wp","href":"https:\/\/api.w.org\/{rel}","templated":true}]}}