{"id":899,"date":"2024-02-01T10:04:31","date_gmt":"2024-02-01T13:04:31","guid":{"rendered":"https:\/\/patriaproductiva.net\/blog\/?p=899"},"modified":"2024-02-01T10:04:34","modified_gmt":"2024-02-01T13:04:34","slug":"la-gran-mentira","status":"publish","type":"post","link":"https:\/\/patriaproductiva.net\/blog\/la-gran-mentira\/","title":{"rendered":"La gran mentira"},"content":{"rendered":"\n<p class=\"wp-block-paragraph\">A qui\u00e9nes beneficia y a qui\u00e9nes perjudica la falacia de que no hay plata<\/p>\n\n\n\n<figure class=\"wp-block-image size-full is-resized\"><img fetchpriority=\"high\" decoding=\"async\" width=\"800\" height=\"418\" src=\"https:\/\/patriaproductiva.net\/blog\/wp-content\/uploads\/2024\/02\/pinocho-versiones.jpg\" alt=\"\" class=\"wp-image-900\" style=\"width:960px;height:auto\" srcset=\"https:\/\/patriaproductiva.net\/blog\/wp-content\/uploads\/2024\/02\/pinocho-versiones.jpg 800w, https:\/\/patriaproductiva.net\/blog\/wp-content\/uploads\/2024\/02\/pinocho-versiones-300x157.jpg 300w, https:\/\/patriaproductiva.net\/blog\/wp-content\/uploads\/2024\/02\/pinocho-versiones-768x401.jpg 768w, https:\/\/patriaproductiva.net\/blog\/wp-content\/uploads\/2024\/02\/pinocho-versiones-600x314.jpg 600w\" sizes=\"(max-width: 800px) 100vw, 800px\" \/><\/figure>\n\n\n\n<p class=\"wp-block-paragraph\">Que no hay plata es un imposible en un pa\u00eds que se encuentra entre los m\u00e1s ricos del mundo, tanto por la disponibilidad de inmensos recursos naturales en materia agroforestal y pesquera, como de sus recursos hidro-carbur\u00edferos, energ\u00e9ticos y minerales, el litio incluido, la disponibilidad de agua potable, su diversidad de climas, como as\u00ed tambi\u00e9n por el nivel educativo de nuestra poblaci\u00f3n y por la riqueza y diversidad de nuestra cultura.<\/p>\n\n\n\n<h3 class=\"wp-block-heading\">A qu\u00e9 sirve la gran mentira<\/h3>\n\n\n\n<p class=\"wp-block-paragraph\">El \u201cno hay plata\u201d es el enga\u00f1o con que Milei pretende justificar todos sus prop\u00f3sitos, que incluyen en primer lugar el latrocinio que significa la concentraci\u00f3n de la riqueza en manos de unos pocos a costa de la inmensa mayor\u00eda de la poblaci\u00f3n, en especial de los m\u00e1s necesitados. No menos importante, esa mentira tambi\u00e9n pretende justificar la renuncia a la soberan\u00eda nacional que significa la entrega indiscriminada de tierras a manos extranjeras, la depleci\u00f3n de nuestro medio ambiente, el ataque al cine, al teatro y a todas las expresiones de nuestra cultura nacional, y culmina con el intento de borrar de un plumazo con los derechos sociales e individuales que con luchas supimos conseguir a lo largo de nuestra historia.<\/p>\n\n\n\n<p class=\"wp-block-paragraph\">Posiblemente, lo m\u00e1s importante es que la gran mentira de Milei tambi\u00e9n pretende eliminar la funci\u00f3n fundamental del Estado nacional como \u00e1rbitro final de las relaciones sociales en nuestra patria. Nada m\u00e1s ni nada menos.<\/p>\n\n\n\n<h3 class=\"wp-block-heading\">A qui\u00e9nes beneficia<\/h3>\n\n\n\n<p class=\"wp-block-paragraph\">Para que todo lo dicho no quede en una mera entelequia, siguen algunos pocos ejemplos.<\/p>\n\n\n\n<p class=\"wp-block-paragraph\">Seg\u00fan el INDEC, a lo largo de 2023 la<a href=\"https:\/\/www.indec.gob.ar\/uploads\/informesdeprensa\/canasta_01_245800192340.pdf\"> canasta b\u00e1sica alimentaria y la canasta b\u00e1sica total<\/a> aumentaron un 258,2% y un 225,1% respectivamente; mientras que el aumento de la nafta s\u00faper lleg\u00f3 a 266,22 % y el del gasoil fue del 264,58 % anual; a su vez, los medicamentos mostraron en 2023 un aumento del 308 %. Esos valores contrastan con una inflaci\u00f3n anual del 211,4% y no toman en cuenta los aumentos que se vienen anunciando a partir de enero de 2024 como producto de la mega devaluaci\u00f3n del 118% decretada por Milei y su ministro Caputo.<\/p>\n\n\n\n<p class=\"wp-block-paragraph\">Los promedios ocultan excesos mucho m\u00e1s importantes para los alimentos b\u00e1sicos, como es el caso del arroz, el az\u00facar y los fideos, que mostraron incrementos anuales del 751%, 421% y 419%; como ya es de p\u00fablico conocimiento, todas esas producciones son dominadas por oligopolios, que adem\u00e1s son beneficiados por medio del DNU y la Ley \u00d3mnibus, entre otras disposiciones, con las eliminaciones de la Ley de G\u00f3ndolas, de la Ley de Abastecimiento y las exigencias del Observatorio de Precios del Ministerio de Econom\u00eda.<\/p>\n\n\n\n<p class=\"wp-block-paragraph\">Para no hacerla larga, no agrego a los muchos y muy poderosos beneficiados con las modificaciones a la Ley de Tierras, la de Bosques, la de Medio Ambiente y las muchas otras leyes y disposiciones contenidas en el DNU de emergencia, que est\u00e1 a consideraci\u00f3n de la Justicia, y de la Ley \u00d3mnibus, que en estos momentos est\u00e1 tratando el Congreso nacional.<\/p>\n\n\n\n<h3 class=\"wp-block-heading\">A qui\u00e9nes perjudica<\/h3>\n\n\n\n<p class=\"wp-block-paragraph\">En especial, quiero se\u00f1alar a tres sectores que se encuentran entre las muchas v\u00edctimas de las mentiras y las disposiciones de Milei y sus ministros.<\/p>\n\n\n\n<p class=\"wp-block-paragraph\">Cae de maduro que los principales perjudicados son los trabajadores, los jubilados y los integrantes de la poblaci\u00f3n m\u00e1s desprotegidos y de menores ingresos, a los que progresivamente se ir\u00e1n agregando los integrantes de nuestra numerosa clase media.<\/p>\n\n\n\n<p class=\"wp-block-paragraph\">Muestra de ello son el paro del 24 de enero decretado por la CGT y las dos CTA y las reacciones que ya comenzaron a verse en las calles y las plazas de todo el pa\u00eds, y que se incrementar\u00e1n a pesar de las medidas represivas anunciadas por la ministra Bullrich.<\/p>\n\n\n\n<p class=\"wp-block-paragraph\">No tan evidentes para todos es el segundo sector que se ver\u00e1 muy fuertemente perjudicado: las peque\u00f1as y medianas empresas, que representan a un sector del empresariado nacional que da cuenta de un 67% del valor agregado en la Argentina, un 40% del PBI, que genera un 77% del empleo privado a nivel nacional y que durante el gobierno de Mauricio Macri mostr\u00f3 la perdida de 23.000 empresas con pol\u00edticas menos duras de las que ahora se pretende implementar. El perjuicio a las PyMEs se trasladar\u00e1 de inmediato al conjunto de nuestro pueblo; por ello las reacciones del sector tambi\u00e9n ir\u00e1n en aumento, como lo demuestra la intensa actividad desplegada por el <a href=\"https:\/\/mp25m.ar\/\">Movimiento Productivo 25 de Mayo<\/a>, en defensa de las PyME, las cooperativas y dem\u00e1s actores de la econom\u00eda social.<\/p>\n\n\n\n<p class=\"wp-block-paragraph\">Finalmente, caben se\u00f1alar los perjuicios a las industrias culturales, en especial el cine, el teatro y la m\u00fasica, incluyendo a sus respectivos artistas, t\u00e9cnicos, productores y editores, sin dejar de mencionar la pura maldad que significa el retiro del apoyo a las instituciones que las respaldan y promueven, toda vez que los fondos que permiten su funcionamiento no dependen en absoluto del presupuesto nacional.<\/p>\n\n\n\n<h3 class=\"wp-block-heading\">Pruebas al canto<\/h3>\n\n\n\n<p class=\"wp-block-paragraph\">Lo dicho hasta aqu\u00ed podr\u00eda ser invalidado aduciendo presuntos dogmatismos o posicionamientos pol\u00edticos. Sin embargo, la causa principal de la falta de recursos del Estado nacional no es un exceso de gastos, como machacan d\u00eda a d\u00eda el gobierno, los economistas, los medios de comunicaci\u00f3n y los presuntos intelectuales alineados con el neoliberalismo.<\/p>\n\n\n\n<p class=\"wp-block-paragraph\">M\u00e1s all\u00e1 de la necesidad de revisar la racionalidad y las prioridades de muchos de esos gastos, el gran causante de la falta de recursos estatales y el principal origen del d\u00e9ficit fiscal es la enorme informalidad econ\u00f3mica que hist\u00f3ricamente padece nuestro pa\u00eds.<\/p>\n\n\n\n<p class=\"wp-block-paragraph\">Nuestro nivel de informalidad supera largamente al 30% de nuestro PBI, mientras que el nivel de informalidad que se verifica en los pa\u00edses desarrollados est\u00e1 en el rango del 5% al 10% de sus respectivos productos brutos.<\/p>\n\n\n\n<p class=\"wp-block-paragraph\">Como ya fue detallado en la nota <a href=\"https:\/\/www.elcohetealaluna.com\/la-salida-del-laberinto-argentino\/\">La salida del laberinto argentino<\/a>, alcanzar\u00eda con reducir el nivel de informalidad econ\u00f3mica del actual 30% a un todav\u00eda elevado 20% para eliminar completamente el d\u00e9ficit fiscal y generar adem\u00e1s un super\u00e1vit anual de unos 8.000 millones de d\u00f3lares. Si se lograra reducir la informalidad a un nivel m\u00e1s razonable del 10%, el super\u00e1vit alcanzar\u00eda los 16.000 millones de d\u00f3lares cada a\u00f1o.<\/p>\n\n\n\n<p class=\"wp-block-paragraph\">La urgencia que amerita este debate me priva de consultar previo a la publicaci\u00f3n con quienes lo hago habitualmente; pese a ello, mucho agradecer\u00e9 cualquier comentario que hagan llegar a mi correo, josemafumagalli@gmail.com.<\/p>\n","protected":false},"excerpt":{"rendered":"<p>A qui\u00e9nes beneficia y a qui\u00e9nes perjudica la falacia de que no hay plata Que no hay plata es un&#46;&#46;&#46;<\/p>\n","protected":false},"author":1,"featured_media":900,"comment_status":"open","ping_status":"open","sticky":false,"template":"","format":"standard","meta":{"footnotes":""},"categories":[8,39,67],"tags":[74],"class_list":["post-899","post","type-post","status-publish","format-standard","has-post-thumbnail","hentry","category-agroindustria","category-aparato-productivo","category-soberania-y-desarrollo","tag-desarrollo-productivo"],"_links":{"self":[{"href":"https:\/\/patriaproductiva.net\/blog\/wp-json\/wp\/v2\/posts\/899","targetHints":{"allow":["GET"]}}],"collection":[{"href":"https:\/\/patriaproductiva.net\/blog\/wp-json\/wp\/v2\/posts"}],"about":[{"href":"https:\/\/patriaproductiva.net\/blog\/wp-json\/wp\/v2\/types\/post"}],"author":[{"embeddable":true,"href":"https:\/\/patriaproductiva.net\/blog\/wp-json\/wp\/v2\/users\/1"}],"replies":[{"embeddable":true,"href":"https:\/\/patriaproductiva.net\/blog\/wp-json\/wp\/v2\/comments?post=899"}],"version-history":[{"count":1,"href":"https:\/\/patriaproductiva.net\/blog\/wp-json\/wp\/v2\/posts\/899\/revisions"}],"predecessor-version":[{"id":901,"href":"https:\/\/patriaproductiva.net\/blog\/wp-json\/wp\/v2\/posts\/899\/revisions\/901"}],"wp:featuredmedia":[{"embeddable":true,"href":"https:\/\/patriaproductiva.net\/blog\/wp-json\/wp\/v2\/media\/900"}],"wp:attachment":[{"href":"https:\/\/patriaproductiva.net\/blog\/wp-json\/wp\/v2\/media?parent=899"}],"wp:term":[{"taxonomy":"category","embeddable":true,"href":"https:\/\/patriaproductiva.net\/blog\/wp-json\/wp\/v2\/categories?post=899"},{"taxonomy":"post_tag","embeddable":true,"href":"https:\/\/patriaproductiva.net\/blog\/wp-json\/wp\/v2\/tags?post=899"}],"curies":[{"name":"wp","href":"https:\/\/api.w.org\/{rel}","templated":true}]}}