{"id":903,"date":"2024-02-04T19:59:03","date_gmt":"2024-02-04T22:59:03","guid":{"rendered":"https:\/\/patriaproductiva.net\/blog\/?p=903"},"modified":"2024-02-04T20:05:20","modified_gmt":"2024-02-04T23:05:20","slug":"ideas-para-salir-del-atolladero","status":"publish","type":"post","link":"https:\/\/patriaproductiva.net\/blog\/ideas-para-salir-del-atolladero\/","title":{"rendered":"Ideas para salir del atolladero"},"content":{"rendered":"\n<p class=\"wp-block-paragraph\">La libertad avanza para los cuatro vivos de siempre y retrocede para casi todos<\/p>\n\n\n\n<figure data-wp-context=\"{&quot;imageId&quot;:&quot;6a98f35dd453a&quot;}\" data-wp-interactive=\"core\/image\" data-wp-key=\"6a98f35dd453a\" class=\"wp-block-image size-large is-resized wp-lightbox-container\"><img fetchpriority=\"high\" decoding=\"async\" width=\"1024\" height=\"683\" data-wp-class--hide=\"state.isContentHidden\" data-wp-class--show=\"state.isContentVisible\" data-wp-init=\"callbacks.setButtonStyles\" data-wp-on--click=\"actions.showLightbox\" data-wp-on--load=\"callbacks.setButtonStyles\" data-wp-on--pointerdown=\"actions.preloadImage\" data-wp-on--pointerenter=\"actions.preloadImageWithDelay\" data-wp-on--pointerleave=\"actions.cancelPreload\" data-wp-on-window--resize=\"callbacks.setButtonStyles\" src=\"https:\/\/patriaproductiva.net\/blog\/wp-content\/uploads\/2024\/02\/atolladero-1024x683.jpg\" alt=\"\" class=\"wp-image-904\" style=\"aspect-ratio:1.8841201716738198;object-fit:cover;width:643px;height:auto\" srcset=\"https:\/\/patriaproductiva.net\/blog\/wp-content\/uploads\/2024\/02\/atolladero-1024x683.jpg 1024w, https:\/\/patriaproductiva.net\/blog\/wp-content\/uploads\/2024\/02\/atolladero-300x200.jpg 300w, https:\/\/patriaproductiva.net\/blog\/wp-content\/uploads\/2024\/02\/atolladero-768x512.jpg 768w, https:\/\/patriaproductiva.net\/blog\/wp-content\/uploads\/2024\/02\/atolladero-600x400.jpg 600w, https:\/\/patriaproductiva.net\/blog\/wp-content\/uploads\/2024\/02\/atolladero.jpg 1380w\" sizes=\"(max-width: 1024px) 100vw, 1024px\" \/><button\n\t\t\tclass=\"lightbox-trigger\"\n\t\t\ttype=\"button\"\n\t\t\taria-haspopup=\"dialog\"\n\t\t\tdata-wp-bind--aria-label=\"state.thisImage.triggerButtonAriaLabel\"\n\t\t\tdata-wp-init=\"callbacks.initTriggerButton\"\n\t\t\tdata-wp-on--click=\"actions.showLightbox\"\n\t\t\tdata-wp-style--right=\"state.thisImage.buttonRight\"\n\t\t\tdata-wp-style--top=\"state.thisImage.buttonTop\"\n\t\t>\n\t\t\t<svg xmlns=\"http:\/\/www.w3.org\/2000\/svg\" width=\"12\" height=\"12\" fill=\"none\" viewBox=\"0 0 12 12\">\n\t\t\t\t<path fill=\"#fff\" d=\"M2 0a2 2 0 0 0-2 2v2h1.5V2a.5.5 0 0 1 .5-.5h2V0H2Zm2 10.5H2a.5.5 0 0 1-.5-.5V8H0v2a2 2 0 0 0 2 2h2v-1.5ZM8 12v-1.5h2a.5.5 0 0 0 .5-.5V8H12v2a2 2 0 0 1-2 2H8Zm2-12a2 2 0 0 1 2 2v2h-1.5V2a.5.5 0 0 0-.5-.5H8V0h2Z\" \/>\n\t\t\t<\/svg>\n\t\t<\/button><\/figure>\n\n\n\n<p class=\"wp-block-paragraph\"><\/p>\n\n\n\n<p class=\"wp-block-paragraph\">El anarco-capitalismo que Milei pretende imponer al conjunto de nuestra sociedad con motosierra en mano se fundamenta en dos premisas: la primera es que cada individuo, en base a sus propios m\u00e9ritos, es el \u00fanico responsable de su destino; la segunda es que el bien com\u00fan no existe y que por tanto el Estado no debe intervenir ni arbitrar en las relaciones sociales y mucho menos en las econ\u00f3micas.<\/p>\n\n\n\n<p class=\"wp-block-paragraph\">En el <a href=\"https:\/\/www.elcohetealaluna.com\/la-gran-mentira\/\">an\u00e1lisis reciente del mantra \u201cno hay plata<\/a>\u201d con el que Milei justifica sus actos se concluye que la finalidad m\u00e1s importante \u2013aunque no la \u00fanica\u2013 de esa gran mentira es la pretensi\u00f3n de eliminar la funci\u00f3n fundamental del Estado Nacional como \u00e1rbitro final de las relaciones sociales en nuestra patria, dejando as\u00ed la soberan\u00eda nacional en manos de las grandes empresas y fondos de inversi\u00f3n. Ni m\u00e1s ni menos.<\/p>\n\n\n\n<p class=\"wp-block-paragraph\">A la luz de lo actuado en sus primeras semanas de gobierno, interesa analizar las consecuencias de esas premisas anarco-capitalistas, en especial qui\u00e9nes son beneficiados con los \u201cavances de la libertad\u201d y qui\u00e9nes est\u00e1n viendo retroceder su propia libertad, as\u00ed como las falsedades econ\u00f3micas con que se justifican las medidas gubernamentales, y esbozar algunas posibles salidas del atolladero hacia un mejor futuro.<\/p>\n\n\n\n<h3 class=\"wp-block-heading\">\u00bfPara qui\u00e9nes avanza la libertad?<\/h3>\n\n\n\n<p class=\"wp-block-paragraph\">Est\u00e1 a la vista de todos c\u00f3mo la inflaci\u00f3n provocada por una extraordinaria e innecesaria devaluaci\u00f3n del 114,6% est\u00e1 mejorando los beneficios de las grandes empresas, en especial las que detentan un car\u00e1cter monop\u00f3lico u oligop\u00f3lico en los mercados de alimentos y art\u00edculos de primera necesidad, as\u00ed como las que proveen servicios fundamentales de salud, comunicaciones y transporte.<\/p>\n\n\n\n<p class=\"wp-block-paragraph\">La reciente <a href=\"https:\/\/www.ambito.com\/economia\/la-secretaria-comercio-deroga-60-resoluciones-y-disposiciones-cuales-son-una-una-n5932216\">derogaci\u00f3n de 60 resoluciones y disposiciones<\/a> de la Secretar\u00eda de Comercio dependiente de <em>Toto<\/em> Caputo desmienten cualquier posible falta de intencionalidad o efectos colaterales indeseados de las pol\u00edticas impuestas por el gobierno de Milei.<\/p>\n\n\n\n<p class=\"wp-block-paragraph\">En s\u00edntesis, estas medidas eliminan mecanismos de defensa de la competencia y, con la finalidad expl\u00edcita de \u201cprofundizar la libertad de mercados\u201d, eliminan todas las regulaciones de precios y la necesidad de informar al gobierno y a los consumidores sus variaciones, el costo de servicios, incluidos los correspondientes a tarjetas de cr\u00e9dito, tasas de inter\u00e9s, seguros, servicios de comunicaci\u00f3n, salud y de educaci\u00f3n, as\u00ed como las obligaciones de diversificar la oferta de productos en las g\u00f3ndolas. Entre otras, tambi\u00e9n se elimina el r\u00e9gimen de Precios Cuidados, los precios m\u00e1ximos para productos de la canasta b\u00e1sica y los mecanismos de contralor estatal sobre las sociedades an\u00f3nimas.<\/p>\n\n\n\n<p class=\"wp-block-paragraph\">La liberaci\u00f3n a las empresas para que procedan a su antojo no es todo, ya que est\u00e1 complementada con el desarme del Estado Nacional y la entrega de nuestra soberan\u00eda que proponen el DNU y la ley \u00f3mnibus, que se encuentran bajo examen de la Justicia y en tratamiento por el Congreso Nacional.<\/p>\n\n\n\n<p class=\"wp-block-paragraph\">Con lo expuesto es suficiente para demostrar que la libertad s\u00f3lo avanza para los cuatro vivos de siempre.<\/p>\n\n\n\n<h3 class=\"wp-block-heading\">\u00bfQui\u00e9nes nos estamos quedando sin libertad?<\/h3>\n\n\n\n<p class=\"wp-block-paragraph\">Los aumentos en los precios de los bienes de consumo masivo, acompa\u00f1ados con la ca\u00edda del poder adquisitivo del salario y de las jubilaciones, determinan qui\u00e9nes somos la gran mayor\u00eda de los que estamos viendo reducida nuestra libertad. Mayor\u00eda que se ve incrementada con el n\u00famero cada vez mayor de los que se est\u00e1n quedando sin empleo, situaci\u00f3n que lleva a su m\u00e1ximo extremo la privaci\u00f3n de la libertad.<\/p>\n\n\n\n<p class=\"wp-block-paragraph\">Seg\u00fan estimaciones, las <a href=\"https:\/\/www.clarin.com\/economia\/drastica-caida-consumo-masivo-pone-freno-escalada-precios_0_WDvWqSWhD3.html\">ca\u00eddas del consumo de los bienes de primera necesidad<\/a> en los supermercados para la primera quincena de enero fueron del 12%, mientras que el consumo de combustibles en las bocas de expendio se redujo en un 20%. Los electrodom\u00e9sticos vieron caer sus ventas a niveles mucho mayores, en el orden del 40% o m\u00e1s.<\/p>\n\n\n\n<p class=\"wp-block-paragraph\">En contraste, en 2023 el consumo masivo termin\u00f3 con un resultado positivo: <a href=\"https:\/\/www.clarin.com\/economia\/consumo-masivo-finalizo-2023-alza-ano-pronosticos-negativos_0_sWDJXfeNAg.html\">las ventas de supermercados y autoservicios promediaron una mejora del 2,4% interanual<\/a>.<\/p>\n\n\n\n<p class=\"wp-block-paragraph\">Estas ca\u00eddas en el consumo determinan otro integrante del universo de los afectados con una p\u00e9rdida de su libertad: las empresas que destinan su producci\u00f3n al mercado dom\u00e9stico sin contar con el salvavida de las exportaciones, en especial las PyMEs y las cooperativas que por este motivo ven amenazada su supervivencia, en especial cuando sus costos productivos dependen en gran medida de insumos difundidos producidos por monopolios u oligopolios que s\u00ed cuentan con el salvavida de las exportaciones y que, tomando en cuenta que la escasez de divisas impiden abrir las importaciones de sus productos, no trepidan en establecer para el mercado dom\u00e9stico precios muy superiores a los internacionales. Algunas estimaciones eval\u00faan esos sobreprecios en un promedio del 40%.<\/p>\n\n\n\n<p class=\"wp-block-paragraph\">Este panorama llev\u00f3 Axel Kicillof a catalogar la actual pol\u00edtica gubernamental como un liso y llano industricidio, tal como lo puso de manifiesto en un reciente <a href=\"https:\/\/www.gba.gob.ar\/comunicacion_publica\/gacetillas\/kicillof_recibi%C3%B3_representantes_de_c%C3%A1maras_y_agrupaciones\">encuentro con un centenar de representantes de organizaciones y c\u00e1maras de PyME<\/a>s.<\/p>\n\n\n\n<h3 class=\"wp-block-heading\">Las falsedades econ\u00f3micas que nos quieren vender<\/h3>\n\n\n\n<p class=\"wp-block-paragraph\">El gobierno de Milei y sus c\u00f3mplices del PRO, con Caputo en la cabeza de la econom\u00eda nacional, pretenden vendernos dos falsedades: la primera, que la recesi\u00f3n conducir\u00e1 a una reducci\u00f3n de la inflaci\u00f3n; la segunda, que el ajuste econ\u00f3mico es la \u00fanica posibilidad de eliminar el d\u00e9ficit fiscal, en tanto exclusivo responsable de la inflaci\u00f3n.<\/p>\n\n\n\n<p class=\"wp-block-paragraph\">La teor\u00eda cl\u00e1sica establece que, en condiciones de mercado libre y su autorregulaci\u00f3n, cualquier <a href=\"https:\/\/www.pagina12.com.ar\/708094-milei-y-el-libre-mercado-mas-loco-del-mundo\">reducci\u00f3n de la demanda tiene su correlato en una baja de los precios<\/a>; esa ley lisa y llanamente no funciona en nuestro caso: las ca\u00eddas de las ventas que se vienen verificando est\u00e1n siendo acompa\u00f1ada por niveles inflacionarios del 25% en diciembre y un 25% en enero, aunque el gobierno no duda en calificar que una inflaci\u00f3n del 20% ser\u00eda un \u00e9xito rotundo.<\/p>\n\n\n\n<p class=\"wp-block-paragraph\">La Argentina se ha transformado en un pa\u00eds caro, inclusive en comparaci\u00f3n con precios europeos o estadounidenses, mientras que el nivel de los salarios se encuentra entre los m\u00e1s bajos de la regi\u00f3n. Prueba de ello es la cuasi desaparici\u00f3n del comercio transfronterizo que se verificaba cuando nuestros precios dom\u00e9sticos resultaban inferiores a los que reg\u00edan en esos pa\u00edses, aun cuando sus alternativas de abastecimiento eran la importaci\u00f3n de extra-zona.<\/p>\n\n\n\n<p class=\"wp-block-paragraph\">Sin embargo, todo tiene su l\u00f3gica. Entre las posibles explicaciones a esta irregularidad se encuentra la opci\u00f3n de muchas empresas de exportar todo lo que no se consume localmente, el salvavidas exportador; otra explicaci\u00f3n es la opci\u00f3n de muchas empresas de lograr el mismo nivel de beneficios con menor volumen productivo y menores niveles de empleo.<\/p>\n\n\n\n<p class=\"wp-block-paragraph\">Cualquiera sea la explicaci\u00f3n, la expectativa de Milei de reducir la inflaci\u00f3n por v\u00eda recesiva no se verifica en la realidad. Y no s\u00f3lo eso: sus expectativas de mantener el apoyo popular al ajuste vienen demostrando patas muy cortas. Lo demuestra el mill\u00f3n de argentinos que se hizo presente en las calles el 24 de enero a lo largo y a lo ancho del pa\u00eds.<\/p>\n\n\n\n<p class=\"wp-block-paragraph\">La segunda falsedad es que no existe plan B, que sin otra alternativa posible la eliminaci\u00f3n del d\u00e9ficit fiscal s\u00f3lo puede lograrse por medio del ajuste de los gastos gubernamentales, aun a costa de reducir o eliminar las funciones esenciales del propio Estado.<\/p>\n\n\n\n<p class=\"wp-block-paragraph\">La negativa a considerar la&nbsp; mejora de los ingresos por v\u00eda de una reducci\u00f3n de la enorme informalidad que hist\u00f3ricamente demuestra nuestro pa\u00eds confirma el hecho de que nos encontramos en un gobierno de los ricos, que en su incapacidad de ver m\u00e1s all\u00e1 de sus narices, s\u00f3lo piensa en sus propios y exclusivos intereses.<\/p>\n\n\n\n<p class=\"wp-block-paragraph\">Si bien los grandes promedios ocultan la situaci\u00f3n de los m\u00e1s d\u00e9biles, parece interesante mostrar los cambios en las perspectivas econ\u00f3micas que el FMI estim\u00f3 para nuestro pa\u00eds en sus informes de octubre 2023 y de enero 2024: pasamos de una proyecci\u00f3n de crecimiento anual del 2,8% en octubre pasado a una proyecci\u00f3n de decrecimiento econ\u00f3mico anual de -2,8% en este mes de enero. La brutal ca\u00edda del 5,6% s\u00f3lo puede atribuirse a las pol\u00edticas implementadas por el actual gobierno.<\/p>\n\n\n\n<p class=\"wp-block-paragraph\">La obcecaci\u00f3n de Milei y sus ministros en su negativa a dejar la motosierra de lado y explorar otros caminos que le permitan generar consensos y dotar de gobernabilidad a su propia gesti\u00f3n hacen pensar en la posibilidad de que su gobierno no llegue a buen t\u00e9rmino.<\/p>\n\n\n\n<h3 class=\"wp-block-heading\">Hacia un mejor futuro<\/h3>\n\n\n\n<p class=\"wp-block-paragraph\">El camino hacia el futuro se compone de una gran cantidad de pasos sucesivos, muchos de los cuales no pueden saltearse. Posiblemente el primer e ineludible paso sea hacer carne propia el hecho de que Milei no nos gan\u00f3 las elecciones: nosotros las perdimos; en segundo lugar, tenemos que <a href=\"https:\/\/www.elcohetealaluna.com\/como-y-por-que-se-fracaso\/\">entender en profundidad las razones de nuestro fracaso<\/a>, que no estriban en lo mucho que nuestro gobierno hizo bien, sino en lo poco que hizo mal y muy especialmente en lo que no hizo, incumpliendo el contrato electoral de comenzar por los que menos tienen.<\/p>\n\n\n\n<p class=\"wp-block-paragraph\">Un tercer paso ineludible es el mantenimiento de nuestra unidad y, a partir de la misma, proceder a la necesaria <a href=\"https:\/\/www.elcohetealaluna.com\/la-actualizacion-del-peronismo\/\">actualizaci\u00f3n de nuestra doctrina<\/a>, seg\u00fan los tiempos que corren pero manteniendo vigentes nuestras banderas hist\u00f3ricas de justicia social, libertad econ\u00f3mica y soberan\u00eda pol\u00edtica, con Memoria, Verdad y Justicia; y a partir de esa actualizaci\u00f3n reconstruir de abajo hacia arriba los liderazgos perdidos.<\/p>\n\n\n\n<p class=\"wp-block-paragraph\">Esa reconstrucci\u00f3n tendremos que llevarla a cabo mediante la elaboraci\u00f3n de propuestas para recuperar la credibilidad perdida, su debate y la <a href=\"https:\/\/www.elcohetealaluna.com\/dialogo-y-concertacion\/\">generaci\u00f3n de consensos sobre a d\u00f3nde y c\u00f3mo queremos y propondremos llegar<\/a> al conjunto de nuestros compatriotas.<\/p>\n\n\n\n<p class=\"wp-block-paragraph\">Para que esto no quede en un conjunto de buenas intenciones, agrego un punteo de algunas propuestas que entiendo tendremos que trabajar y consensuar:<\/p>\n\n\n\n<ul class=\"wp-block-list\">\n<li>Eliminar el d\u00e9ficit fiscal. Para lograrlo es posible combinar una firme reducci\u00f3n de la informalidad econ\u00f3mica, <a href=\"https:\/\/www.elcohetealaluna.com\/la-salida-del-laberinto-argentino\/\">haciendo que el d\u00e9ficit lo paguen principalmente quienes tienen la obligaci\u00f3n y la capacidad de pagarlo<\/a>, junto con la reducci\u00f3n de algunos gastos innecesarios; creo que al respecto est\u00e1 demostrada la existencia de un consenso social de esa necesidad.<\/li>\n\n\n\n<li>Terminar de una vez y para siempre con el yugo que nos impone el endeudamiento externo y que limita el real ejercicio de nuestra soberan\u00eda. En condiciones m\u00e1s dif\u00edciles que las actuales, <a href=\"https:\/\/www.youtube.com\/watch?v=aEiKsZz59NE\">N\u00e9stor Kirchner demostr\u00f3 que es posible liberarnos de los condicionamientos del FMI<\/a>.<\/li>\n\n\n\n<li>Establecer pol\u00edticas de desarrollo productivo y de desarrollo cient\u00edfico y tecnol\u00f3gico que privilegien el agregado de valor, la industrializaci\u00f3n de nuestros recursos naturales y la generaci\u00f3n de empleos de calidad en una fuerte alianza estrat\u00e9gica con las PyMEs, las cooperativas, los actores de la econom\u00eda popular y los trabajadores. La convocatoria a un congreso de la Producci\u00f3n y el Trabajo puede ser un punto de partida importante para lograr esa definici\u00f3n.<\/li>\n\n\n\n<li>Dar batalla a la inflaci\u00f3n, en especial la que afecta al <a href=\"https:\/\/www.elcohetealaluna.com\/la-batalla-madre\/\">precio de los alimentos y productos de primera necesidad<\/a>; la alianza estrat\u00e9gica arriba se\u00f1alada tiene que ser parte fundamental de ese combate.<\/li>\n\n\n\n<li>Desarrollar pol\u00edticas culturales que impulsen la creaci\u00f3n art\u00edstica y las industrias del cine, el teatro, la m\u00fasica y las editoriales.<\/li>\n<\/ul>\n\n\n\n<p class=\"wp-block-paragraph\">Concluyo con mi deseo de que estas y otras propuestas sirvan para construir un futuro acorde con las potencialidades de nuestro pa\u00eds, uno de los m\u00e1s ricos del mundo, tanto por la disponibilidad de inmensos recursos naturales en materia agroforestal y pesquera como de sus recursos hidro-carbur\u00edferos, energ\u00e9ticos y minerales, el litio incluido, la disponibilidad de agua dulce, la diversidad de climas y fundamentalmente por las capacidades de nuestra gente, su nivel educativo, y por la riqueza y diversidad de la cultura que hemos sido capaces de construir.<\/p>\n\n\n\n<h6 class=\"wp-block-heading\"><strong>* Como siempre, mucho agradecer\u00e9 cualquier comentario o aporte que hagan llegar a mi correo <a href=\"mailto:patriaproductiva@gmail.com\">patriaproductiva@gmail.com<\/a><\/strong><\/h6>\n","protected":false},"excerpt":{"rendered":"<p>La libertad avanza para los cuatro vivos de siempre y retrocede para casi todos El anarco-capitalismo que Milei pretende imponer&#46;&#46;&#46;<\/p>\n","protected":false},"author":1,"featured_media":904,"comment_status":"open","ping_status":"open","sticky":false,"template":"","format":"standard","meta":{"footnotes":""},"categories":[8,39,96,44,67,38],"tags":[74,93,94,45,48],"class_list":["post-903","post","type-post","status-publish","format-standard","has-post-thumbnail","hentry","category-agroindustria","category-aparato-productivo","category-medio-ambiente","category-produccion","category-soberania-y-desarrollo","category-sociedad-y-politica","tag-desarrollo-productivo","tag-inflacion","tag-pobreza","tag-pymes","tag-sustentabilidad"],"_links":{"self":[{"href":"https:\/\/patriaproductiva.net\/blog\/wp-json\/wp\/v2\/posts\/903","targetHints":{"allow":["GET"]}}],"collection":[{"href":"https:\/\/patriaproductiva.net\/blog\/wp-json\/wp\/v2\/posts"}],"about":[{"href":"https:\/\/patriaproductiva.net\/blog\/wp-json\/wp\/v2\/types\/post"}],"author":[{"embeddable":true,"href":"https:\/\/patriaproductiva.net\/blog\/wp-json\/wp\/v2\/users\/1"}],"replies":[{"embeddable":true,"href":"https:\/\/patriaproductiva.net\/blog\/wp-json\/wp\/v2\/comments?post=903"}],"version-history":[{"count":2,"href":"https:\/\/patriaproductiva.net\/blog\/wp-json\/wp\/v2\/posts\/903\/revisions"}],"predecessor-version":[{"id":907,"href":"https:\/\/patriaproductiva.net\/blog\/wp-json\/wp\/v2\/posts\/903\/revisions\/907"}],"wp:featuredmedia":[{"embeddable":true,"href":"https:\/\/patriaproductiva.net\/blog\/wp-json\/wp\/v2\/media\/904"}],"wp:attachment":[{"href":"https:\/\/patriaproductiva.net\/blog\/wp-json\/wp\/v2\/media?parent=903"}],"wp:term":[{"taxonomy":"category","embeddable":true,"href":"https:\/\/patriaproductiva.net\/blog\/wp-json\/wp\/v2\/categories?post=903"},{"taxonomy":"post_tag","embeddable":true,"href":"https:\/\/patriaproductiva.net\/blog\/wp-json\/wp\/v2\/tags?post=903"}],"curies":[{"name":"wp","href":"https:\/\/api.w.org\/{rel}","templated":true}]}}