{"id":931,"date":"2025-06-20T20:03:42","date_gmt":"2025-06-20T23:03:42","guid":{"rendered":"https:\/\/patriaproductiva.net\/blog\/?p=931"},"modified":"2025-06-20T20:10:58","modified_gmt":"2025-06-20T23:10:58","slug":"las-fake-news-y-las-fake-news","status":"publish","type":"post","link":"https:\/\/patriaproductiva.net\/blog\/las-fake-news-y-las-fake-news\/","title":{"rendered":"Las fake news y las \u00a1FAKE NEWS!"},"content":{"rendered":"\n<p class=\"wp-block-paragraph\"><em>\u201cNo se puede discutir con Ud. porque es kirchnerista\u201d<\/em><\/p>\n\n\n<div class=\"wp-block-image\">\n<figure class=\"aligncenter size-full\"><img fetchpriority=\"high\" decoding=\"async\" width=\"327\" height=\"491\" src=\"https:\/\/patriaproductiva.net\/blog\/wp-content\/uploads\/2025\/06\/Pensamiento-hegemonico-imagen.png\" alt=\"\" class=\"wp-image-932\" srcset=\"https:\/\/patriaproductiva.net\/blog\/wp-content\/uploads\/2025\/06\/Pensamiento-hegemonico-imagen.png 327w, https:\/\/patriaproductiva.net\/blog\/wp-content\/uploads\/2025\/06\/Pensamiento-hegemonico-imagen-200x300.png 200w\" sizes=\"(max-width: 327px) 100vw, 327px\" \/><figcaption class=\"wp-element-caption\"><strong>Epigrafe de foto: \u00a8Pensamiento hegem\u00f3nico. Collage anal\u00f3gico. Diana Guillen. 2024. Intervenido con IA.<\/strong><\/figcaption><\/figure>\n<\/div>\n\n\n<p class=\"wp-block-paragraph\">Siguiendo a Calvo y Aruguete<a href=\"#_ftn1\" id=\"_ftnref1\">[1]<\/a>: \u201c\u2026<em>Cuando un troll ejerce un acto de violencia comunicacional, el objetivo no es que se entienda el contenido literal del mensaje, sino que se produzca un acto perlocucionario<a href=\"#_ftn2\" id=\"_ftnref2\"><strong>[2]<\/strong><\/a> que expulse al que lo recibe de la red social. El objetivo de un troll es callar a su oponente y evitar que el mensaje del otro siga circulando\u2026\u201d<\/em><\/p>\n\n\n\n<p class=\"wp-block-paragraph\">En general, tenemos claro qu\u00e9 es una fake news. Aquella noticia falsa que rebota en las redes, que los usuarios de estas creen posible, y que, cuando se desvela la mentira, el da\u00f1o est\u00e1 hecho. Nunca la desmentida tendr\u00e1 la penetraci\u00f3n que ha tenido la fake news. Y as\u00ed se trabaja sobre el intelecto y la comprensi\u00f3n de un grupo de personas que acceden a las redes sin pensamiento cr\u00edtico.<\/p>\n\n\n\n<blockquote class=\"wp-block-quote is-layout-flow wp-block-quote-is-layout-flow\">\n<p class=\"wp-block-paragraph\"><em><strong>Lo que durante a\u00f1os fue el \u201checho maldito del pa\u00eds burgu\u00e9s\u201d no le da miedo a los factores de poder por mostrarse domesticado. Y con esa fina inteligencia que tienen han identificado al kirchnerismo como el sector que encarna en la actualidad esos mismos valores, tanta a\u00f1os odiados y combatidos.<\/strong><\/em><\/p>\n<\/blockquote>\n\n\n\n<p class=\"wp-block-paragraph\">Pero \u00bftenemos tan en claro la misma situaci\u00f3n con respecto a los \u201cperiodistas\u201d falsificators de los programas de informaci\u00f3n? Cuando los Luisitos hablan con un ciudadano de la calle que no responde a su criterio pol\u00edtico (empresarial por cierto y no informativo) simplemente descalifican su opini\u00f3n diciendo: \u2018as\u00ed no se puede discutir con Ud. porque es kirchnerista\u201d.<\/p>\n\n\n\n<p class=\"wp-block-paragraph\">Y de esa forma se va metiendo en la conciencia de la gente que los mira sin pensar, ni razonar, que aquella persona o aquella acci\u00f3n que no est\u00e1 de acuerdo con el \u201csentido com\u00fan\u201d impuesto por los medios de comunicaci\u00f3n seg\u00fan los lineamientos de los factores de poder es algo malo para ellos o sea es \u201ckirchnerista\u201d.<\/p>\n\n\n\n<p class=\"wp-block-paragraph\">\u00bfCu\u00e1ndo el mote de \u201cperonista\u201d, que durante a\u00f1os fue utilizado de la misma forma, dej\u00f3 de ser \u201cmalo\u201d y fue reemplazado por el mote kirchnerista? A criterio de quien escribe esto ocurri\u00f3 cuando el peronismo abandon\u00f3 las pol\u00edticas a favor de las mayor\u00edas, se llen\u00f3 de arribistas en sus listas eleccionarias que buscaron, y buscan, el inter\u00e9s propio y por lo tanto espurio, en vez de pensar en el favorecimiento a los vulnerables, el crecimiento de la naci\u00f3n con inclusi\u00f3n, la justicia social y la independencia econ\u00f3mica.<\/p>\n\n\n\n<p class=\"wp-block-paragraph\">Lo que durante a\u00f1os fue el \u201checho maldito del pa\u00eds burgu\u00e9s\u201d no le da miedo a los factores de poder por mostrarse domesticado. Y con esa fina inteligencia que tienen han identificado al kirchnerismo como el sector que encarna en la actualidad esos mismos valores, tanta a\u00f1os odiados y combatidos.<\/p>\n\n\n\n<p class=\"wp-block-paragraph\">Por eso hay fake news y FAKE NEWS. Estas \u00faltimas son aquellas que recorren las mentes domadas, vaciadas, y que en un programa de entretenimiento de la tarde en alg\u00fan medio televisivo dicen. \u201cBueno, esto es malo, pero, sino que hay, kirchnerismo\u201d y as\u00ed van envenenando las mentes de aquellos que terminan votando contra sus propios intereses y piensan que es inevitable, porque lo importante es evitar que vuelva esa pol\u00edtica que los ayud\u00f3, les dio mejor calidad de vida y les devolvi\u00f3 derechos.<\/p>\n\n\n\n<hr class=\"wp-block-separator has-alpha-channel-opacity\"\/>\n\n\n\n<p class=\"wp-block-paragraph\"><a href=\"#_ftnref1\" id=\"_ftn1\">[1]<\/a> E.Calvo y N. Araguete. Fake newa, trolls y otros encantos. Siglo XXI. 2* reimpresi\u00f3n. Pag, 42. CABA. 2021<\/p>\n\n\n\n<p class=\"wp-block-paragraph\"><a href=\"#_ftnref2\" id=\"_ftn2\">[2]<\/a> \u201cperlocucionario\u201d= \u201clo que el mensaje quiere hacer o producir\u201d.<\/p>\n\n\n\n<p class=\"wp-block-paragraph\"><\/p>\n","protected":false},"excerpt":{"rendered":"<p>\u201cNo se puede discutir con Ud. porque es kirchnerista\u201d Siguiendo a Calvo y Aruguete[1]: \u201c\u2026Cuando un troll ejerce un acto&#46;&#46;&#46;<\/p>\n","protected":false},"author":1,"featured_media":935,"comment_status":"open","ping_status":"open","sticky":false,"template":"","format":"standard","meta":{"footnotes":""},"categories":[38],"tags":[116],"class_list":["post-931","post","type-post","status-publish","format-standard","has-post-thumbnail","hentry","category-sociedad-y-politica","tag-fake-news"],"_links":{"self":[{"href":"https:\/\/patriaproductiva.net\/blog\/wp-json\/wp\/v2\/posts\/931","targetHints":{"allow":["GET"]}}],"collection":[{"href":"https:\/\/patriaproductiva.net\/blog\/wp-json\/wp\/v2\/posts"}],"about":[{"href":"https:\/\/patriaproductiva.net\/blog\/wp-json\/wp\/v2\/types\/post"}],"author":[{"embeddable":true,"href":"https:\/\/patriaproductiva.net\/blog\/wp-json\/wp\/v2\/users\/1"}],"replies":[{"embeddable":true,"href":"https:\/\/patriaproductiva.net\/blog\/wp-json\/wp\/v2\/comments?post=931"}],"version-history":[{"count":2,"href":"https:\/\/patriaproductiva.net\/blog\/wp-json\/wp\/v2\/posts\/931\/revisions"}],"predecessor-version":[{"id":934,"href":"https:\/\/patriaproductiva.net\/blog\/wp-json\/wp\/v2\/posts\/931\/revisions\/934"}],"wp:featuredmedia":[{"embeddable":true,"href":"https:\/\/patriaproductiva.net\/blog\/wp-json\/wp\/v2\/media\/935"}],"wp:attachment":[{"href":"https:\/\/patriaproductiva.net\/blog\/wp-json\/wp\/v2\/media?parent=931"}],"wp:term":[{"taxonomy":"category","embeddable":true,"href":"https:\/\/patriaproductiva.net\/blog\/wp-json\/wp\/v2\/categories?post=931"},{"taxonomy":"post_tag","embeddable":true,"href":"https:\/\/patriaproductiva.net\/blog\/wp-json\/wp\/v2\/tags?post=931"}],"curies":[{"name":"wp","href":"https:\/\/api.w.org\/{rel}","templated":true}]}}